{"id":7367,"date":"2021-09-22T13:50:46","date_gmt":"2021-09-22T13:50:46","guid":{"rendered":"https:\/\/haiti-observateur.news\/?p=7367"},"modified":"2021-09-22T13:50:46","modified_gmt":"2021-09-22T13:50:46","slug":"liban-un-passeport-diplomatique-allogene-par-dan-albertini","status":"publish","type":"post","link":"https:\/\/haiti-observateur.news\/?p=7367","title":{"rendered":"LIBAN UN PASSEPORT DIPLOMATIQUE ALLOG\u00c8NE par Dan Albertini"},"content":{"rendered":"<p style=\"text-align: left;\"><span style=\"color: #000000;\"><strong>DIPLOMATIE INTERNATIONALE &amp; SOCI\u00c9T\u00c9<\/strong><\/span><\/p>\n<ul style=\"text-align: left;\">\n<li><span style=\"color: #000000;\"><strong>LIBAN UN PASSEPORT DIPLOMATIQUE ALLOG\u00c8NE<\/strong><\/span><\/li>\n<li><span style=\"color: #000000;\"><strong><em>ou Mikati, Tarek Daher R\u00e9vise \u00e0 la Hausse ses Critiques <\/em><\/strong><em>par Dan Albertini<\/em><\/span><\/li>\n<li><span style=\"color: #000000;\"><em>Entre (), Justin Trudeau est \u00e9lu pour la 3<sup>e<\/sup> fois PM du Canada, ceci malgr\u00e9 l\u2019infamie politique de Fran\u00e7ois Legault. Quidam dit qu\u2019il a perdu la confiance du peuple\u00a0: lequel\u00a0? Fermons-les ().<\/em><\/span><\/li>\n<\/ul>\n<p style=\"text-align: left;\"><span style=\"color: #000000;\">Au moment de publier le texte intitul\u00e9\u00a0: <a style=\"color: #000000;\" href=\"http:\/\/internationaldiplomat.ca\/international\/haiti\/najib-azmi-mikati-assume-la-primature-a-beyrouth-par-dan-albertini\/\">Najib Azmi Mikati assume la primature \u00e0 Beyrouth<\/a>, le 17 septembre en cours, l\u2019invitation avait d\u00e9j\u00e0 \u00e9t\u00e9 envoy\u00e9e \u00e0 Tarek Daher. J\u2019ai en outre attendu \u00e0 la derni\u00e8re minute en comprenant que, toute r\u00e9ponse lui imposerait un certain recul. <em>C\u2018est fait<\/em>\u00a0!<\/span><\/p>\n<blockquote>\n<p style=\"text-align: left;\"><span style=\"color: #000000;\">Voici la dynamique de l\u2019invitation, avec sa r\u00e9ponse tellement \u00e9difiante, sans commentaire\u00a0:<\/span><\/p>\n<\/blockquote>\n<p style=\"text-align: left;\"><span style=\"color: #000000;\">Salutations proche-orientales depuis Montr\u00e9al apr\u00e8s l&rsquo;assermentation d&rsquo;un gouvernement libanais, le 10 du mois en cours, en l&rsquo;occurrence avec le premier ministre Najib Azmi Mikati.<\/span><\/p>\n<p style=\"text-align: left;\"><span style=\"color: #000000;\">Tarek, d&rsquo;une part <u>vous aviez cru<\/u>\u00a0Sayyed Hassan Nasrallah, <u>le plus capable pour un Liban gagnant<\/u> tout <u>en \u00e9mettant<\/u>\u00a0des r\u00e9serves, car la situation\u00a0est d\u00e9licate pour tout homme politique qui deviendrait responsable et imputable des actes de son gouvernement. Et, d&rsquo;autre part, le nouveau PM et chef de gouvernement,\u00a0Najib Azmi Mikati, est un ancien asserment\u00e9 qui n&rsquo;a pas r\u00e9ussi peut-on dire dans les circonstances, un homme r\u00e9put\u00e9 le plus riche du Liban d&rsquo;apr\u00e8s certaines sources officielles,\u00a0mais aussi, d&rsquo;une fortune douteuse et accus\u00e9e de corruption.<\/span><\/p>\n<blockquote>\n<p style=\"text-align: left;\"><span style=\"color: #000000;\"><strong>Comment accueillez-vous ce nouveau premier ministre d&rsquo;abord ?<\/strong><\/span><\/p>\n<p style=\"text-align: left;\"><span style=\"color: #000000;\"><strong>Et, le gouvernement install\u00e9 finalement, apr\u00e8s plus d&rsquo;un an de n\u00e9gociations et d&rsquo;\u00e9chec ?<\/strong><\/span><\/p>\n<p style=\"text-align: left;\"><span style=\"color: #000000;\"><strong>C&rsquo;est un fait maintenant, en outre, \u00e0 quel signe d&rsquo;apr\u00e8s vous, pourrait-on consid\u00e9rer une r\u00e9ussite ou un \u00e9chec ?<\/strong><\/span><\/p>\n<p style=\"text-align: left;\"><span style=\"color: #000000;\"><u>Si \u00e9chec : quels sont les signes pr\u00e9visibles<\/u> ?<\/span><\/p>\n<p style=\"text-align: left;\"><span style=\"color: #000000;\"><u>Si r\u00e9ussite : quels sont les signes pr\u00e9visibles<\/u> ?<\/span><\/p>\n<p style=\"text-align: left;\"><span style=\"color: #000000;\"><em>Tout commentaire compl\u00e9mentaire est aussi bienvenu\u00a0de votre part.<\/em><\/span><\/p>\n<\/blockquote>\n<p style=\"text-align: left;\"><span style=\"color: #000000;\"><strong>Daniel Bonjour<\/strong><\/span><\/p>\n<p style=\"text-align: left;\"><span style=\"color: #000000;\"><em>Je vais essayer de donner un avis humblement sur les questions que vous avez pos\u00e9es.<\/em><\/span><\/p>\n<p style=\"text-align: left;\"><span style=\"color: #000000;\">Comme je vous l\u2019ai dit pr\u00e9c\u00e9demment, et cela s\u2019est confirm\u00e9, aucun gouvernement ne peut \u00eatre form\u00e9, sans avoir au pr\u00e9alable re\u00e7u le feu vert de l\u2019ext\u00e9rieur. Les d\u00e9cisions sont donn\u00e9es aux diff\u00e9rents acteurs politiques de ce pays et ils les ex\u00e9cutent sans questionnement.<\/span><\/p>\n<p style=\"text-align: left;\"><span style=\"color: #000000;\">L\u2019actuel gouvernement \u00e0 mon avis n\u2019a pu \u00eatre form\u00e9, que suite au discours du secr\u00e9taire g\u00e9n\u00e9ral du Hizbollah o\u00f9 il a annonc\u00e9 importer le mazout et l\u2019essence d\u2019Iran ce qui a pouss\u00e9 les acteurs ext\u00e9rieurs \u00e0 donner leur feu vert pour un gouvernement. Par force ext\u00e9rieure je parle des pays suivants\u00a0: <strong>\u00c9tats-Unis\u00a0; France\u00a0; Iran\u00a0; Arabie Saoudite\u00a0; Syrie<\/strong><\/span><\/p>\n<p style=\"text-align: left;\"><span style=\"color: #000000;\"><em>Ce discours a impact\u00e9 \u00e0 plus d\u2019un titre, et a d\u00e9bloqu\u00e9 une situation qui risquait de s\u2019\u00e9terniser.<\/em><\/span><\/p>\n<p style=\"text-align: left;\"><span style=\"color: #000000;\">Suite \u00e0 ce discours, un certain nombre de d\u00e9cisions furent prises qui vont \u00e0 contre-courant\u00a0:<\/span><\/p>\n<ul style=\"text-align: left;\">\n<li><span style=\"color: #000000;\">L\u2019ambassadrice am\u00e9ricaine a t\u00e9l\u00e9phon\u00e9 le matin suivant le discours, au pr\u00e9sident Michel Aoun, lui proposant d\u2019approvisionner en courant le Liban via la Jordanie. Le gaz devant \u00eatre approvisionn\u00e9 par l\u2019\u00c9gypte. Ce qu\u2019il ne faut pas oublier c\u2019est que la Syrie est sous le coup du \u00ab\u00a0Caesar Act\u00a0\u00bb qui interdit tout commerce ou toute relation avec le r\u00e9gime syrien. Du coup pour que cet apport en \u00e9lectricit\u00e9 se fasse, il faudrait que ce \u00ab\u00a0Caesar Act\u00a0\u00bb soit revu et remis en question. Chose qui apparemment s\u2019est faite, ils en ont fait une exception.<\/span><\/li>\n<li><span style=\"color: #000000;\">Pour confirmer qu\u2019il y a une exception, une d\u00e9l\u00e9gation libanaise s\u2019est dirig\u00e9e, dans les 2 jours suivants ce discours, pour discuter d\u2019une part des relations bilat\u00e9rales avec le r\u00e9gime syrien (chose qui ne s\u2019est pas faite ces 10 derni\u00e8res ann\u00e9es) et d\u2019autre part pour savoir la position du r\u00e9gime syrien pour le passage de l\u2019\u00e9lectricit\u00e9 en provenance de Jordanie vers le Liban. Pour ces deux questions, le r\u00e9gime syrien a donn\u00e9 une r\u00e9ponse favorable.<\/span><\/li>\n<li><span style=\"color: #000000;\">3 semaines suivant ce discours, et quelques jours avant que la premi\u00e8re cargaison de Mazout n\u2019arrive au port de Banias en Syrie, le gouvernement a vu le jour. On me dira que c\u2019est une co\u00efncidence, je r\u00e9pondrai par la n\u00e9gative. On voulait que l\u2019annonce d\u2019un gouvernement occulte la cargaison de Mazout<\/span><\/li>\n<li><span style=\"color: #000000;\">Suite \u00e0 ce discours, et suite aux d\u00e9clarations de l\u2019ambassadrice US, et suite \u00e0 la formation du gouvernement, la Livre libanaise a regagn\u00e9 de sa vigueur. Va-t-on savoir pourquoi\u00a0? Aucun signe \u00e9conomique tangible ne pourrait l\u2019expliquer. On lie la Livre au fait qu\u2019il y a un gouvernement. Pour moi, c\u2019est totalement hors de propos.<\/span><\/li>\n<\/ul>\n<p style=\"text-align: left;\"><span style=\"color: #000000;\"><strong>\u00a0<\/strong><strong>PS\u00a0<\/strong>: Pour information<\/span><\/p>\n<ol style=\"text-align: left;\">\n<li><span style=\"color: #000000;\">L\u2019\u00c9lectricit\u00e9 en provenance de Jordanie, ne pourra se faire avant une p\u00e9riode de 6 \u00e0 8 mois tout au moins si pas plus, car il y a un besoin urgent de r\u00e9habiliter le r\u00e9seau \u00e9lectrique de haute tension d\u2019une part en Syrie certains se trouvant peut-\u00eatre sous contr\u00f4le rebelle, et d\u2019autre part et cela est important que les accords entre les diff\u00e9rents pays se mettent en place.<\/span><\/li>\n<li><span style=\"color: #000000;\">Au d\u00e9part l\u2019ambassadrice US a annonc\u00e9 que pr\u00e8s de 400 MW seront achemin\u00e9s <em>journali\u00e8rement<\/em> au Liban, la Jordanie, elle ne pourra effectivement qu\u2019approvisionner 250 MW tout au plus si et seulement si, toutes les d\u00e9cisions r\u00e9gionales et internationales sont prises. \u00c0 ce jour, rien n\u2019est encore fait.<\/span><\/li>\n<li><span style=\"color: #000000;\">Une question va se poser\u00a0: qui paiera cette facture, du gaz en provenance de l\u2019\u00c9gypte pour les centrales \u00e9lectriques jordaniennes, qui paiera la facture au Gouvernement jordanien, en sachant que pas un seul appel d\u2019offres n\u2019a \u00e9t\u00e9 fait\u00a0?<\/span><\/li>\n<li><span style=\"color: #000000;\">Pourquoi importer de l\u2019\u00e9lectricit\u00e9, quand on pourrait r\u00e9habiliter une des centrales \u00e9lectriques du Liban et qu\u2019elle pourra donner le double de ce que nous recevrons\u00a0?<\/span><\/li>\n<li><span style=\"color: #000000;\">Pour derni\u00e8re information, ce m\u00eame type d\u2019approvisionnement a \u00e9t\u00e9 demand\u00e9 par un des gouvernements libanais en 2015, et a re\u00e7u une r\u00e9ponse n\u00e9gative des deux pays concern\u00e9s, l\u2019\u00c9gypte et la Jordanie, qui sont connues pour \u00eatre des alli\u00e9s aux Am\u00e9ricains. Ceci veut dire que depuis bien longtemps, le Liban est en otage des d\u00e9cisions ext\u00e9rieures.<\/span><\/li>\n<\/ol>\n<p style=\"text-align: left;\"><span style=\"color: #000000;\"><strong><u>\u00c0 la question pourrait-on consid\u00e9rer que le nouveau gouvernement est une r\u00e9ussite ou un \u00e9chec<\/u><\/strong>, <em>je r\u00e9pondrai tout d\u00e9pend o\u00f9 l\u2019on veut se mettre et de quelle fa\u00e7on est-on pr\u00eat \u00e0 le voir.<\/em><\/span><\/p>\n<p style=\"text-align: left;\"><span style=\"color: #000000;\">Ma r\u00e9ponse est la suivante\u00a0: d\u00e8s le moment o\u00f9 ce gouvernement a eu besoin de 1 an pour se former, sur les bases confessionnelles et communautaires que l\u2019on conna\u00eet, ce gouvernement est un \u00e9chec.<\/span><\/p>\n<p style=\"text-align: left;\"><span style=\"color: #000000;\">D\u00e8s le moment o\u00f9 un gouvernement d\u2019un pays qui se dit souverain ne peut former un gouvernement qu\u2019apr\u00e8s un accord pr\u00e9alable au niveau international est un \u00e9chec.<\/span><\/p>\n<p style=\"text-align: left;\"><span style=\"color: #000000;\">D\u00e8s le moment ou un gouvernement est impossible \u00e0 \u00eatre form\u00e9 par ses propres pairs, car attendant la b\u00e9n\u00e9diction ext\u00e9rieure ceci pour moi est un \u00e9chec flagrant.<\/span><\/p>\n<p style=\"text-align: left;\"><span style=\"color: #000000;\">D\u00e8s le moment o\u00f9 le gouvernement est dirig\u00e9 par un homme qui par le pass\u00e9 \u00e9tait premier ministre est reconnu comme faisant du cartel sunnite (Hariri, Siniora, Salam et Mikati), cette personne est d\u2019office corrompue donc en aucun cas nous pouvons lui faire confiance.<\/span><\/p>\n<p style=\"text-align: left;\"><span style=\"color: #000000;\">D\u00e8s le moment o\u00f9 les ministres du gouvernement de MIKATI ont \u00e9t\u00e9 choisis par les chefs de file des partis actuels, donc d\u2019office faisant partie des responsables corrompus, on ne peut que juger ce gouvernement comme un \u00e9chec.<\/span><\/p>\n<p style=\"text-align: left;\"><span style=\"color: #000000;\">Que peut-on attendre de cet Homme, Mikati, qui s\u2019est permis de prendre possession de Liban poste, sans appel d\u2019offres, sans faire appel \u00e0 aucune concurrence, se l\u2019approprier du jour au lendemain et d\u2019imposer que tous les papiers administratifs se doivent d\u2019\u00eatre demand\u00e9s via Liban poste. Et qui dit service, dit obligatoirement paiement. Il s\u2019est cr\u00e9\u00e9 une entreprise o\u00f9 ses clients seront obligatoirement la population libanaise. M\u00eame remplir une demande d\u2019imp\u00f4t pour le minist\u00e8re des Finances est sous-trait\u00e9 par Liban Post. La liste est longue. Que dire alors de la compagnie des t\u00e9l\u00e9communications qu\u2019il poss\u00e8de.<\/span><\/p>\n<p style=\"text-align: left;\"><span style=\"color: #000000;\"><strong>PS<\/strong>\u00a0: <strong>tout homme politique libanais actuel est corrompu<\/strong>\u00a0:<\/span><\/p>\n<ul style=\"text-align: left;\">\n<li><span style=\"color: #000000;\">Nabih Berry s\u2019approprie des pans de terre du Liban Sud. Pas une entreprise ne peut s\u2019ouvrir sans qu\u2019ils soient impliqu\u00e9s dans les b\u00e9n\u00e9fices de ces entreprises. On l\u2019appelle par ailleurs Mr 51%.<\/span><\/li>\n<li><span style=\"color: #000000;\">Joumblatt a la main mise sur la montagne Druze.<\/span><\/li>\n<li><span style=\"color: #000000;\">Derri\u00e8re chaque banque du pays appartiennent \u00e0 l\u2019un ou \u00e0 l\u2019autre des hommes politiques. <strong>BLOM<\/strong> \u00e0 Hariri, <strong>JMT<\/strong> \u00e0 Nabih Berry, la liste est longue.<\/span><\/li>\n<li><span style=\"color: #000000;\">Les compagnies pharmaceutiques sont aux mains des politiciens.<\/span><\/li>\n<li><span style=\"color: #000000;\">Amine Gemayel, a fait table rase d\u2019une fortune devant servir \u00e0 l\u2019arm\u00e9e libanaise.<\/span><\/li>\n<li><span style=\"color: #000000;\">Gibran Bassil et les projets du <strong>METN<\/strong><\/span><\/li>\n<li><span style=\"color: #000000;\">Derri\u00e8re les compagnies qui fournissent de l\u2019\u00e9lectricit\u00e9 alternative se trouvent des responsables politiques libanais.<\/span><\/li>\n<li><span style=\"color: #000000;\">La compagnie <strong>SOLIDERE<\/strong> qui s\u2019est appropri\u00e9 ill\u00e9galement le centre-ville de de Beirut appartient au consortium dont sont propri\u00e9taires, Hariri, Siniora, Berry, Joumblatt.<\/span><\/li>\n<li><span style=\"color: #000000;\">Aucune preuve ne peut \u00eatre apport\u00e9e \u00e0 l\u2019encontre de ces gens-l\u00e0, et pourtant ils ont une fortune consid\u00e9rable qui vient d\u2019on ne sait o\u00f9.<\/span><\/li>\n<li><span style=\"color: #000000;\">Chaque grand leader politique a son propre port.<\/span><\/li>\n<\/ul>\n<p style=\"text-align: left;\"><span style=\"color: #000000;\">Que peut-on d\u00e8s lors attendre d\u2019un homme corrompu ou de tous ces hommes politiques corrompus, sinon encore plus de corruption. Ce qui fait plus mal, je crois, c\u2019est que la communaut\u00e9 internationale le sait et ne dit rien, au contraire elle applaudit \u00e0 la formation de ce gouvernement corrompu. Ce gouvernement est simplement un leurre.<\/span><\/p>\n<blockquote>\n<p style=\"text-align: left;\"><em><span style=\"color: #000000;\">Ce gouvernement a \u00e9t\u00e9 cr\u00e9\u00e9 de force, il ne peut pas r\u00e9ussir, car il va y avoir une des diff\u00e9rences de points de vue qui vont \u00e9merger tr\u00e8s rapidement. Il ne peut pas r\u00e9ussir parce que tous ces hommes politiques corrompus n\u2019ont aucun int\u00e9r\u00eat \u00e0 ce qu\u2019ils r\u00e9ussissent. Aucun ne tient \u00e0 ce que le pr\u00e9sident Michel Aoun puisse r\u00e9ussir son mandat et celui persiste et signe \u00e0 rester au pouvoir. C\u2019est un probl\u00e8me \u00e0 double sens et presque insoluble \u00e0 r\u00e9soudre.<\/span><\/em><\/p>\n<\/blockquote>\n<p style=\"text-align: left;\"><span style=\"color: #000000;\">Le pr\u00e9sident Michel d\u00e8s son investiture a demand\u00e9 \u00e0 faire des r\u00e9formes fondamentales, \u00e0 se battre contre la corruption ainsi qu\u2019impl\u00e9menter l\u2019accord de TAEF. En aucun cas ce gouvernement ne pourra et ne voudra les faire, pour cela il faut une d\u00e9cision politique forte, qui vient de l\u2019int\u00e9rieur avant tout et cela est quasiment impossible sinon impossible.<\/span><\/p>\n<p style=\"text-align: left;\"><span style=\"color: #000000;\"><strong><u>Ce gouvernement r\u00e9ussira-t-il\u00a0?<\/u><\/strong> Ma r\u00e9ponse est d\u00e9finitivement <strong>NON<\/strong> pour les raisons suivantes\u00a0:<\/span><\/p>\n<ul style=\"text-align: left;\">\n<li><span style=\"color: #000000;\">R\u00e9former le paysage politique libanais n\u00e9cessite des hommes et des femmes qui sont en dehors de ce cartel, ce n\u2019est pas le cas de ce gouvernement.<\/span><\/li>\n<li><span style=\"color: #000000;\">Se d\u00e9barrasser de la corruption en mettant en place une justice impartiale et non politis\u00e9e. Depuis des d\u00e9cennies la justice libanaise n\u2019est pas ind\u00e9pendante et ne le sera pas encore plus avec ce gouvernement. Pour la simple raison que chacun des juges nomm\u00e9s a \u00e9t\u00e9 plac\u00e9 par un de ces hommes politiques<\/span><\/li>\n<li><span style=\"color: #000000;\">Impl\u00e9menter TAEF, ceci est impossible, car devant alors faire dispara\u00eetre les actuels leaders du paysage politique.<\/span><\/li>\n<li><span style=\"color: #000000;\">Une jouxte perp\u00e9tuelle durant les mois qui vont venir, entre les diff\u00e9rents partis et chacun se mettant les b\u00e2tons dans les roues.<\/span><\/li>\n<li><span style=\"color: #000000;\">La livre libanaise va de nouveau chuter et plus fortement que pr\u00e9c\u00e9demment, car il sera difficile de mettre en place des r\u00e9formes et se battre contre la corruption.<\/span><\/li>\n<li><span style=\"color: #000000;\">Aoun, ne pouvant quasiment plus terminer son mandat pr\u00e9sidentiel en faisant ce qu\u2019il a promis, mettra de plus en plus d\u2019obstacles \u00e0 ce gouvernement et donc s\u2019il ne veut pas faire des r\u00e9formes ou se battre contre la corruption (gouvernement), AOUN ne signera pas souvent les d\u00e9crets minist\u00e9riels = donc ce blocage pr\u00e9vu.<\/span><\/li>\n<li><span style=\"color: #000000;\">Aucune nouvelle r\u00e9forme ne sera mise en place et pour un pays comme le Liban tout est \u00e0 refaire.<\/span><\/li>\n<li><span style=\"color: #000000;\">Rien ne se fera contre la corruption g\u00e9n\u00e9ralis\u00e9e dans le pays. Avant de parler des leaders politiques corrompus, il faut reconna\u00eetre que la population est elle-m\u00eame corrompue d\u2019o\u00f9 la difficult\u00e9 de combattre cette corruption. On n\u2019aura pas assez de prisons pour caser tout ce beau monde.<\/span><\/li>\n<li><span style=\"color: #000000;\">Le pays sera encore plus d\u00e9sorganis\u00e9 que maintenant, le chaos pourra donc r\u00e9gner jusqu\u2019aux \u00e9lections si \u00e9lection il y a.<\/span><\/li>\n<li><span style=\"color: #000000;\">enfin pour compl\u00e9ter ce tableau, le LIBAN est en faillite financi\u00e8re due \u00e0 une gestion calamiteuse depuis des d\u00e9cennies, d\u00fb \u00e0 la corruption chronique, il faut r\u00e9cup\u00e9rer cet argent qui est \u00e0 l\u2019ext\u00e9rieur et qui appartiennent aux leaders politiques actuels principalement. Pour cela il faut que la communaut\u00e9 internationale le fasse. \u00c0 ce jour, jamais celle-ci n\u2019a rendu un quelconque argent vol\u00e9 \u00e0 un pays ou \u00e0 sa population.<\/span><\/li>\n<\/ul>\n<p style=\"text-align: left;\"><span style=\"color: #000000;\">Donc en gros, on n\u2019est pas au bout de nos peines. Pour que se pays aille de l\u2019avant il faudrait\u00a0:<\/span><\/p>\n<ol style=\"text-align: left;\">\n<li><span style=\"color: #000000;\">Que tous ces hommes politiques soient juges ainsi que toute personne ayant dilapid\u00e9 l\u2019argent et les biens de ce pays.<\/span><\/li>\n<li><span style=\"color: #000000;\">Une nouvelle constitution<\/span><\/li>\n<li><span style=\"color: #000000;\">Un pays la\u00efc et libre de tout communautarisme<\/span><\/li>\n<li><span style=\"color: #000000;\">Une justice impartiale et ind\u00e9pendante.<\/span><\/li>\n<li><span style=\"color: #000000;\">Une nouvelle loi \u00e9lectorale bas\u00e9e sur une personne = un vote.<\/span><\/li>\n<\/ol>\n<p style=\"text-align: left;\"><span style=\"color: #000000;\"><strong>Pourra-t-on le faire, pour cela il faut un peuple UNI libanais, on ne l\u2019a pas<\/strong>.<\/span><\/p>\n<ul>\n<li style=\"text-align: left;\"><span style=\"color: #000000;\">Tarek Daher, Septembre 21, 2021<\/span><\/li>\n<\/ul>\n<p style=\"text-align: left;\"><span style=\"color: #000000;\"><em>Je conclue simplement par le th\u00e8me du titre\u00a0: le Liban est un passeport diplomatique allog\u00e8ne.<\/em><\/span><\/p>\n<p style=\"text-align: center;\"><img loading=\"lazy\" decoding=\"async\" class=\"size-medium wp-image-7583 aligncenter\" src=\"http:\/\/haiti-observateur.news\/wp-content\/uploads\/2021\/09\/ho22sept2021liban2019mai100courantMikati5L-300x174-1.jpg\" alt=\"\" width=\"300\" height=\"174\" \/><\/p>\n<hr \/>\n<p>Cet article est publi\u00e9 par l\u2019hebdomadaire\u00a0<strong>Ha\u00efti-Observateur VOL. LI, No. 36<\/strong> New York, \u00e9dition du 22 septembre 2021, et se trouve en\u00a0<strong>P. 5, 12<\/strong> \u00e0 : <a href=\"http:\/\/haiti-observateur.news\/wp-content\/uploads\/2021\/09\/h-o-22-september-2021.pdf\">h-o 22 september 2021<\/a><\/p>\n","protected":false},"excerpt":{"rendered":"<p>DIPLOMATIE INTERNATIONALE &amp; SOCI\u00c9T\u00c9 LIBAN UN PASSEPORT DIPLOMATIQUE ALLOG\u00c8NE ou Mikati, Tarek Daher R\u00e9vise \u00e0 la Hausse ses Critiques par Dan Albertini Entre (), Justin Trudeau est \u00e9lu pour la 3e fois PM du Canada, ceci malgr\u00e9 l\u2019infamie politique de&#8230; <\/p>\n","protected":false},"author":3,"featured_media":7355,"comment_status":"closed","ping_status":"closed","sticky":false,"template":"","format":"standard","meta":{"footnotes":""},"categories":[6,16,51],"tags":[2584,615,1088,2585,2522],"class_list":["post-7367","post","type-post","status-publish","format-standard","has-post-thumbnail","hentry","category-asie","category-diplomatieinternationale","category-usa","tag-aoun","tag-dan-albertini","tag-haiti-observateur","tag-mikati","tag-tarek-daher"],"_links":{"self":[{"href":"https:\/\/haiti-observateur.news\/index.php?rest_route=\/wp\/v2\/posts\/7367","targetHints":{"allow":["GET"]}}],"collection":[{"href":"https:\/\/haiti-observateur.news\/index.php?rest_route=\/wp\/v2\/posts"}],"about":[{"href":"https:\/\/haiti-observateur.news\/index.php?rest_route=\/wp\/v2\/types\/post"}],"author":[{"embeddable":true,"href":"https:\/\/haiti-observateur.news\/index.php?rest_route=\/wp\/v2\/users\/3"}],"replies":[{"embeddable":true,"href":"https:\/\/haiti-observateur.news\/index.php?rest_route=%2Fwp%2Fv2%2Fcomments&post=7367"}],"version-history":[{"count":3,"href":"https:\/\/haiti-observateur.news\/index.php?rest_route=\/wp\/v2\/posts\/7367\/revisions"}],"predecessor-version":[{"id":7371,"href":"https:\/\/haiti-observateur.news\/index.php?rest_route=\/wp\/v2\/posts\/7367\/revisions\/7371"}],"wp:featuredmedia":[{"embeddable":true,"href":"https:\/\/haiti-observateur.news\/index.php?rest_route=\/wp\/v2\/media\/7355"}],"wp:attachment":[{"href":"https:\/\/haiti-observateur.news\/index.php?rest_route=%2Fwp%2Fv2%2Fmedia&parent=7367"}],"wp:term":[{"taxonomy":"category","embeddable":true,"href":"https:\/\/haiti-observateur.news\/index.php?rest_route=%2Fwp%2Fv2%2Fcategories&post=7367"},{"taxonomy":"post_tag","embeddable":true,"href":"https:\/\/haiti-observateur.news\/index.php?rest_route=%2Fwp%2Fv2%2Ftags&post=7367"}],"curies":[{"name":"wp","href":"https:\/\/api.w.org\/{rel}","templated":true}]}}