{"id":7299,"date":"2021-09-01T17:33:26","date_gmt":"2021-09-01T17:33:26","guid":{"rendered":"https:\/\/haiti-observateur.news\/?p=7299"},"modified":"2021-09-01T17:33:26","modified_gmt":"2021-09-01T17:33:26","slug":"la-polemique-entre-jean-price-mars-et-rene-piquion-par-charles-dupuy","status":"publish","type":"post","link":"https:\/\/haiti-observateur.news\/?p=7299","title":{"rendered":"La pol\u00e9mique entre Jean Price Mars et Ren\u00e9 Piquion&#8230; par Charles Dupuy"},"content":{"rendered":"<p style=\"text-align: left;\"><span style=\"color: #000000;\"><strong>LE COIN DE L\u2019HISTOIRE<\/strong><\/span><\/p>\n<ul style=\"text-align: left;\">\n<li><span style=\"color: #000000;\"><strong>La pol\u00e9mique entre Jean Price Mars et Ren\u00e9 Piquion<\/strong><strong>&#8230;<\/strong> <em>par Charles Dupuy<\/em><\/span><\/li>\n<\/ul>\n<p style=\"text-align: left;\"><span style=\"color: #000000;\">L\u2019affaire remonte \u00e0 l\u2019\u00e9lection pr\u00e9sidentielle de 1930. Il faut savoir que Price Mars, qui n\u2019\u00e9tait qu\u2019un candidat mineur, obtenait, \u00e0 la surprise g\u00e9n\u00e9rale, onze voix d\u00e8s le deuxi\u00e8me tour de scrutin, une seule de moins que Seymour Pradel. Sans grand moyen financier, sinon que le produit de la vente du brave cheval dont le docteur se servait pour ses tourn\u00e9es en zones rurales, voil\u00e0 que Price Mars prouvait que l\u2019on pouvait mener une campagne intelligente et convaincre les s\u00e9nateurs \u00e0 voter pour les id\u00e9es d\u2019un candidat et non pour ses ronflantes promesses. Connu pour sa conduite irr\u00e9prochable, honorable et droite, Price Mars \u00e9tait surtout r\u00e9put\u00e9 pour son c\u00e9l\u00e8bre ouvrage, Ainsi parla l\u2019Oncle. Dans ce livre, rempli d\u2019observations tout \u00e0 fait pertinentes sur le \u00abpays r\u00e9el\u00bb, Price Mars \u00e9voquait les origines africaines d\u2019Ha\u00efti, faisait un inventaire des m\u0153urs, des habitudes et de la psychologie du peuple ha\u00eftien, rappelait les multiples richesses de son folklore, de sa mythologie et de son vaudou.<\/span><\/p>\n<p style=\"text-align: left;\"><span style=\"color: #000000;\">C\u2019est \u00e0 partir de ces consid\u00e9rations que de jeunes intellectuels noiristes, comme le Dr Ren\u00e9 Piquion, coururent lui proposer de recourir \u00e0 l\u2019argument de la couleur afin d\u2019arracher la pr\u00e9sidence dans cette \u00e9lection o\u00f9 les deux plus importants candidats, Vincent et Pradel, \u00e9taient des Mul\u00e2tres. Price Mars et son organisateur \u00e9lectoral, Jean-Baptiste Cin\u00e9as, repouss\u00e8rent bien vite la suggestion qui, pour eux, ne se &#8211; rait qu\u2019un d\u00e9tournement pervers de d\u00e9mocratie. En fait, Price Mars avait toujours refus\u00e9 d\u2019invoquer sa couleur par opportunisme \u00e9lectoral et d\u2019en faire un tremplin politique. Pour Price-Mars, en effet, la soci\u00e9t\u00e9 ha\u00eftienne ne souffre pas d\u2019un probl\u00e8me racial mais bien plut\u00f4t d\u2019un probl\u00e8me social. Ainsi, soutient-il, l\u2019Ha\u00eftien riche, peu importe sa couleur, se fera l\u2019oppresseur de son compatriote pauvre, cela, peu importe que celui-ci soit Noir ou Mul\u00e2tre. Notons en passant que les deux hommes, le Dr Piquion et le Dr Price Mars, sont originaires du Nord, o\u00f9, nous dit-on, les probl\u00e8mes de couleur sont consid\u00e9r\u00e9s comme \u00e0 peu pr\u00e8s inexistants, alors qu\u2019y s\u00e9virait plut\u00f4t un probl\u00e8me de classe. Bien curieusement, presque tous les doctrinaires de la question de couleur en Ha\u00efti sont originaires du Nord : Fran\u00e7ois Saint-Surin Manigat, Jean Price Mars, Lorimer Denis, Ren\u00e9 Piquion, pour ne citer que ceux-l\u00e0.<\/span><\/p>\n<p style=\"text-align: left;\"><span style=\"color: #000000;\">C\u2019est donc trente ans apr\u00e8s les \u00e9lections de 1930 que le Dr Ren\u00e9 Piquion revenait \u00e0 la charge pour reprocher une fois de plus \u00e0 Price Mars de n\u2019avoir pas, comme il le lui proposait \u00e0 l\u2019\u00e9poque, utilis\u00e9 l\u2019argument de la couleur afin de combattre ses adversaires mul\u00e2tres et remporter les \u00e9lections. Jean Price Mars r\u00e9pondra avec les m\u00eames arguments qu\u2019il lui avait oppos\u00e9s en 1930 : le noirisme militant est une vaste escroquerie intellectuelle dont il n\u2019 acceptera jamais de se faire le complice. \u00c0 ce propos, Ren\u00e9 Depestre note que, sans jamais l\u2019avoir voulu, et bien malgr\u00e9 lui, Price Mars avait \u00ab <em>rendu possibles les extrapolations extravagantes, les interpr\u00e9tations fantaisistes, les contorsions id\u00e9ologiques auxquels se sont livr\u00e9s par la suite de mauvais lecteurs d\u2019Ainsi parla l\u2019oncle comme Duvalier et les autres tenants de la n\u00e9gritude totalitaire<\/em> \u00bb.<\/span><\/p>\n<p style=\"text-align: left;\"><span style=\"color: #000000;\">Dans sa r\u00e9ponse au Dr Piquion, Price Mars soutiendra que le probl\u00e8me de couleur en Ha\u00efti est, d\u2019abord, et avant tout, un probl\u00e8me social que certains politiciens opportunistes r\u00e9cup\u00e8rent avec une \u00e9tonnante absence de vergogne, afin de mystifier le pauvre peuple et satisfaire leur app\u00e9tit du pouvoir. Price Mars, qui \u00e9tait nonag\u00e9naire, \u00e0 l\u2019\u00e9poque, \u00e9tablira alors une tr\u00e8s int\u00e9ressante nomenclature de la couleur de la peau de tous les chefs d\u2019\u00c9tat qu\u2019il avait eu l\u2019occasion de rencontrer dans le cours de sa vie, et cela, en remontant jusqu\u2019\u00e0 Boisrond Canal.<\/span><\/p>\n<p style=\"text-align: left;\"><span style=\"color: #000000;\">Est-il besoin de signaler que cette pol\u00e9mique \u00e9tait suivie avec la plus grande attention par le public inform\u00e9 et que les arguments du Dr Price Mars qui d\u00e9non\u00e7ait l\u2019opportunisme des politiciens noiristes, le d\u00e9tournement tout \u00e0 fait cynique qu\u2019ils faisaient de ses id\u00e9es, \u00e9taient regard\u00e9s comme \u00e9minemment subversifs d\u2019autant plus qu\u2019ils contrevenaient \u00e0 l\u2019id\u00e9ologie officielle profess\u00e9e alors par le pr\u00e9sident en exercice, Fran\u00e7ois Duvalier. Les enjeux devenaient de plus en plus risqu\u00e9s et l\u2019\u00e9motion d\u2019autant plus vive \u00e0 mesure qu\u2019avan\u00e7ait le train des arguments des deux adversaires. On craignait le pire pour le v\u00e9n\u00e9rable Dr Price Mars qui s\u2019exprimait avec cette libert\u00e9 de parole que ne peut exercer que celui qui, arriv\u00e9 au sommet de sa carri\u00e8re et \u00e0 la fin sa vie, n\u2019avait plus rien \u00e0 perdre.<\/span><\/p>\n<p style=\"text-align: left;\"><span style=\"color: #000000;\">La r\u00e9ponse du pouvoir arriva sous forme d\u2019un avertissement comminatoire qui fut servi au vieux sage dans ce qu\u2019il avait de plus pr\u00e9cieux. C\u2019est ainsi qu\u2019un soir, un officier de l\u2019Arm\u00e9e arr\u00eata sa puissante moto devant la r\u00e9sidence du Dr Price Mars, se pr\u00e9senta bien poliment \u00e0 la porte et, d\u00e8s qu\u2019il fut invit\u00e9 \u00e0 entrer, se dirigea sans h\u00e9siter vers la biblioth\u00e8que du docteur qu\u2019il saccagea de fond en comble. Cette intrusion intempestive de l\u2019officier fut d\u00e9nonc\u00e9e dans une lettre ouverte que Marie-Madeleine, la fille de Price Mars, fit para\u00eetre dans Le Nouvelliste du lendemain. Est-il besoin d\u2019ajouter que ceci mit fin \u00e0 la pol\u00e9mique, que Price Mars avait compris que le pouvoir en place n\u2019appr\u00e9ciait pas beaucoup ses remarques tout \u00e0 fait pertinentes, soit, mais qui allaient au rebours de l\u2019orthodoxie id\u00e9ologique noiriste que professait le Dr Fran\u00e7ois Duvalier.<\/span><\/p>\n<p style=\"text-align: left;\"><span style=\"color: #000000;\">C.D. coindelhistoire@ gmail.com (514) 862-7185<\/span><\/p>\n<hr \/>\n<p style=\"text-align: left;\"><span style=\"color: #000000;\">Cet article est publi\u00e9 par l\u2019hebdomadaire\u00a0<strong>Ha\u00efti-Observateur VOL. LI, No. 33<\/strong>\u00a0New York, \u00e9dition du 1<sup>er<\/sup>\u00a0septembre 2021, et se trouve en P. 5 \u00e0 : <a href=\"http:\/\/haiti-observateur.news\/wp-content\/uploads\/2021\/09\/h-o-1-septembre-2021.pdf\">h-o 1 septembre 2021<\/a><\/span><\/p>\n","protected":false},"excerpt":{"rendered":"<p>LE COIN DE L\u2019HISTOIRE La pol\u00e9mique entre Jean Price Mars et Ren\u00e9 Piquion&#8230; par Charles Dupuy L\u2019affaire remonte \u00e0 l\u2019\u00e9lection pr\u00e9sidentielle de 1930. Il faut savoir que Price Mars, qui n\u2019\u00e9tait qu\u2019un candidat mineur, obtenait, \u00e0 la surprise g\u00e9n\u00e9rale, onze&#8230; <\/p>\n","protected":false},"author":1,"featured_media":7302,"comment_status":"closed","ping_status":"closed","sticky":false,"template":"","format":"standard","meta":{"footnotes":""},"categories":[53,25],"tags":[2569,459,660,1081,1124,2570,2571],"class_list":["post-7299","post","type-post","status-publish","format-standard","has-post-thumbnail","hentry","category-cdupuy","category-haiti","tag-boisrond","tag-charles-dupuy","tag-depestre","tag-haiti","tag-histoire","tag-madeleine","tag-oncle"],"_links":{"self":[{"href":"https:\/\/haiti-observateur.news\/index.php?rest_route=\/wp\/v2\/posts\/7299","targetHints":{"allow":["GET"]}}],"collection":[{"href":"https:\/\/haiti-observateur.news\/index.php?rest_route=\/wp\/v2\/posts"}],"about":[{"href":"https:\/\/haiti-observateur.news\/index.php?rest_route=\/wp\/v2\/types\/post"}],"author":[{"embeddable":true,"href":"https:\/\/haiti-observateur.news\/index.php?rest_route=\/wp\/v2\/users\/1"}],"replies":[{"embeddable":true,"href":"https:\/\/haiti-observateur.news\/index.php?rest_route=%2Fwp%2Fv2%2Fcomments&post=7299"}],"version-history":[{"count":1,"href":"https:\/\/haiti-observateur.news\/index.php?rest_route=\/wp\/v2\/posts\/7299\/revisions"}],"predecessor-version":[{"id":7303,"href":"https:\/\/haiti-observateur.news\/index.php?rest_route=\/wp\/v2\/posts\/7299\/revisions\/7303"}],"wp:featuredmedia":[{"embeddable":true,"href":"https:\/\/haiti-observateur.news\/index.php?rest_route=\/wp\/v2\/media\/7302"}],"wp:attachment":[{"href":"https:\/\/haiti-observateur.news\/index.php?rest_route=%2Fwp%2Fv2%2Fmedia&parent=7299"}],"wp:term":[{"taxonomy":"category","embeddable":true,"href":"https:\/\/haiti-observateur.news\/index.php?rest_route=%2Fwp%2Fv2%2Fcategories&post=7299"},{"taxonomy":"post_tag","embeddable":true,"href":"https:\/\/haiti-observateur.news\/index.php?rest_route=%2Fwp%2Fv2%2Ftags&post=7299"}],"curies":[{"name":"wp","href":"https:\/\/api.w.org\/{rel}","templated":true}]}}