{"id":7265,"date":"2021-08-26T03:48:18","date_gmt":"2021-08-26T03:48:18","guid":{"rendered":"https:\/\/haiti-observateur.news\/?p=7265"},"modified":"2021-08-26T03:48:18","modified_gmt":"2021-08-26T03:48:18","slug":"le-torchon-brule-entre-duckens-nazon-et-la-federation-haitienne-de-football","status":"publish","type":"post","link":"https:\/\/haiti-observateur.news\/?p=7265","title":{"rendered":"Le torchon br\u00fble entre Duckens Nazon et la f\u00e9d\u00e9ration ha\u00eftienne de football"},"content":{"rendered":"<p style=\"text-align: left;\"><span style=\"color: #000000;\"><strong>Le torchon br\u00fble entre Duckens Nazon et la f\u00e9d\u00e9ration ha\u00eftienne de football<\/strong> <em>par Ricot Saintil<\/em><\/span><\/p>\n<p style=\"text-align: left;\"><span style=\"color: #000000;\"><strong>P<\/strong>lus d\u2019un mois apr\u00e8s le fiasco de la Gold Cup 2019 et la d\u00e9sillusion dans les \u00e9liminatoires du Mondial Qatar 2022, Duckens Nazon qui, vertement, avait fustig\u00e9 l\u2019organisation calamiteuse des Grenadiers, lors des matches \u00e9liminatoires de la zone Concacaf, revient \u00e0 la charge, accusant les dirigeants de la FHF d\u2019\u00eatre responsables du naufrage qu\u2019ont connu les footballeurs r\u00e9cemment dans les \u00e9liminatoires du Mondial 2022 et de la Gold Cup 2021. Il promet de faire jaillir toute la lumi\u00e8re, mais aussi de faire des r\u00e9v\u00e9lations fracassantes autour de la s\u00e9lection ha\u00eftienne.<\/span><\/p>\n<p style=\"text-align: left;\"><span style=\"color: #000000;\">Ecart\u00e9 de la liste de Jean Jacques-Pierre, pour les deux prochains matchs amicaux des Grenadiers contre Bahre\u00efn (1er septembre) et la Jordanie (4 septembre), le meilleur buteur en activit\u00e9 de la S\u00e9lection ha\u00eftienne de football est sorti de son silence pour mettre le couteau dans la plaie par rapport \u00e0 l\u2019environnement d\u00e9gradant dans lequel \u00e9volue la S\u00e9lection ha\u00eftienne, depuis la prise de fonction du Comit\u00e9 de normalisation, qui nage \u00e0 contrecourant de la r\u00e9alit\u00e9 du football du pays.<\/span><\/p>\n<p style=\"text-align: left;\"><span style=\"color: #000000;\"><em>\u00abN\u00e8g yo ap kraze Seleksyon <\/em><em>an, yo vle voye fot sou jw\u00e8 yo, <\/em><em>nap eklere p\u00e8p la<\/em> \u00bb, a post\u00e9 le Duc Nazon sur les r\u00e9seaux sociaux. Le chouchou du football ha\u00eftien n\u2019est pas \u00e0 son coup d\u2019essai, il \u00e9tait d\u00e9j\u00e0 mont\u00e9 au cr\u00e9neau, avant la rencontre face au Turks et Caicos comptant pour les \u00e9liminatoires du Mondial 2022, pour d\u00e9noncer l\u2019organisation des Grenadiers, qui ont \u00e9t\u00e9 accueillis \u00e0 l\u2019a\u00e9roport par les dirigeants de Turks et Caicos avec un schoolbus, h\u00e9berg\u00e9s dans un h\u00f4tel sans restauration. Les joueurs ont d\u00fb aller ailleurs pour chercher \u00e0 manger. Nazon n\u2019a pas cach\u00e9 son m\u00e9contentement et a m\u00eame parl\u00e9 d\u2019une situation cataclysmique. \u00ab<em>Le peuple doit savoir ce qui se <\/em><em>passe, la situation actuelle est <\/em><em>cataclysmique, tout s\u2019effondre <\/em><em>dans nos mains<\/em> \u00bb, avait-il martel\u00e9. N\u00e9anmoins, rien n\u2019a \u00e9t\u00e9 fait pour r\u00e9gulariser cette situation.<\/span><\/p>\n<p style=\"text-align: left;\"><span style=\"color: #000000;\">Donc, ce nouveau message du joueur de Quevilly Rouen M\u00e9tropole en France est la preuve qu\u2019il y a eu des dissensions au sein de l\u2019\u00e9quipe ha\u00eftienne et que les responsables ne se sont pas montr\u00e9s \u00e0 la hauteur. Depuis l\u2019\u00e9limination des Grenadiers, dans la course du Mondial 2022 et la catastrophe de la Gold Cup 2021, le Bureau f\u00e9d\u00e9ral n\u2019a sorti aucune note pour, au moins, tenter d\u2019expliquer les \u00e9checs des Grenadiers, et ensuite donner des garanties que ces derniers vont revenir plus forts. Ils ont, par ignorance ou dans l\u2019indiff\u00e9rence totale, gard\u00e9 leur silence. Cette attitude s\u2019apparente \u00e0 de l\u2019irresponsabilit\u00e9 et \u00e0 un manque de clairvoyance des dirigeants \u00e0 anticiper les difficult\u00e9s et \u00e0 trouver des solutions ad\u00e9quates.<\/span><\/p>\n<p style=\"text-align: left;\"><span style=\"color: #000000;\">Duckens Nazon, depuis son premier match, sous les couleurs des Grenadiers, jusqu\u2019\u00e0 sa derni\u00e8re comp\u00e9tition disput\u00e9e contre le Canada, dans la phase de groupe de la Gold Cup 2021, a toujours fait preuve de professionnalisme, d\u2019altruisme, mais surtout de respect envers ses co\u00e9quipiers et les responsables de la F\u00e9d\u00e9ration ha\u00eftienne de football. Tout de suite apr\u00e8s la Gold Cup, il y a eu des rumeurs concernant une possible altercation entre Duckens et Carnejy. Malheureu sement, aucun des responsables de la FHF n\u2019a eu l\u2019intelligence n\u00e9cessaire pour couper court aux rumeurs, ou, du moins, faire le point autour de ce dossier. Cette sortie rocambolesque de Duckens Nazon laisse entrevoir l\u2019incapacit\u00e9 des dirigeants de la FHF \u00e0 assumer leur r\u00f4le.<\/span><\/p>\n<p style=\"text-align: left;\"><span style=\"color: #000000;\">\u00ab Ap gen gwo zen ! @fhfhaiti pa kouri f\u00e8 yon kominike bay moun manti, m pral lage yon seri de bonm la a, yap relem Kadafi\u00bb. C\u2019est ce message truff\u00e9 de non-dit qu\u2019a publi\u00e9 Duckens Nazon pour montrer son d\u00e9saccord avec la F\u00e9d\u00e9ration ha\u00eftienne de football. Tout laisse entendre que l\u2019\u00e9quipe ha\u00eftienne \u00e9tait au bord de l\u2019explosion, durant la Gold Cup 2021. Tout laisse croire aussi que Duckens Nazon n\u2019est pas le seul \u00e0 avoir des choses \u00e0 reprocher \u00e0 cette organisation pour sa gestion lamentable des Grenadiers, lors des \u00e9liminatoires et la Gold Cup 2021. Bryan Alc\u00e9us, non convoqu\u00e9 \u00e9galement pour les deux prochains matches amicaux des Grenadiers, a \u00e9crit sur son compte Instagram \u00ab <em>Les masques vont tomber<\/em> \u00bb. Il vole certainement au secours de Duckens Nazon et se positionne tr\u00e8s clairement contre la F\u00e9d\u00e9ration ha\u00eftienne de football. Plusieurs cadres de la S\u00e9lection ha\u00eftiennes sont mis \u00e0 l\u2019\u00e9cart, sans aucune explication officielle de la FHF. Le public ha\u00eftien est en droit de savoir les v\u00e9ritables raisons de la mise \u00e0 l\u2019\u00e9cart de certains joueurs.<\/span><\/p>\n<p style=\"text-align: left;\"><span style=\"color: #000000;\">Tout compte fait, ce n\u2019est plus une guerre froide \u00e0 laquelle assiste le public ha\u00eftien avec cette sortie invective de Duckens Nazon. C\u2019est une guerre ouverte, d\u00e9clar\u00e9e, dans laquelle les dirigeants de la FHF sont les v\u00e9ritables cibles. Occuper des postes de responsabilit\u00e9s exige de la comp\u00e9tence, de la qualification et, surtout, de la capacit\u00e9 \u00e0 transcender pour prendre les d\u00e9cisions appropri\u00e9es, dans un d\u00e9lai raisonnable. La F\u00e9d\u00e9ration ha\u00eftienne de football n\u2019a pas su trouver le bon timing pour mettre sur la table les irritants auxquels faisaient face les Grenadiers en vue de trouver une solution pacifique et responsable. Aujourd\u2019hui, la FHF se trouve devant un fait accompli, elle doit imp\u00e9rativement sortir de son silence pour endosser ses responsabilit\u00e9s et faire le point sur la situation des Grenadiers. Duckens Nazon, apparemment, est sur le banc des accus\u00e9s. Il peut, soit l\u00e2cher la bombe, comme il l\u2019a promis de le faire, ou se laisser pulv\u00e9riser par la FHF, ou encore, du moins, laver le linge sale en famille. Et le football ha\u00eftien en sortira peut-\u00eatre vainqueur.<\/span><br \/>\n<span style=\"color: #000000;\"><strong>R.<\/strong>S<\/span><\/p>\n<hr \/>\n<p style=\"text-align: left;\"><span style=\"color: #000000;\">Cet article est publi\u00e9 par l\u2019hebdomadaire\u00a0<strong>Ha\u00efti-Observateur VOL. LI, No. 32<\/strong> New York, \u00e9dition du 25 ao\u00fbt 2021, et se trouve en P. 16 \u00e0 : <a href=\"http:\/\/haiti-observateur.news\/wp-content\/uploads\/2021\/08\/h-o-25-aout-2021.pdf\">h-o 25 aout 2021<\/a><\/span><\/p>\n","protected":false},"excerpt":{"rendered":"<p>Le torchon br\u00fble entre Duckens Nazon et la f\u00e9d\u00e9ration ha\u00eftienne de football par Ricot Saintil Plus d\u2019un mois apr\u00e8s le fiasco de la Gold Cup 2019 et la d\u00e9sillusion dans les \u00e9liminatoires du Mondial Qatar 2022, Duckens Nazon qui, vertement,&#8230; <\/p>\n","protected":false},"author":1,"featured_media":7244,"comment_status":"closed","ping_status":"closed","sticky":false,"template":"","format":"standard","meta":{"footnotes":""},"categories":[25,50],"tags":[2530,1088,1627,2557,2213],"class_list":["post-7265","post","type-post","status-publish","format-standard","has-post-thumbnail","hentry","category-haiti","category-sports","tag-football","tag-haiti-observateur","tag-mondial","tag-nazon","tag-sports"],"_links":{"self":[{"href":"https:\/\/haiti-observateur.news\/index.php?rest_route=\/wp\/v2\/posts\/7265","targetHints":{"allow":["GET"]}}],"collection":[{"href":"https:\/\/haiti-observateur.news\/index.php?rest_route=\/wp\/v2\/posts"}],"about":[{"href":"https:\/\/haiti-observateur.news\/index.php?rest_route=\/wp\/v2\/types\/post"}],"author":[{"embeddable":true,"href":"https:\/\/haiti-observateur.news\/index.php?rest_route=\/wp\/v2\/users\/1"}],"replies":[{"embeddable":true,"href":"https:\/\/haiti-observateur.news\/index.php?rest_route=%2Fwp%2Fv2%2Fcomments&post=7265"}],"version-history":[{"count":4,"href":"https:\/\/haiti-observateur.news\/index.php?rest_route=\/wp\/v2\/posts\/7265\/revisions"}],"predecessor-version":[{"id":7269,"href":"https:\/\/haiti-observateur.news\/index.php?rest_route=\/wp\/v2\/posts\/7265\/revisions\/7269"}],"wp:featuredmedia":[{"embeddable":true,"href":"https:\/\/haiti-observateur.news\/index.php?rest_route=\/wp\/v2\/media\/7244"}],"wp:attachment":[{"href":"https:\/\/haiti-observateur.news\/index.php?rest_route=%2Fwp%2Fv2%2Fmedia&parent=7265"}],"wp:term":[{"taxonomy":"category","embeddable":true,"href":"https:\/\/haiti-observateur.news\/index.php?rest_route=%2Fwp%2Fv2%2Fcategories&post=7265"},{"taxonomy":"post_tag","embeddable":true,"href":"https:\/\/haiti-observateur.news\/index.php?rest_route=%2Fwp%2Fv2%2Ftags&post=7265"}],"curies":[{"name":"wp","href":"https:\/\/api.w.org\/{rel}","templated":true}]}}