{"id":7255,"date":"2021-08-25T21:56:45","date_gmt":"2021-08-25T21:56:45","guid":{"rendered":"https:\/\/haiti-observateur.news\/?p=7255"},"modified":"2021-08-25T21:56:45","modified_gmt":"2021-08-25T21:56:45","slug":"le-liban-merite-mieux-que-m-naim-aoun-par-dan-albertini","status":"publish","type":"post","link":"https:\/\/haiti-observateur.news\/?p=7255","title":{"rendered":"le Liban M\u00e9rite Mieux que M Naim Aoun par Dan Albertini"},"content":{"rendered":"<p style=\"text-align: left;\"><span style=\"color: #000000;\"><strong>DIPLOMATIE INTERNATIONALE &amp; SOCI\u00c9T\u00c9<\/strong><\/span><\/p>\n<ul>\n<li style=\"text-align: left;\"><span style=\"color: #000000;\"><strong>BEYROUTH LA PR\u00c9SIDENCE DES DEUILS<\/strong><\/span><\/li>\n<li style=\"text-align: left;\"><span style=\"color: #000000;\"><strong><em>Ou le Liban M\u00e9rite Mieux que M Naim Aoun <\/em><\/strong><em>par Dan Albertini<\/em><\/span><\/li>\n<li style=\"text-align: left;\"><span style=\"color: #000000;\"><em>Entre (), Kaboul, la 1<sup>re<\/sup>annonce de fin de guerre, la seconde de victoire, la 3<sup>e<\/sup> de fin de mission. On assiste \u00e0 l\u2019\u00e9talage de la b\u00eate, que mensonge n\u2019est profond, fermons-les ().<\/em><\/span><\/li>\n<\/ul>\n<p style=\"text-align: left;\"><span style=\"color: #000000;\"><strong>Q<\/strong>uand le Moyen-Orient <em>chr\u00e9tien<\/em> exporte sa mis\u00e8re pour se forger un nouvel \u00c9tat libre dans les normes de l\u2019ONU, le constat rapporte la pr\u00e9sence de la p\u00e8gre et du Hizbollah aussi dans les malles comme dans les talons de chaussures. <em>Adapt\u00e9 milice<\/em>, et le drame. Damas a tu\u00e9 ses propres citoyens, mais le r\u00e9fugi\u00e9 accueilli joue \u00e0 la maestria en Ha\u00efti.<\/span><\/p>\n<p style=\"text-align: left;\"><span style=\"color: #000000;\"><strong>De l\u2019analogie<\/strong><\/span><\/p>\n<p style=\"text-align: left;\"><span style=\"color: #000000;\">Dans la<em> R\u00e9publique entre deux veuves ou <a style=\"color: #000000;\" href=\"http:\/\/internationaldiplomat.ca\/international\/haiti\/la-guerre-des-deuils-par-dan-albertini\/\">la guerre des deuils<\/a><\/em> [sur la route du cin\u00e9ma] publi\u00e9e la semaine \u00e9coul\u00e9e, j\u2019ai soulign\u00e9 de barres que l\u2019intrigue s\u2019installe <em>en<\/em>&#8230;. mieux, il y a (1) deuil pour (2) veuves quand la r\u00e9publique feint d\u00e9plorer la d\u00e9pouille d\u00e9sormais inhum\u00e9e. Sc\u00e8ne implicite, si l\u2019on a vu la 2<sup>e<\/sup> aux fun\u00e9railles, la 1<sup>re<\/sup> \u00e9tait-elle cach\u00e9e de la vue sinon pourquoi, l\u00e0 o\u00f9 j\u2019ai fait ressortir l\u2019intrigue. Ce n\u2019est donc pas tout puisque l\u2019exo moyen-oriental est inclusif au drame. Politique. Qui s\u00e9vit sur l\u2019\u00eele, partie ouest surtout c\u00f4t\u00e9 Canal du vent et embouchure de Port-au-Prince. En 2018, le drame adopta la signature du nom de Boulos associ\u00e9 \u00e0 <em>deli sans h<\/em> pour la fratrie qui relate d\u2019un drame ant\u00e9rieur. <em>Un produit pharmaceutique fatal.<\/em> C\u2019est ainsi que ce nom mythique va rentrer encore plus intime en politique locale. L\u2019un va s\u2019av\u00e9rer grand conseiller accompagnateur politique de, dont le d\u00e9funt Jovenel aux veuves h\u00e9riti\u00e8res. Le drame s\u2019appelle ici\u00a0: corruption \u00e0 l\u2019ULCC. La main du candidat entach\u00e9e, son mentor Boulos s\u2019avoua d\u00e9\u00e7u de la suite, mais tard. <em>D\u00e9finitivement trop tard.<\/em> Si on lit \u00e0 travers Daher Tarek que voit-on \u00e0 la source\u00a0: un <em><a style=\"color: #000000;\" href=\"http:\/\/internationaldiplomat.ca\/international\/europe\/td-le-liban-nest-pas-une-nation-encore-moins-un-pays-par-dan-albertini\/\">Liban sans nation ni pays<\/a><\/em> qui exporte le <em>baalbek<\/em> <em>en-qu\u00eate-de-patrie\u00a0<\/em>? Bien qu\u2019ant\u00e9rieur, mais Naim Aoun est-il l\u2019abord de crise qui s\u00e9vit aux Cara\u00efbes, en qu\u00eate d\u2019occupation\u00a0t\u00e9l\u00e9command\u00e9e ?<\/span><\/p>\n<p style=\"text-align: left;\"><span style=\"color: #000000;\">Si le langage de la <em>slrdc<\/em> a \u00e9t\u00e9 appropri\u00e9, il n\u2019en demeure pas moins r\u00e9v\u00e9lateur, je puise encore plus loin comme en citation de la veuve d\u00e9laiss\u00e9e qui fut la premi\u00e8re femme, la deuxi\u00e8me veuve qui l\u2019a d\u00e9laiss\u00e9 pour pr\u00e9tendre prot\u00e9ger les enfants, dixit le New York post, largement r\u00e9p\u00e9t\u00e9 et traduit, mais dont le discours \u00e9claire sur notion\u00a0: \u2018<em>ils sont l\u00e0\u2019 <\/em>quand on soutient une invasion barbare in\u00e9dite et soudaine. Il \u00e9tait bruit bien avant que cet homme aurait voulu faire assassiner Boulos au point que je l\u2019ai soulign\u00e9 dans une version de International Diplomat, en f\u00e9vrier-mars dernier [comme dans le cas des fr\u00e8res Izm\u00e9ry assassin\u00e9s pr\u00e9judiciable-ment dans les ann\u00e9es nonante]. H\u00e9las, j\u2019avais \u00e9mis un tag bien avant sur <em>la nature Hezbollah<\/em> de la figurative 3<sup>e<\/sup> voie de Boulos. Devra-t-on dire Boulos &amp; Boulos, ce n\u2019est pas prouv\u00e9, en outre, R\u00e9ginald Boulos de son g\u00e9nie, je ne sais si c\u2019est du <em>maronite<\/em> libanais ou syrien, a lui-m\u00eame avou\u00e9 ses \u00e9checs de choix politiques depuis ses lunes compt\u00e9es. Est-ce l\u00e0 une nature que l\u2019on associerait \u00e0 Michel Naim Aoun, il faudrait relativiser, mais surtout renvoyer la facture cit\u00e9e de Miche\u00a0; Naim Aoun qui ne sait que du Hizbollah faire du bruit, mais de la pr\u00e9sidence, faire des erreurs. Ce n\u2019est pas ce que cherche ni recherche le citoyen au pays de Dessalines. Dans la patrie de 1804, pour le bonheur des n\u00f4tres. D\u00e9sol\u00e9 pour le Syrien qui croit en une occupation am\u00e9ricaine.<\/span><\/p>\n<p style=\"text-align: left;\"><span style=\"color: #000000;\"><strong>Dans les interrogations<\/strong><\/span><\/p>\n<p style=\"text-align: left;\"><span style=\"color: #000000;\"><strong>S<\/strong>i Ha\u00efti est une terre d\u2019asile pour mercenaire libanais activiste palestinien, on n\u2019est pas l\u00e0, invit\u00e9 chez eux pourtant. Si c\u2019est pour chercher le vote onusien en faveur de la Palestine contre J\u00e9rusalem, fut-il le bras extension OLP <em>liban-Palestine<\/em> qui veut de pouvoir pour virer le vote de l\u2019AG-ONU, il faudra y mettre le prix d\u2019abord, c\u00e9der Beyrouth \u00e0 Port-au-Prince. Nous sommes preneurs faiseurs de libert\u00e9. Pour la Syrie aussi. En fait, le mod\u00e8le du port de Beyrouth comme solution ha\u00eftienne, ou, sa p\u00e8gre en politique dessalinienne, Tony Baboun r\u00e9put\u00e9 la poulette de J-C Duvalier est-il un portrait de plus que ceux qui veulent l\u2019occupation pour d\u00e9tourner l\u2019orientation r\u00e9publicaine au pays d\u2019h\u00e9bergement, il ne conviendra jamais ? J\u2019y reviens ci-apr\u00e8s par le diplomatique. Oh, le mod\u00e8le Apaid, \u00e9vinc\u00e9 d\u2019ailleurs par <em>gwo<\/em> G\u00e9rard (Latortue).<\/span><\/p>\n<p style=\"text-align: left;\"><span style=\"color: #000000;\"><strong>Dans les faits<\/strong><\/span><\/p>\n<p style=\"text-align: left;\"><span style=\"color: #000000;\"><em>Avions-nous tu\u00e9 l\u2019empereur d\u00e8s le d\u00e9part, et est-ce la tare qui condamne ?<\/em><\/span><\/p>\n<p style=\"text-align: left;\"><span style=\"color: #000000;\">Je r\u00e9ponds autrement, le voisin a pourtant assassin\u00e9 Trujillo en 61\u2019, lequel de son vivant s\u2019est montr\u00e9 dou\u00e9 \u00e0 l\u2019anti communiste en \u00e9liminant \u00e0 ce titre, pour plaire ou sur demande de ceux qui ont assassin\u00e9 Kennedy chez eux, <em>et plomb\u00e9<\/em> Reagan loin apr\u00e8s Dessalines, en pleine d\u00e9mocratie, sans issue. H\u00e9ritage, Kissinger a menti pour faire mourir Allende au Chili, pour sa cause personnelle. Cet h\u00e9ritage a-t-il cr\u00e9\u00e9<em> le<\/em> <em>mob<\/em> qui a fait le 6 janvier 2021, \u00e9tonnons-nous de la complicit\u00e9 de <em>congressman<\/em> de s\u00e9nateurs encore en fonction. M\u00eame excuse. Hitler a fait mourir combien de Juifs, \u00e0 juin, 45 pour asseoir la rage au pouvoir de Berlin civilis\u00e9, pr\u00e8s o\u00f9 un pape s\u2019est fait<em> plomb\u00e9<\/em> aussi ? De Louis XVI guillotin\u00e9, aux Bastilles jusqu\u2019\u00e0 Carnot, Doumer, \u00c9tat qui forgea la mort exotique de Louverture. Sam encore, a assassin\u00e9 Lincoln, Garfield. Doollfuss d\u2019Autriche. Al-Majali de la Jordanie. Ali Mansour de l\u2019Iran. Al-Zaim, al-Barazi de la Syrie. Boutros Ghali \u00e0 Sadate de l\u2019\u00c9gypte. Rabin d\u2018Isra\u00ebl.<\/span><\/p>\n<p style=\"text-align: left;\"><span style=\"color: #000000;\">Que le colon ne bl\u00e2me pas en <em>r\u00e9versible<\/em>, apr\u00e8s avoir traumatis\u00e9 l\u2019esclave noir sans berceau [on sait tout le poids du drame d\u2019adolescence] pendant des si\u00e8cles, et pour en faire l\u2019actif qui garantit aujourd\u2019hui, sa m\u00e9tropole. \u00c9tat qui a r\u00e9glement\u00e9 l\u2019esclavage afin d\u2019\u00e9viter l\u2019\u00e9vasion fiscale (France) en l\u2019occurrence (Larousse dictionnaire des esclavages). Tarek Daher a d\u00e9nonc\u00e9 aussi le colon qui a pi\u00e9tin\u00e9 sa culture, autre place g\u00e9ographique. <em>Il y a \u00e0 l\u2019origine le marchand arabe d\u2019esclave aussi.<\/em><\/span><\/p>\n<p style=\"text-align: left;\"><span style=\"color: #000000;\"><strong>Ce sont l\u00e0 des faits ind\u00e9niables en droit.<\/strong><\/span><\/p>\n<p style=\"text-align: left;\"><span style=\"color: #000000;\">Nous <a style=\"color: #000000;\" href=\"https:\/\/www.lorientlejour.com\/article\/470383\/A_Haiti%252C_un_leader_opposant_d%2527origine_libanaise....html\">n\u2019\u00e9tions<\/a> sur le dos de personne. Andr\u00e9 Apaid Jr par contre, d\u2019apr\u00e8s l\u2019article associ\u00e9 d\u2019\u00c9lie Masboungi de l\u2019Orient-Le Jour publi\u00e9 le 4 mars 2004 \u00e0 00:00, a pour remercier la R\u00e9publique, confirmant sa descendance du liban-<em>isterie<\/em> de la Tripoli-<em>sterie<\/em>, a \u00e9t\u00e9 l\u2019un des principaux organisateurs du coup d\u2019\u00c9tat contre le pr\u00e9sident Jean-Bertrand Aristide, en 2004. S\u2019il en jouit encore, il se veut d\u2019apr\u00e8s l\u2019article, professionnel de la politique dans le pays de ses entreprises aux relations am\u00e9ricaines douteuses si l\u2019on consid\u00e8re les actions du 6 janvier 2021. Comprenons pourquoi et comment Guy Philippe aujourd\u2019hui en prison aux \u00c9.-U., pour trafic et facilitation de trafic de drogue ill\u00e9gale. Un coup d\u2019\u00c9tat reste et demeure un coup d\u2019\u00c9tat, le <em>mob<\/em> aux \u00c9.-U., n\u2019est pas plus l\u00e9gal ni dans ses relations textiles en Ha\u00efti non plus. Et, nous trouverons l\u2019association si&#8230; une fois de plus, quel en \u00e9tait le but r\u00e9el, quel lien avec l\u2019ancien s\u00e9jour en Colombie\u00a0: myst\u00e8re sera \u00e9lucid\u00e9. Je r\u00e9it\u00e8re, l\u2019option <em>port-de-Beyrouth<\/em> n\u2019est pas ce d\u00e9sir ha\u00eftien. Michel Naim Aoun le sait. La r\u00e9solution nouvelle qui consiste \u00e0 dire\u00a0: \u00ab<em>men Arab yo<\/em>\u00bb, comme un messie, est muette.<\/span><\/p>\n<p style=\"text-align: left;\"><span style=\"color: #000000;\"><strong>Dans les consid\u00e9rations<\/strong><\/span><\/p>\n<p style=\"text-align: left;\"><span style=\"color: #000000;\">Si l\u2019on consid\u00e8re d\u2019entr\u00e9e de jeu, soit <em>M\u00e9taspora ou les patries intimes<\/em> de Dr Jo\u00ebl Des Rosiers, soit <em>100% Jun<\/em>g de Viviane Thibaudier (Eyolles) qui livre en <em>Concentr\u00e9 de psy<\/em> Carl Gustave Jung, pour observer l\u2019\u00eatre libanais du pr\u00e9sent si\u00e8cle, surtout en Ha\u00efti, mais en consid\u00e9rant Tarek Daher dans sa notion de \u2018<em>non-pays non-patrie<\/em>\u2019 trait\u00e9e lors d\u2019une r\u00e9cente entrevue, il y a lieu de s\u2019exposer sur la g\u00e9ographie du cerveau du migr\u00e9 qui a connu une premi\u00e8re place, langue aussi, nonobstant la seconde la 3<sup>e<\/sup> transitaire, par rapport \u00e0 l\u2019Ha\u00eftien semi-insulaire de par la RD, qui est rest\u00e9e li\u00e9e au pays dans sa localit\u00e9. Les neurosciences reconna\u00eetront l\u2019\u00e9mancipation comme le g\u00e9nie qui peut para\u00eetre avantageux chez le migr\u00e9 ouvert \u00e0 l\u2019adaptation. C\u2019est ce que je retrouve aussi en <em>Nouvelles psychog\u00e9ographies<\/em> sous la direction de Nathalie Caritoux et Florent Villard, qui consid\u00e8re <em>la chosification<\/em> de la psych\u00e9 o\u00f9 s\u2019op\u00e8re la spatialisation et la psychologisation, je pr\u00e9cise, du Syro-Libanais en Ha\u00efti, du Palestinien aussi, de l\u2019\u00c9gyptien&#8230; <em>etc<\/em>. <em>Manz\u00e8<\/em> ignore tout \u00e7a en fait et le d\u00e9ifie. <em>Mais, le pi\u00e8ge\u00a0!<\/em><\/span><\/p>\n<p style=\"text-align: left;\"><span style=\"color: #000000;\"><strong>P<\/strong>remi\u00e8re notion diplomatique due \u00e0 la coop\u00e9ration, aux conventions en vigueur, c\u2019est la couleur de l\u2019argent. Sa senteur de pr\u00e9f\u00e9rence, peu importe la notion de l\u2019h\u00e9ritage (de fonds d\u00e9tourn\u00e9s), on le dit politique pour cacher l\u2019intrigue familiale qui n\u2019est pas nationale. De r\u00e9sonance ha\u00eftienne vers l\u2019\u00e9tranger ou de celle par exemple libanais issu de la corruption infiltr\u00e9e en Ha\u00efti, c\u2019est de l\u2019argent sale d\u2019origine criminelle. Ce n\u2019est donc sans surprise que nous apprenions que moult Syriens et voisins se sont introduits en Ha\u00efti avec dans leurs talons, de pi\u00e8ces brutes ou frapp\u00e9es, d\u2019or et\/ou autre. Si moult autres on boss\u00e9 dur, le Moyen-Orient en Ha\u00efti a longtemps b\u00e9n\u00e9fici\u00e9 de fonds sous le couvert de manipulations politiques et de corruption du fonctionnaire d\u2019\u00c9tat. Les enfants de 1804 en \u00e9taient priv\u00e9s de ces fonds de d\u00e9veloppement. M\u00eame la criminalit\u00e9 par exemple Jean (Antoine) Khoury, soi-disant condamn\u00e9 pour meurtre sous J-C D, profitait de sa chambre priv\u00e9e de l\u2019aile de l\u2019H\u00f4pital de l\u2019UEH, avec s\u00e9curit\u00e9 de service et non de surveillance d\u2019un criminel. Il assortit <em>\u00e0 qui mieux mieux<\/em> pour son jogging tous les jours. H\u00e9ritage du Hizbollah, qui saura le dire puisque d\u00e9c\u00e9d\u00e9 peut-\u00eatre. C\u2019est le malaise depuis 2018 donc\u00a0: <em>aba syst\u00e8me.<\/em><em>\u00a0<\/em><\/span><\/p>\n<p style=\"text-align: left;\"><span style=\"color: #000000;\">\u00c0 ceux de la formule de projets de 15G$ vieille de la d\u00e9l\u00e9gation de Garry Conille PM, au Qatar, pour des investissements qu\u2019ils disent craindre d\u2019\u00eatre nationalis\u00e9s par la fin. D\u2019abord, dans quel secteur n\u00e9vralgique du pays, ou, si ce sont des zones de souverainet\u00e9, et quel en serait l\u2019apport dans le PIB comme dans le PNB du pays ? Notons que personne n\u2019a encore vu sinon une illusion vendue qui aurait \u00e9chou\u00e9 avec la d\u00e9l\u00e9gation partie sous Jovenel en crise, avec la notion de pourcentage de commission simplement. Quelle affaire !<\/span><\/p>\n<p style=\"text-align: left;\"><span style=\"color: #000000;\">\u00c0 ceux qui nous disent que les voleurs ne sont pas la communaut\u00e9, en citant des noms, c\u2019est \u00e0 vous de d\u00e9fendre l\u2019origine en d\u00e9non\u00e7ant ces voleurs, cette p\u00e8gre quand vous les connaissez. <em>See something say something, vez alo diga algo si\u2019w w\u00e8 youn bagay di kishoy.<\/em><\/span><\/p>\n<p style=\"text-align: left;\"><span style=\"color: #000000;\">Si donc Abinader pr\u00e9sident de la RD de l\u2019autre c\u00f4t\u00e9 de l\u2019\u00eele, il y a carr\u00e9ment danger de valider en aveugle un vote-Boulos aux d\u00e9pens des autres enfants de 1804 de par l\u2019histoire. C\u2019est un principe, car nous ne sommes pas invit\u00e9s ni accueillis au Moyen-Orient, plus pr\u00e9cis\u00e9ment au Liban du Hizbollah.<\/span><\/p>\n<p style=\"text-align: left;\"><span style=\"color: #000000;\"><strong>De l\u2019observatoire<\/strong><\/span><\/p>\n<p style=\"text-align: left;\"><span style=\"color: #000000;\">D\u2019apr\u00e8s le sc\u00e9nario largement r\u00e9p\u00e9t\u00e9 et traduit, en pantoufle on l\u2019imagine, la 2<sup>e<\/sup> sans jogging soute ni <em>runing shoes<\/em> \u00e0 cette heure nocturnal, a r\u00e9alis\u00e9 l\u2019exploit d\u2019un r\u00e9giment de protection. Sauver les enfants, mais c\u2019est le pr\u00e9sident de facto qui est rest\u00e9 sans protection malgr\u00e9 le retour de la 2<sup>e<\/sup> veuve. Il faut Agatha Christie outre-tombe avec on Hercule Poirot, ou un Houdini de New York, pour faire sortir de l\u2019imbroglio, d\u2019un pr\u00e9sident aim\u00e9 dont toute la R\u00e9publique voulait la mort, si l\u2019on consid\u00e8re la th\u00e9orie des amis comploteurs, incluant une agence am\u00e9ricaine bien pr\u00e9cise. Tirez au sort et vous le saurez\u00a0! Nul g\u00e9nie mais du cr\u00e9dit.<\/span><\/p>\n<p style=\"text-align: left;\"><span style=\"color: #000000;\"><strong>L<\/strong>e plan de relance bipartisan pour faire taire \u00e0 la Reagan en investissant cette fois-ci au sein m\u00eame des poches du citoyen est une reconnaissance de JR Biden, d\u2019un besoin de reconstruire apr\u00e8s la destruction. C\u2019est \u00e0 Joseph R Biden de d\u00e9montrer que les \u00c9.-U., comme il le disait aux \u00e9lections pr\u00e9sidentielles de novembre 2020 et le 6 janvier 2021, que les maux \u2018<em>unfair election\u2019<\/em> ni \u2018<em>ruling by the mobs\u2019<\/em> ne sont am\u00e9ricains, mais que \u2018<em>ruling by the law and fair election\u2019<\/em> sont une r\u00e9alit\u00e9 de leur \u00e9vangile selon <em>saint-Sam<\/em>. Quand de ce fait, si la faiblesse fatale de la presse am\u00e9ricaine qui ne s\u2019\u00e9coute que soi-m\u00eame se croyant g\u00e9nie par la vertu d\u2019une d\u00e9clamation, \u2018<em>great nation\u2019<\/em> comme comp\u00e9tence pour se l\u2019entendre dire, ne se corrige pas pour respecter la libert\u00e9 du choix chez lui, mais surtout comme ailleurs, alors viendra la faillite. Imaginez le poids de Donald qui tomba de son propre poids pour constater qu\u2019il navigua sur le vide. Ce n\u2019est point l\u00e0 une sin\u00e9cure que r\u00e9futera Jean D\u2019Ormesson immortel d\u2019outre-tombe quand la France a, <em>selon Tarek Daher<\/em>, forg\u00e9 ce mal libanais contemporain, loin des c\u00e8dres du Liban. De l\u2019histoire. Aoun devrait s\u2019\u00e9difier, partir.<\/span><\/p>\n<p style=\"text-align: left;\"><span style=\"color: #000000;\"><em>Ha\u00efti aurait un tel gouvernement, et aurait ainsi fait, le kidnappeur serait rentr\u00e9.<\/em><\/span><\/p>\n<p style=\"text-align: left;\"><span style=\"color: #000000;\"><strong>D<\/strong>aniel Foote en attendant est un envoy\u00e9 du pays des mobs, et des nouveaux nazis, pour nous accompagner. Accompagner les deux veuves dans le deuil ou la R\u00e9publique dans son deuil propos\u00e9 de l\u2019h\u00e9t\u00e9ro, comme au Zimbabw\u00e9 de Mugabe o\u00f9 il a \u00e9t\u00e9 rapidement exfiltr\u00e9 ? Apr\u00e8s la trahison de Jovenel sur le Venezuela, Ariel est-il l\u2019autre vendeur ill\u00e9gal et ill\u00e9gitime du peuple sans deuil des autres assassin\u00e9s ?<\/span><\/p>\n<p style=\"text-align: left;\"><span style=\"color: #000000;\">Biden se trompe comme Trump !<\/span><\/p>\n<p style=\"text-align: center;\"><img loading=\"lazy\" decoding=\"async\" class=\"size-medium wp-image-7236 aligncenter\" src=\"http:\/\/haiti-observateur.news\/wp-content\/uploads\/2021\/08\/ho25aout2021abaMnaimAoun-300x169.jpg\" alt=\"\" width=\"300\" height=\"169\" srcset=\"https:\/\/haiti-observateur.news\/wp-content\/uploads\/2021\/08\/ho25aout2021abaMnaimAoun-300x169.jpg 300w, https:\/\/haiti-observateur.news\/wp-content\/uploads\/2021\/08\/ho25aout2021abaMnaimAoun-768x432.jpg 768w, https:\/\/haiti-observateur.news\/wp-content\/uploads\/2021\/08\/ho25aout2021abaMnaimAoun.jpg 900w\" sizes=\"auto, (max-width: 300px) 100vw, 300px\" \/><\/p>\n<p style=\"text-align: left;\"><span style=\"color: #000000;\"><strong>Dans l\u2019histoire<\/strong><\/span><\/p>\n<p style=\"text-align: left;\"><span style=\"color: #000000;\"><em>La saison des poisons apr\u00e8s celle des assassinats<\/em><\/span><\/p>\n<p style=\"text-align: left;\"><span style=\"color: #000000;\"><strong>L<\/strong>a <em>main<\/em> Deras-St-Juste est-elle propre si propre en gouvernance ill\u00e9gale ill\u00e9gitime, inconstitutionnelle m\u00eame si l\u2019axe Badio F\u00e9lix m\u00e8nera encore plus loin sans \u00e9lucider en impliquant citoyens et corolaires divers multiples. Qui sont-ils ? D\u00e9clamations de RSF \u00e0 MJC, \u00e0 la radio sont-elles les preuves d\u2019un autre crime\u00a0: incitation, suggestion, les couteaux volaient d\u00e9j\u00e0 bas. Tandis que les <em>Enfants<\/em> de Dessalines sont oubli\u00e9s sur l\u2019axe r\u00e9publicain<strong>. <\/strong>Peut-on se lessiver pour une veuve \u00e9plor\u00e9e par son deuil en partage avec l\u2019autre veuve, quand nous avions assassin\u00e9 l\u2019Empereur sans demander la suite \u00e0 l\u2019h\u00e9ritier ? Le crime n\u2019est pas de culpabilit\u00e9 h\u00e9r\u00e9ditaire, mais l\u2019argent du crime est, peu importe la caisse de d\u00e9p\u00f4t, r\u00e9cup\u00e9rable [tel l\u2019argent vol\u00e9 des nazis, c\u2019est un principe universel] qui fait de N Duvalier un h\u00e9ritier de l\u2019argent du crime]. ULCC oblige, le pays doit r\u00e9cup\u00e9rer des \u00e9l\u00e9ments du 6-7 juillet 2021, comme de tout emprunt ill\u00e9gal, pire sous pression politique, par association mafieuse ou de malfaiteurs, r\u00e9clamer d\u2019une part la coop\u00e9ration externe pour respecter les conventions sign\u00e9es sur l\u2019argent sale, comme faire respecter ces conventions aussi. Ce n\u2019est pas sur le dos de 1804 que l\u2019on financera le Moyen-Orient pour barrer la R\u00e9publique. Je ne suis pas ici dans \u00ab <em>comment perdre la guerre<\/em> \u00bb d\u2019\u00c9lie Baranets (CNRS \u00c9ditions) !<\/span><\/p>\n<p style=\"text-align: left;\"><span style=\"color: #000000;\"><em>Du c\u00f4t\u00e9 du Canada, si le Bloc s\u2019asseyait n\u00e9gocier plus qu\u2019une valeur en douane, mais un mandat fort qui rassemble le Qu\u00e9bec, diplomatie oblige, r\u00e9clamant l\u2019audit coop\u00e9rative de la DGEQ pour \u00e9claircir Dermalog en Ha\u00efti, peut-\u00eatre voterions-nous&#8230; ex libano ! Mais, si J\u00e9rusalem veut r\u00e9ellement le si\u00e8ge, on doit s\u2019asseoir n\u00e9gocier, car Aoun a perdu.<\/em><\/span><\/p>\n<hr \/>\n<p style=\"text-align: left;\"><span style=\"color: #000000;\">Cet article est publi\u00e9 par l\u2019hebdomadaire\u00a0<strong>Ha\u00efti-Observateur VOL. LI, No. 32<\/strong> New York, \u00e9dition du 25 ao\u00fbt 2021, et se trouve en P. 4, 13 \u00e0 : <a href=\"http:\/\/haiti-observateur.news\/wp-content\/uploads\/2021\/08\/h-o-25-aout-2021.pdf\">h-o 25 aout 2021<\/a><\/span><\/p>\n","protected":false},"excerpt":{"rendered":"<p>DIPLOMATIE INTERNATIONALE &amp; SOCI\u00c9T\u00c9 BEYROUTH LA PR\u00c9SIDENCE DES DEUILS Ou le Liban M\u00e9rite Mieux que M Naim Aoun par Dan Albertini Entre (), Kaboul, la 1reannonce de fin de guerre, la seconde de victoire, la 3e de fin de mission&#8230;. <\/p>\n","protected":false},"author":3,"featured_media":7237,"comment_status":"closed","ping_status":"closed","sticky":false,"template":"","format":"standard","meta":{"footnotes":""},"categories":[16,25,43,1],"tags":[2494,615,836,1081,2523,2552,1730,2468],"class_list":["post-7255","post","type-post","status-publish","format-standard","has-post-thumbnail","hentry","category-diplomatieinternationale","category-haiti","category-rd","category-dies","tag-biden","tag-dan-albertini","tag-esclavage","tag-haiti","tag-liban","tag-michel-aoun","tag-observateur","tag-vote"],"_links":{"self":[{"href":"https:\/\/haiti-observateur.news\/index.php?rest_route=\/wp\/v2\/posts\/7255","targetHints":{"allow":["GET"]}}],"collection":[{"href":"https:\/\/haiti-observateur.news\/index.php?rest_route=\/wp\/v2\/posts"}],"about":[{"href":"https:\/\/haiti-observateur.news\/index.php?rest_route=\/wp\/v2\/types\/post"}],"author":[{"embeddable":true,"href":"https:\/\/haiti-observateur.news\/index.php?rest_route=\/wp\/v2\/users\/3"}],"replies":[{"embeddable":true,"href":"https:\/\/haiti-observateur.news\/index.php?rest_route=%2Fwp%2Fv2%2Fcomments&post=7255"}],"version-history":[{"count":2,"href":"https:\/\/haiti-observateur.news\/index.php?rest_route=\/wp\/v2\/posts\/7255\/revisions"}],"predecessor-version":[{"id":7257,"href":"https:\/\/haiti-observateur.news\/index.php?rest_route=\/wp\/v2\/posts\/7255\/revisions\/7257"}],"wp:featuredmedia":[{"embeddable":true,"href":"https:\/\/haiti-observateur.news\/index.php?rest_route=\/wp\/v2\/media\/7237"}],"wp:attachment":[{"href":"https:\/\/haiti-observateur.news\/index.php?rest_route=%2Fwp%2Fv2%2Fmedia&parent=7255"}],"wp:term":[{"taxonomy":"category","embeddable":true,"href":"https:\/\/haiti-observateur.news\/index.php?rest_route=%2Fwp%2Fv2%2Fcategories&post=7255"},{"taxonomy":"post_tag","embeddable":true,"href":"https:\/\/haiti-observateur.news\/index.php?rest_route=%2Fwp%2Fv2%2Ftags&post=7255"}],"curies":[{"name":"wp","href":"https:\/\/api.w.org\/{rel}","templated":true}]}}