{"id":7149,"date":"2021-08-11T07:47:22","date_gmt":"2021-08-11T07:47:22","guid":{"rendered":"https:\/\/haiti-observateur.news\/?p=7149"},"modified":"2021-08-11T12:08:56","modified_gmt":"2021-08-11T12:08:56","slug":"td-le-liban-nest-pas-une-nation-encore-moins-un-pays-par-dan-albertini","status":"publish","type":"post","link":"https:\/\/haiti-observateur.news\/?p=7149","title":{"rendered":"TD\u00a0:\u00a0\u00able Liban n\u2019est pas une Nation, encore moins, un pays&#8230;\u00bb par Dan Albertini"},"content":{"rendered":"<p><span style=\"color: #000000;\"><strong>DIPLOMATIE INTERNATIONALE &amp; SOCI\u00c9T\u00c9<\/strong><\/span><\/p>\n<ul>\n<li><span style=\"color: #000000;\"><strong>TD\u00a0:<em>\u00a0\u00able Liban n\u2019est pas une Nation, encore moins, un pays&#8230;\u00bb<\/em><\/strong><em> par Dan Albertini<\/em><\/span><\/li>\n<li><span style=\"color: #000000;\"><em>Sans (), j\u2019ai lu la lettre de Tarek Daher au pr\u00e9sident du Liban, et voil\u00e0 la suite.<\/em><\/span><\/li>\n<\/ul>\n<p><span style=\"color: #000000;\"><strong>DA<\/strong> &#8211; Tarek Daher, vous vous affichez comme celui qui a une fa\u00e7on particuli\u00e8re de voir les choses qui vont souvent \u00e0 contre-courant\u00a0:<\/span><\/p>\n<ul>\n<li><span style=\"color: #000000;\">Quelles sont les choses qui, dans le cadre actuel du Liban, vont \u00e0 contre-courant\u00a0?<\/span><\/li>\n<li><span style=\"color: #000000;\">Et, quel en serait le bon courant qui rassemble une majorit\u00e9 confortable de Libanais pour le bien-\u00eatre dans le sens d\u2019une patrie d\u2019abord\u00a0d\u2019apr\u00e8s vous ?<\/span><\/li>\n<li><span style=\"color: #000000;\">D\u2019une Nation, ensuite\u00a0?<\/span><\/li>\n<\/ul>\n<p><span style=\"color: #000000;\"><strong><em>TD &#8211; Le Liban n\u2019est pas une Nation, encore moins, un pays. Il ne l\u2019a jamais \u00e9t\u00e9 et ne pourra l\u2019\u00eatre s\u2019il perdure dans la politique qu\u2019il m\u00e8ne depuis l\u2019accession \u00e0 sa soi-disant ind\u00e9pendance.<\/em><\/strong><\/span><\/p>\n<p><span style=\"color: #000000;\"><strong><em>Le Liban est un ensemble de communaut\u00e9s qui vivent en autarcie, et qui ne voient pas le Liban comme UN pays, mais ils le voient comme un ensemble de petits pays.<\/em><\/strong><\/span><\/p>\n<ul>\n<li><span style=\"color: #000000;\"><strong><em>Il n\u2019y a pas de partis ou de mouvements aujourd\u2019hui au Liban qui pensent r\u00e9ellement \u00e0 ce pays. Pas un et personne ne pourra le contredire, d\u2019ailleurs les \u00e9v\u00e8nements de ces 30 derni\u00e8res ann\u00e9es le prouvent encore plus.<\/em><\/strong><\/span><\/li>\n<li><span style=\"color: #000000;\"><strong><em>Le Liban n\u2019est ni une patrie et encore moins une nation.<\/em><\/strong><\/span><\/li>\n<\/ul>\n<p><span style=\"color: #000000;\"><strong>DA<\/strong> &#8211; Vous dites aussi accepter que vos id\u00e9es ou pens\u00e9es ne soient pas n\u00e9cessairement vraies, mais que vous n\u2019acceptez pas ce que l\u2019on veut vous imposer.<\/span><\/p>\n<p><span style=\"color: #000000;\"><strong><em>TD &#8211; Bien s\u00fbr, mes id\u00e9es peuvent ne pas \u00eatre approuv\u00e9es par bon nombre de personnes. Pour la simple raison que je refuse de me voir au sein de l\u2019une ou de l\u2019autre de ces communaut\u00e9s, car pr\u00e9f\u00e9rant me retrouver aupr\u00e8s d\u2019une communaut\u00e9 qui aujourd\u2019hui est difficile \u00e0 reconna\u00eetre, la communaut\u00e9 qui refuse toute communaut\u00e9.<\/em><\/strong><\/span><\/p>\n<ul>\n<li><span style=\"color: #000000;\"><strong><em>Tant que je ne suis pas membre d\u2019un quelconque de ces partis, on ne peut m\u2019imposer. Donc j\u2019ai encore une libert\u00e9 de penser.<\/em><\/strong><\/span><\/li>\n<\/ul>\n<p><span style=\"color: #000000;\"><strong>DA<\/strong> &#8211; Alors, un \u00c9tat libanais \u00e0 votre sens, devrait-il \u00eatre religieux, et, lequel alors : si militaire, pourquoi\u00a0; si la\u00efc et civil, pourquoi\u00a0;\u00a0 si associ\u00e9, \u00e0 qui\u00a0?<\/span><\/p>\n<p><span style=\"color: #000000;\"><strong><em>TD &#8211; Un \u00e9tat LA\u00cfC cela est s\u00fbr, ou la religion ne g\u00e8re pas le quotidien des concitoyens. Une vraie division entre la religion et le civil.<\/em><\/strong><\/span><\/p>\n<p><span style=\"color: #000000;\"><strong><em>Mais ce que je voudrais le plus c\u2019est un \u00e9tat la\u00efc bas\u00e9 sur nos valeurs, sur notre histoire. Je refuse de faire du copier-coller d\u2019un \u00c9tat la\u00efc type occidental. \u00c0 nous de voir de quelle la\u00efcit\u00e9 on veut adh\u00e9rer.<\/em><\/strong><\/span><\/p>\n<ul>\n<li><span style=\"color: #000000;\"><strong><em>Aux gens de ce pays de savoir quel type d\u2019\u00c9tat la\u00efc leur conviendrait le mieux. \u00c0 eux d\u2019adapter un syst\u00e8me qui leur sied.<\/em><\/strong><\/span><\/li>\n<\/ul>\n<p><span style=\"color: #000000;\"><strong>DA<\/strong> &#8211; Cons\u00e9quemment, quel est le pire sc\u00e9nario que vous pr\u00e9voyez aujourd\u2019hui, qui affecterait gravement la pens\u00e9e libanaise que vous ch\u00e9rissez\u00a0?<\/span><\/p>\n<p><span style=\"color: #000000;\"><strong><em>TD &#8211; Une guerre civile qui nous ram\u00e8nerait \u00e0 l\u2019\u00e2ge de la pierre.<\/em><\/strong><\/span><\/p>\n<p><span style=\"color: #000000;\"><strong>DA<\/strong> &#8211; Dans une communication, vous dites que \u00ab\u00a0le Liban est un pays qui a \u00e9t\u00e9 cr\u00e9\u00e9 de toute pi\u00e8ce\u00bb.<\/span><\/p>\n<ul>\n<li><span style=\"color: #000000;\">Doit-on comprendre que vous parlez de la formule d\u2019ind\u00e9pendance de 1943, puisque l\u2019expression \u00ables c\u00e8dres du Liban\u00bb est bien plus que mill\u00e9naire, mais hautement symbolique dans l\u2019histoire de ce monde connu\u00a0?<\/span><\/li>\n<\/ul>\n<p><span style=\"color: #000000;\"><strong><em>TD &#8211; Le Liban a \u00e9t\u00e9 cr\u00e9\u00e9 pour donner aux derniers chr\u00e9tiens d\u2019orient un endroit o\u00f9 vivre. La France l\u2019a cr\u00e9\u00e9 de toutes pi\u00e8ces. Le syst\u00e8me libanais confessionnel en est la preuve toute crach\u00e9e. Aujourd\u2019hui, ces chr\u00e9tiens d\u2019Orient sont devenus minoritaires et le syst\u00e8me ne peut plus fonctionner comme par le pass\u00e9. D\u2019o\u00f9, il faut un vrai \u00c9tat LA\u00cfC non pas bas\u00e9 sur des confessions, mais bas\u00e9 sur une identit\u00e9 nationale autour duquel la population pourra se retrouver. Ce pays a besoin d\u2019un \u00c9tat de droit.<\/em><\/strong><\/span><\/p>\n<p><span style=\"color: #000000;\"><strong>DA<\/strong> &#8211; Qu\u2019est-ce qui a donc \u00e9t\u00e9 perdu et dans ce cas, quand et pourquoi\u00a0?<\/span><\/p>\n<p><span style=\"color: #000000;\"><strong><em>TD &#8211; Je dirais que n\u2019a-t-on gagn\u00e9 depuis notre fameuse ind\u00e9pendance rien du tout, sinon un \u00c9tat virtuel sur lequel beaucoup ont voulu y croire vraiment, mais en fait qui n\u2019a jamais \u00e9t\u00e9 un \u00c9tat, ni une nation et encore moins une patrie.<\/em><\/strong><\/span><\/p>\n<p><span style=\"color: #000000;\"><strong>DA<\/strong> &#8211; Vous seriez aujourd\u2019hui chef d\u2019\u00c9tat ou chef de gouvernement, cela prendrait combien de temps pour r\u00e9aliser vos plans, ou de d\u00e9missionner en cas d\u2019\u00e9chec\u00a0?<\/span><\/p>\n<p><span style=\"color: #000000;\"><strong><em>TD &#8211; Moi je ne pourrai \u00eatre ni l\u2019un ni l\u2019autre, vu que ma confession m\u2019emp\u00eache d\u2019\u00eatre l\u2019un et l\u2019autre. Mais pour r\u00e9pondre \u00e0 votre question. Nous avons les ressources humaines n\u00e9cessaires, nous avons les moyens financiers n\u00e9cessaires, il faut la volont\u00e9 d\u2019un peuple pour le faire. On n\u2019a pas un peuple, on a des peuples, on n\u2019a pas une pens\u00e9e, on a des pens\u00e9es, on n\u2019a pas un Liban, on a des Liban.<\/em><\/strong><\/span><\/p>\n<ul>\n<li><span style=\"color: #000000;\"><strong><em>5 ans suffiront \u00e0 mettre sur pied un syst\u00e8me coh\u00e9rent, il faut une ou plusieurs g\u00e9n\u00e9rations pour qu\u2019elles y adh\u00e8rent.<\/em><\/strong><\/span><\/li>\n<li><span style=\"color: #000000;\"><strong><em>On n\u2019est pas sorti de l\u2019auberge\u00a0<\/em><\/strong><strong><em>\ufffd\ufffd<\/em><\/strong><\/span><\/li>\n<\/ul>\n<p><span style=\"color: #000000;\"><strong>DA<\/strong> &#8211; Une question hasardeuse, le territoire libanais s\u2019il doit exister comme dans vos pens\u00e9es, est-il amovible ou d\u2019une position ancestrale comme on le voit de plus en plus avec l\u2019\u00c9tat h\u00e9breu qui s\u2019affirme ?<\/span><\/p>\n<ul>\n<li><span style=\"color: #000000;\">Les Isra\u00e9liens sont-ils vos alli\u00e9s d\u2019ailleurs, ou, vos adversaires depuis la guerre de 2008 ?<\/span><\/li>\n<\/ul>\n<p><span style=\"color: #000000;\"><strong><em>TD &#8211; La guerre s\u2019est pass\u00e9e en 2006. Les Isra\u00e9liens ne sont pas nos alli\u00e9s, c\u2019est par la loi, un occupant et un ennemi il est strictement interdit de coop\u00e9rer avec eux.<\/em><\/strong><\/span><\/p>\n<p><span style=\"color: #000000;\"><strong><em>Je consid\u00e8re que l\u2019\u00c9tat d\u2019Isra\u00ebl est un \u00c9tat fond\u00e9 par la communaut\u00e9 occidentale qui n\u2019a aucun droit juridique viable. <u>Ce droit a \u00e9t\u00e9 cr\u00e9\u00e9 de toute pi\u00e8ce<\/u>.<\/em><\/strong><\/span><\/p>\n<ul>\n<li><span style=\"color: #000000;\"><strong><em>Le Liban \u00e0 des fronti\u00e8res internationales reconnues par la communaut\u00e9 internationale, l\u2019occupation isra\u00e9lienne a bafou\u00e9, ce depuis 1948.<\/em><\/strong><\/span><\/li>\n<li><span style=\"color: #000000;\"><strong><em>L\u2019ONU a particip\u00e9 activement \u00e0 cr\u00e9er le probl\u00e8me qui est aujourd\u2019hui quasi insoluble.<\/em><\/strong><\/span><\/li>\n<li><span style=\"color: #000000;\"><strong><em>L\u2019occupation isra\u00e9lienne au risque de vous \u00e9tonner est toujours pr\u00e9sente au Liban, je ne parle pas uniquement des fermes de Chebbaa qui sont en soi un gros probl\u00e8me, je parle des 7 villages annex\u00e9s par l\u2019occupation depuis 1956, et, qui sont toujours sous occupation, et dont personne ne parle \u00e0 ce jour \u00e0 part les Libanais du Sud.<\/em><\/strong><\/span><\/li>\n<li><span style=\"color: #000000;\"><strong><em>Le Liban que je reconnais a une superficie de 10452 km2 reconnus internationalement, je ne permettrai \u00e0 personne de renier cette superficie.<\/em><\/strong><\/span><\/li>\n<\/ul>\n<p><span style=\"color: #000000;\"><strong>DA<\/strong> &#8211; En outre, quel pays serait les plus rapproch\u00e9s des Libanais dans votre conception, dans sa fa\u00e7on de faire ou dans sa fa\u00e7on d\u2019\u00eatre\u00a0?<\/span><\/p>\n<ul>\n<li><span style=\"color: #000000;\">Pourquoi\u00a0?<\/span><\/li>\n<\/ul>\n<p><span style=\"color: #000000;\"><strong><em>TD &#8211; \u00c0 mon humble avis, aucun pays de la r\u00e9gion ne ressemble au Liban de par sa composition.<\/em><\/strong><\/span><\/p>\n<p><span style=\"color: #000000;\"><strong>DA<\/strong> &#8211; Pourquoi d\u2019apr\u00e8s vous, le Liban ferait l\u2019objet d\u2019un\u00a0besoin de\u00a0domination ou de convoitise,\u00a0chez\u00a0les autres\u00a0Nations\u00a0de ce pacte international\u00a0?<\/span><\/p>\n<ul>\n<li><span style=\"color: #000000;\">De ce fait, quelle Nation ou quel peuple, serait-il votre pire ennemi ou un mauvais alli\u00e9 si c\u2019est plus appropri\u00e9\u00a0?<\/span><\/li>\n<\/ul>\n<p><span style=\"color: #000000;\"><strong><em>TD &#8211; On est frontalier avec l\u2019\u00c9tat d\u2019occupation isra\u00e9lienne. On a du p\u00e9trole qui risque de faire trembler les pays du golfe. On a par-dessus tout, beaucoup d\u2019eau qui est une composante importante dans les conflits r\u00e9gionaux du Moyen-Orient.<\/em><\/strong><\/span><\/p>\n<ul>\n<li><span style=\"color: #000000;\"><strong><em>Le Liban est un pays comme je l\u2019ai dit cr\u00e9\u00e9 de toute pi\u00e8ce et joue un r\u00f4le de caisse \u00e0 r\u00e9sonance pour la r\u00e9gion. Tout probl\u00e8me r\u00e9gional se r\u00e8gle au Liban.<\/em><\/strong><\/span><\/li>\n<li><span style=\"color: #000000;\"><strong><em>Chaque parti libanais a un sponsor, et chaque sponsor a une vision politique diff\u00e9rente, et veut l\u2019appliquer, le Libanais lui-m\u00eame doit simplement accepter sans plus.<\/em><\/strong><\/span><\/li>\n<\/ul>\n<p><span style=\"color: #000000;\"><strong>DA<\/strong> &#8211; Pensez-vous \u00e0 un lien de cause \u00e0\u00a0effet, donc\u00a0votre influence, ou, effet du hasard, donc pr\u00e9voyance de votre part\u00a0?<\/span><\/p>\n<ul>\n<li><span style=\"color: #000000;\">Alors, qu\u2019est-ce qui attend le Liban, le Libanais, le pr\u00e9sident, la soci\u00e9t\u00e9&#8230;, formulez-le pour nous.<\/span><\/li>\n<\/ul>\n<p><span style=\"color: #000000;\"><strong><em>TD &#8211; Restons humble je ne crois pas que ma lettre ait eu un quelconque effet, et encore moins un pouvoir \u00e0 amener une personne nomm\u00e9e pour former un gouvernement \u00e0 se d\u00e9sister pour ce que j\u2019ai \u00e9crit.<\/em><\/strong><\/span><\/p>\n<ul>\n<li><span style=\"color: #000000;\"><strong><em>Tout ce que je peux vous dire, aucune personne nomm\u00e9e ne peut former un gouvernement sans un aval ext\u00e9rieur.<\/em><\/strong><\/span><\/li>\n<li><span style=\"color: #000000;\"><strong><em>Saad Hariri a \u00e9t\u00e9 nomm\u00e9 il y a 9 mois pour former un gouvernement, l\u2019Arabie Saoudite ne le veut pas, par cons\u00e9quent il ne pourra jamais former un gouvernement.<\/em><\/strong><\/span><\/li>\n<li><span style=\"color: #000000;\"><strong><em>Le gouvernement ne peut \u00eatre form\u00e9 qu\u2019avec l\u2019aval de l\u2019Arabie Saoudite, donc des USA et avec l\u2019aval de l\u2019Iran et de la Syrie donc Russe. Si ces composantes ne sont pas d\u2019accord, jamais on n\u2019aura de gouvernement.<\/em><\/strong><strong><em>\u00a0<\/em><\/strong><\/span><\/li>\n<li><span style=\"color: #000000;\"><strong><em>Donc, on peut rester des mois sans gouvernement, tout comme on peut former un gouvernement en-dedans de 48 heures, tout d\u00e9pend des accords ext\u00e9rieurs, on n\u2019est pas encore l\u00e0, \u00e7a prendra du temps. Le temps, c\u2019est les n\u00e9gociations iraniennes et am\u00e9ricaines, sur le nucl\u00e9aire, tant que ce n\u2019est pas r\u00e9gl\u00e9 il est difficile de former ce gouvernement.<\/em><\/strong><\/span><\/li>\n<\/ul>\n<p><span style=\"color: #000000;\"><strong>DA<\/strong> &#8211; Votre lettre ouverte soutenait en m\u00eame temps, propose, mais d\u2019un courage que le pr\u00e9sident ne semble pas endosser. D\u2019o\u00f9 viendra la voix qui sait se faire entendre\u00a0?<\/span><\/p>\n<p><span style=\"color: #000000;\"><strong><em>TD &#8211; Difficile d\u2019avoir une voix de l\u2019int\u00e9rieur. Le Liban est trop divis\u00e9 en communaut\u00e9 pour qu\u2019une voix de l\u2019int\u00e9rieur puisse endosser le costume de Leader. Il faudrait que la population du Liban fasse preuve d\u2019un tr\u00e8s grand civisme et d&amp;#39;un patriotisme pour que celle-ci puisse entendre la voix d\u2019un chef qui pourrait sortir le Liban de sa l\u00e9thargie. Pour \u00eatre franc, a-t-on une personne de la sorte aujourd\u2019hui, ma r\u00e9ponse est NON. Pas une qui pense au Liban, mais \u00e0 des desseins qui sont loin de b\u00e2tir une patrie.<\/em><\/strong><\/span><\/p>\n<p><span style=\"color: #000000;\"><strong>DA<\/strong> &#8211; Je termine par ceci\u00a0: Il y a des Libanais un peu partout \u00e0 travers le monde, et dans certains pays, ils sont\u00a0: soit chef d\u2019\u00c9tat, soit chef de gouvernement, soit grand commer\u00e7ant ing\u00e9nieux&#8230;. qu\u2019est-ce qui ne fonctionne pas quand il s\u2019agit des hommes de cette origine et de leur terroir\u00a0?<\/span><\/p>\n<ul>\n<li><span style=\"color: #000000;\">Le Libanais de naissance ou d\u2019origine qui vit ailleurs, est-il un colon, un expatri\u00e9, un envahisseur, un fugitif, un d\u00e9sesp\u00e9r\u00e9, un oiseau migrateur, un l\u00e2che qui a fui\u00a0?<\/span><\/li>\n<\/ul>\n<p><span style=\"color: #000000;\"><strong><em>TD &#8211; On est divis\u00e9 en communaut\u00e9, on ne parle que comme cela et suivons en g\u00e9n\u00e9ral ce que dit le chef de la communaut\u00e9, \u00c7A NE PEUT PAS MARCHER PAS ICI.<\/em><\/strong><\/span><\/p>\n<p><span style=\"color: #000000;\"><strong>DA<\/strong> &#8211; Que pensez-vous du Hezbollah\u00a0?<\/span><\/p>\n<ul>\n<li><span style=\"color: #000000;\">Si j\u2019osais en poursuivant la question\u00a0; utile ou nuisible, sauriez-vous r\u00e9pondre en consid\u00e9rant votre affirmation en soutenant votre caract\u00e8re franc et direct avec des id\u00e9es bien arr\u00eat\u00e9es\u00a0?<\/span><\/li>\n<\/ul>\n<p><span style=\"color: #000000;\"><strong><em>TD &#8211; Le Hizbollah a \u00e9t\u00e9 cr\u00e9\u00e9 dans les ann\u00e9es 1980 pour combattre l\u2019occupation du Sud-Liban par Isra\u00ebl. Il est pour moi un mouvement de r\u00e9sistance qui a le droit de combattre toute occupation, d\u2019o\u00f9 sa l\u00e9galit\u00e9 n\u2019est pas \u00e0 discuter.<\/em><\/strong><\/span><\/p>\n<ul>\n<li><span style=\"color: #000000;\"><strong><em>Le Hizbollah durant toutes les ann\u00e9es d\u2019occupation l\u2019a combattu et c\u2019est gr\u00e2ce \u00e0 lui en grande partie que le Sud-Liban a \u00e9t\u00e9 lib\u00e9r\u00e9. Mais, il ne faut surtout pas oublier aussi les autres partis tels que le parti communiste ou le parti Baas Syrien le mouvement Amal\u2026 .<\/em><\/strong><\/span><\/li>\n<li><span style=\"color: #000000;\"><strong>Pour moi, il est utile pour le Liban tant qu\u2019il reste \u00e0 combattre l\u2019occupant. Je ne pense pas qu\u2019il doive aller au-del\u00e0. Il doit combattre uniquement au Liban. Pas ailleurs. M\u00eame si je comprends le pourquoi de sa lutte en dehors du pays\/<\/strong><\/span><\/li>\n<li><span style=\"color: #000000;\"><strong><em>Il faut reconna\u00eetre que les Isra\u00e9liens ont toujours pens\u00e9 qu\u2019ils pouvaient faire ce qu\u2019ils voulaient au Sud-Liban. Aujourd\u2019hui et gr\u00e2ce en partie au Hizbollah, au r\u00f4le de la r\u00e9sistance les Isra\u00e9liens penseront plus d\u2019une fois avant d\u2019aller en guerre.<\/em><\/strong><\/span><\/li>\n<li><span style=\"color: #000000;\"><strong><em>La prochaine guerre, si elle a lieu, ne se passera pas uniquement au Liban, mais aussi sur le territoire occup\u00e9 de la Palestine, je veux dire \u00e0 l\u2019int\u00e9rieur des terres de la Palestine occup\u00e9e, chose d\u2019impensable il y quelques ann\u00e9es.<\/em><\/strong><\/span><\/li>\n<\/ul>\n<p><span style=\"color: #000000;\"><strong>DA<\/strong> &#8211; Chef de gouvernement, qu\u2019auriez-vous fait aujourd\u2019hui en faveur de tous les Libanais\u00a0?<\/span><\/p>\n<ul>\n<li><span style=\"color: #000000;\">Pr\u00e9sident alors, qu\u2019est-ce que vous auriez tol\u00e9r\u00e9, et ce que vous auriez r\u00e9prim\u00e9\u00a0?<\/span><\/li>\n<\/ul>\n<p><span style=\"color: #000000;\"><strong><em>TD &#8211;<\/em><\/strong><\/span><\/p>\n<ol>\n<li><span style=\"color: #000000;\"><strong><em>Juger et emprisonner tous les leaders politiques qui ont particip\u00e9 \u00e0 la destruction de ce pays.<\/em><\/strong><\/span><\/li>\n<li><span style=\"color: #000000;\"><strong><em>R\u00e9cup\u00e9rer tout l\u2019argent vol\u00e9 par ces leaders<\/em><\/strong><\/span><\/li>\n<li><span style=\"color: #000000;\"><strong><em>Demander \u00e0 la diaspora libanaise de participer activement \u00e0 reb\u00e2tir ce pays. Ils ont les moyens.<\/em><\/strong><\/span><\/li>\n<li><span style=\"color: #000000;\"><strong><em>Que le Liban devienne un pays neutre.<\/em><\/strong><\/span><\/li>\n<li><span style=\"color: #000000;\"><strong><em>Une nouvelle constitution qui ne sera absolument pas bas\u00e9e sur le confessionnel.<\/em><\/strong><\/span><\/li>\n<li><span style=\"color: #000000;\"><strong><em>B\u00e2tir une identit\u00e9 libanaise, on doit la b\u00e2tir dans nos \u00e9coles publiques, on doit banir tout discours confessionnel.<\/em><\/strong><\/span><\/li>\n<li><span style=\"color: #000000;\"><strong><em>B\u00e2tir un patriotisme libanais<\/em><\/strong><\/span><\/li>\n<li><span style=\"color: #000000;\"><strong><em>Un Liban uni, autour d\u2019un ensemble de personnalit\u00e9s soucieux de porter haut ce pays.<\/em><\/strong><\/span><\/li>\n<li><span style=\"color: #000000;\"><strong><em>Un Liban fort capable de d\u00e9fendre sa patrie. Il est imp\u00e9ratif de pouvoir d\u00e9fendre son sol \u00e0 toute h\u00e9g\u00e9monie ext\u00e9rieure quelle qu\u2019elle soit !<\/em><\/strong><\/span><\/li>\n<li><span style=\"color: #000000;\"><strong><em>Un Liban fort de sa culture et de son histoire<\/em><\/strong><\/span><\/li>\n<\/ol>\n<p><span style=\"color: #000000;\"><strong>DA<\/strong> &#8211; Si vous n\u2019\u00eates pas l\u2019homme de la situation, puisque non int\u00e9ress\u00e9 \u00e0 un leadership national, qui serait en ce moment \u00e0 la hauteur, d\u2019apr\u00e8s vous\u00a0?<\/span><\/p>\n<p><span style=\"color: #000000;\"><strong><em>TD &#8211; Un seul pour moi, a la carrure et le charisme, mais impossible pour lui d\u2019\u00eatre \u00e0 la t\u00eate de ce pays\u00a0: Sayyed Hassan Nasrallah mais lui aujourd\u2019hui, ne peut endosser cette responsabilit\u00e9, le Liban en p\u00e2tira encore plus..<\/em><\/strong><\/span><\/p>\n<p><span style=\"color: #000000;\"><strong>Merci !<\/strong><\/span><\/p>\n<blockquote><p><span style=\"color: #000000;\"><em>\u00c0 ce Liban, \u00e0 ce r\u00eave<\/em><\/span><\/p>\n<p><span style=\"color: #000000;\"><em>Il est de ceux qui se battent pour un id\u00e9al et qui sacrifient leurs vies.<\/em><\/span><\/p>\n<p><span style=\"color: #000000;\"><em>Il est de ceux, pour qui leur terre est sacr\u00e9e<\/em><\/span><\/p>\n<p><span style=\"color: #000000;\"><em>Il est de ceux pour qui le pays est synonyme de symbole, d\u2019identit\u00e9, de valeurs.<\/em><\/span><\/p>\n<p><span style=\"color: #000000;\"><em>Il est de ceux, qui nourrissent pendant toute une vie, un espoir<\/em><\/span><\/p>\n<p><span style=\"color: #000000;\"><em>\u00c0 ce Liban auquel je r\u00eave, \u00e0 ce Liban auquel j\u2019aspire<\/em><\/span><\/p>\n<p><span style=\"color: #000000;\"><em>Je ne suis ni maronite, ni sunnite, ni druze, ni orthodoxe, ni arm\u00e9nien, encore moins chiite, je suis ce Liban, ce Libanais auquel je r\u00eave<\/em><\/span><\/p>\n<p><span style=\"color: #000000;\"><em>Je voudrais par ces mots simples tenter de l\u2019imaginer,<\/em><\/span><\/p>\n<p><span style=\"color: #000000;\"><em>Je voudrais par des mots simples, connus de tous, de ceux qui ch\u00e9rissent ce pays.<\/em><\/span><\/p>\n<p><span style=\"color: #000000;\"><em>Tenter de coucher sur ce bout de papier, tenter non pas de me convaincre, pas m\u00eame de convaincre, juste tenter de faire imaginer ce Liban dont je r\u00eave.<\/em><\/span><\/p>\n<p><span style=\"color: #000000;\"><em>Ce Liban je ne le con\u00e7ois pas, je ne l\u2019imagine qu\u2019en une seule et unique entit\u00e9.<\/em><\/span><\/p>\n<p><span style=\"color: #000000;\"><em>Ou le Nord, le Sud, l\u2019Est et l\u2019Ouest forment un corps et un seul ce LIBAN.<\/em><\/span><\/p>\n<p><span style=\"color: #000000;\"><em>Ce Liban, je ne peux le concevoir que multiconfessionnel, o\u00f9 chaque individu, chaque \u00eatre, formant cette entit\u00e9 en est partie int\u00e9grante.<\/em><\/span><\/p>\n<p><span style=\"color: #000000;\"><em>Chaque individu est libre de ses mouvements, chaque individu est libre de ses choix politiques.<\/em><\/span><\/p>\n<p><span style=\"color: #000000;\"><em>Libre de ses croyances. Cette libert\u00e9 ne peut \u00eatre, ne peut se faire que si chaque individu respecte les r\u00e8gles, les lois qui sont \u00e9tablies. Ces r\u00e8gles, ces lois ne doivent en aucun cas appartenir \u00e0 un individu, mais \u00e0 l\u2019ensemble de la communaut\u00e9 sans aucune distinction, sans aucune discrimination, ni de race ni de religion. Ces r\u00e8gles ne peuvent en aucun cas servir les int\u00e9r\u00eats des uns et des autres.<\/em><\/span><\/p>\n<p><span style=\"color: #000000;\"><em>Ces r\u00e8gles seront \u00e9tablies en toute \u00e9quit\u00e9, en toute impartialit\u00e9, o\u00f9 une grande majorit\u00e9 devra y adh\u00e9rer. Ces r\u00e8gles, ces lois comme je les imagine seront faites par des hommes, des femmes int\u00e8gres o\u00f9 seul compterait le bien-\u00eatre de la communaut\u00e9.<\/em><\/span><\/p>\n<p><span style=\"color: #000000;\"><em>Ce Liban je l\u2019imagine avec le respect de ses traditions, avec le respect de ses valeurs.<\/em><\/span><\/p>\n<p><span style=\"color: #000000;\"><em>Ce Liban je l\u2019imagine, tout\u00a0uni en se battant pour le m\u00eame id\u00e9al, pour les m\u00eames \u00e9thiques, sans tenir compte des discours de ces pr\u00e9tendus responsables qui ont men\u00e9 ce pays vers le chaos.<\/em><\/span><\/p>\n<p><span style=\"color: #000000;\"><em>Je ne con\u00e7ois pas ce Liban avec ceux qui suivent ces hommes, ces politiciens qui nous proposent monts et merveilles, mais qui en r\u00e9alit\u00e9, ne pensent qu\u2019\u00e0 eux, qu\u2019\u00e0 leurs int\u00e9r\u00eats.<\/em><\/span><\/p>\n<p><span style=\"color: #000000;\"><em>Oui, je suis profond\u00e9ment ce Libanais<\/em><\/span><\/p>\n<p><span style=\"color: #000000;\"><em>Ce Liban je le con\u00e7ois avec des hommes et des femmes qui analysent les choses sans aucun pr\u00e9jug\u00e9, qui pointent le doigt lorsque ceci est n\u00e9cessaire, qui se soul\u00e8ve silencieusement, de marcher vers ceux qui essaient de nous tromper afin de les d\u00e9noncer, de leur dire que nous refusons.<\/em><\/span><\/p>\n<p><span style=\"color: #000000;\"><em>Je refuse ce Liban o\u00f9 les hommes politiques h\u00e9ritent de leur p\u00e8re, ces si\u00e8ges pour nous gouverner.<\/em><\/span><\/p>\n<p><span style=\"color: #000000;\"><em>Je refuse ces hommes politiques qui s&rsquo;imposent parce qu&rsquo;ils font partie d\u2019une telle ou telle famille.<\/em><\/span><\/p><\/blockquote>\n<p><span style=\"color: #000000;\">NTD July 2013<\/span><\/p>\n<p style=\"text-align: center;\"><img loading=\"lazy\" decoding=\"async\" class=\"size-medium wp-image-7156 aligncenter\" src=\"http:\/\/haiti-observateur.news\/wp-content\/uploads\/2021\/08\/Historiclebanon-300x138.jpg\" alt=\"\" width=\"300\" height=\"138\" srcset=\"https:\/\/haiti-observateur.news\/wp-content\/uploads\/2021\/08\/Historiclebanon-300x138.jpg 300w, https:\/\/haiti-observateur.news\/wp-content\/uploads\/2021\/08\/Historiclebanon-1024x469.jpg 1024w, https:\/\/haiti-observateur.news\/wp-content\/uploads\/2021\/08\/Historiclebanon-768x352.jpg 768w, https:\/\/haiti-observateur.news\/wp-content\/uploads\/2021\/08\/Historiclebanon.jpg 1200w\" sizes=\"auto, (max-width: 300px) 100vw, 300px\" \/><\/p>\n<hr \/>\n<p>cet article est publi\u00e9 par l\u2019hebdomadaire\u00a0<strong>Ha\u00efti-Observateur VOL. LI, No. 30<\/strong> New York, \u00e9dition du 11 ao\u00fbt 2021, et se trouve en P. 4, 5 \u00e0 : <a href=\"http:\/\/haiti-observateur.news\/wp-content\/uploads\/2021\/08\/h-o-11-aout-2021.pdf\">h-o 11 aout 2021<\/a><\/p>\n","protected":false},"excerpt":{"rendered":"<p>DIPLOMATIE INTERNATIONALE &amp; SOCI\u00c9T\u00c9 TD\u00a0:\u00a0\u00able Liban n\u2019est pas une Nation, encore moins, un pays&#8230;\u00bb par Dan Albertini Sans (), j\u2019ai lu la lettre de Tarek Daher au pr\u00e9sident du Liban, et voil\u00e0 la suite. DA &#8211; Tarek Daher, vous vous&#8230; <\/p>\n","protected":false},"author":3,"featured_media":7157,"comment_status":"closed","ping_status":"closed","sticky":false,"template":"","format":"standard","meta":{"footnotes":""},"categories":[16,21],"tags":[479,615,933,1208,2524,2523,1756,2033,2522],"class_list":["post-7149","post","type-post","status-publish","format-standard","has-post-thumbnail","hentry","category-diplomatieinternationale","category-europe","tag-chretien","tag-dan-albertini","tag-france","tag-israel","tag-laic","tag-liban","tag-onu","tag-religion","tag-tarek-daher"],"_links":{"self":[{"href":"https:\/\/haiti-observateur.news\/index.php?rest_route=\/wp\/v2\/posts\/7149","targetHints":{"allow":["GET"]}}],"collection":[{"href":"https:\/\/haiti-observateur.news\/index.php?rest_route=\/wp\/v2\/posts"}],"about":[{"href":"https:\/\/haiti-observateur.news\/index.php?rest_route=\/wp\/v2\/types\/post"}],"author":[{"embeddable":true,"href":"https:\/\/haiti-observateur.news\/index.php?rest_route=\/wp\/v2\/users\/3"}],"replies":[{"embeddable":true,"href":"https:\/\/haiti-observateur.news\/index.php?rest_route=%2Fwp%2Fv2%2Fcomments&post=7149"}],"version-history":[{"count":4,"href":"https:\/\/haiti-observateur.news\/index.php?rest_route=\/wp\/v2\/posts\/7149\/revisions"}],"predecessor-version":[{"id":7162,"href":"https:\/\/haiti-observateur.news\/index.php?rest_route=\/wp\/v2\/posts\/7149\/revisions\/7162"}],"wp:featuredmedia":[{"embeddable":true,"href":"https:\/\/haiti-observateur.news\/index.php?rest_route=\/wp\/v2\/media\/7157"}],"wp:attachment":[{"href":"https:\/\/haiti-observateur.news\/index.php?rest_route=%2Fwp%2Fv2%2Fmedia&parent=7149"}],"wp:term":[{"taxonomy":"category","embeddable":true,"href":"https:\/\/haiti-observateur.news\/index.php?rest_route=%2Fwp%2Fv2%2Fcategories&post=7149"},{"taxonomy":"post_tag","embeddable":true,"href":"https:\/\/haiti-observateur.news\/index.php?rest_route=%2Fwp%2Fv2%2Ftags&post=7149"}],"curies":[{"name":"wp","href":"https:\/\/api.w.org\/{rel}","templated":true}]}}