{"id":6962,"date":"2021-06-10T03:12:15","date_gmt":"2021-06-10T03:12:15","guid":{"rendered":"https:\/\/haiti-observateur.news\/?p=6962"},"modified":"2021-06-10T03:14:53","modified_gmt":"2021-06-10T03:14:53","slug":"en-deficit-de-credibilite-que-peut-on-attendre-de-la-mission-de-loea-en-haiti","status":"publish","type":"post","link":"https:\/\/haiti-observateur.news\/?p=6962","title":{"rendered":"En d\u00e9ficit de cr\u00e9dibilit\u00e9, que peut-on attendre de la Mission de l\u2019OEA en Ha\u00efti ?"},"content":{"rendered":"<p style=\"text-align: left;\"><span style=\"color: #000000;\"><strong>\u00c9DITORIAL<\/strong><\/span><\/p>\n<ul style=\"text-align: left;\">\n<li><span style=\"color: #000000;\"><strong>En d\u00e9ficit de cr\u00e9dibilit\u00e9, que peut-on attendre de la Mission de l\u2019OEA en Ha\u00efti ?<\/strong><\/span><\/li>\n<\/ul>\n<p style=\"text-align: left;\"><span style=\"color: #000000;\"><strong>A<\/strong>ttendue en Ha\u00efti, dans le cadre de l\u2019utilisation de ses bons officies, pour aider \u00e0 sortir Ha\u00efti de la crise multidimensionnelle dans laquelle l\u2019a enfonc\u00e9 le pr\u00e9sident de facto Jovenel Mo\u00efse, les acteurs politiques ne semblent pas miser gros sur les chances de l\u2019organisme h\u00e9misph\u00e9rique de sortir une magie de son chapeau. Apr\u00e8s les derni\u00e8res interventions de celui-ci dans les \u00e9lections ha\u00eftiennes, qui ont favoris\u00e9 l\u2019accouchement de deux r\u00e9gimes PHTKistes cons\u00e9cutifs, il n\u2019est pas en odeur de saintet\u00e9 en Ha\u00efti. Surtout que son secr\u00e9taire g\u00e9n\u00e9ral, Luis Almagro, affiche une attitude partisane dans le conflit mettant l\u2019\u00e9crasante majorit\u00e9 du peuple ha\u00eftien aux prises avec celui qui occupe ill\u00e9galement le Palais national.<\/span><\/p>\n<p style=\"text-align: left;\"><span style=\"color: #000000;\">Sur le terrain, en Ha\u00efti, les diplomates qui font partie de cette mission marcheront sur des charbons ardents. Car, quoi que disent et fassent les protagonistes, d\u2019un c\u00f4t\u00e9 comme de l\u2019autre, l\u2019\u0153uvre des \u00e9missaires de l\u2019OEA n\u2019autorise aucun espoir de sortie de crise. C\u00f4t\u00e9 Palais national, l\u2019argument auquel s\u2019attache d\u00e9sesp\u00e9r\u00e9ment la gent du pouvoir est rejet\u00e9 d\u2019un revers de main par tous ceux qui se positionnent \u00e0 l\u2019oppos\u00e9 de Jovenel Mo\u00efse, qui ne cesse de r\u00e9 p\u00e9ter, et il s\u2019appr\u00eate \u00e0 le marteler devant la Mission : On ne prend le pouvoir que par le truchement des \u00e9lections. Alors que les secteurs de l\u2019opposition proclament \u00e0 cor et \u00e0 cri qu\u2019aucune \u00e9lection n\u2019est possible avec ce dernier aux commandes du pays, tandis que ses repr\u00e9sentants arguent que le d\u00e9part de leur poulain \u00ab <em>n\u2019est pas n\u00e9gociable<\/em> \u00bb.<\/span><\/p>\n<p style=\"text-align: left;\"><span style=\"color: #000000;\">Pour l\u2019opposition dite radicale, form\u00e9e par le secteur d\u00e9mocratique et populaire, au sein duquel \u00e9voluent l\u2019avocat Andr\u00e9 Michel, l\u2019ex-s\u00e9nateur Mo\u00efse Jean-Charles et l\u2019ancien s\u00e9nateur Antonio Cheramy, pour ne citer que ceux-l\u00e0, aucune possibilit\u00e9 sur cette question. Pour ce secteur, la solution de la crise passe \u00ab <em>n\u00e9cessairement<\/em> \u00bb par le d\u00e9m\u00e9nagement de Jovenel Mo\u00efse de la maison du peuple, au Champ de Mars. Sur &#8211; tout que son mandat pr\u00e9sidentiel a pris fin depuis le 7 f\u00e9vrier dernier. De toute mani\u00e8re, ce secteur de l\u2019opposition n\u2019a aucune intention de rencontrer les \u00e9missaires de l\u2019OEA, taxant cette mission de l\u2019organisme r\u00e9gional de perte de temps, de gaspillage d\u2019\u00e9nergie et de ressources. Quand bien m\u00eame de rares alli\u00e9s de ce groupe seraient d\u2019avis de se r\u00e9unir avec les diplomates de l\u2019OEA, ils ne souscriraient gu\u00e8re \u00e0 l\u2019id\u00e9e d\u2019aller aux \u00e9lections avec M. Mo\u00efse qui, selon eux, n\u2019a <em>\u00ab aucune cr\u00e9dibilit\u00e9, ni l\u00e9gitimit\u00e9<\/em> \u00bb pour organiser des \u00e9lections. C\u2019est, d\u2019ailleurs, le point de vue v\u00e9hicul\u00e9 par le s\u00e9nateur du Vermont Patrick Leahy, aussi bien que les 68 d\u00e9put\u00e9s d\u00e9mocrates qui avaient adress\u00e9 une lettre au secr\u00e9taire d\u2019\u00c9tat am\u00e9ricain exhortant le D\u00e9partement d\u2019\u00c9tat \u00e0 prendre ses distances par rapport \u00e0 Jovenel Mo\u00efse. \u00c0 cet \u00e9gard, les opposants radicaux peuvent compter sur l\u2019appui de ces parlementaires am\u00e9ricains, qui interviennent de mani\u00e8re r\u00e9currente dans le dossier ha\u00eftien.<\/span><\/p>\n<p style=\"text-align: left;\"><span style=\"color: #000000;\">Par ailleurs, au moment o\u00f9 la Mission de l\u2019OEA s\u2019appr\u00eate \u00e0 mettre le cap sur Ha\u00efti, l\u2019intervention des fondateurs du \u00ab <em>Comit\u00e9 de la Chambre basse des \u00c9tats-Unis sur Ha\u00efti<\/em> \u00bb Andy Levin, du Michigan; Yvette D. Clarke, fille d\u2019immigrants jama\u00efcains, de Brooklyn; Val Demings, de Floride; et Ayanna Pressley, du Massachusetts, vaut son pesant d\u2019or. Car, tout en f\u00e9licitant le pr\u00e9sident Biden d\u2019avoir prorog\u00e9 le <em>Temporary Protected Status<\/em> (TPS,) en faveur des Ha\u00ef tiens, les repr\u00e9sentants de cette structure estiment que le pr\u00e9sident am\u00e9ricain devrait aller encore plus loin. \u00ab <em>Il s\u2019agit d\u2019une \u00e9tape n\u00e9cessaire, qui prot\u00e9gera les migrants ha\u00eftiens au milieu de la pand\u00e9mie de COVID-19 et de la crise politique qui s\u00e9vit en Ha\u00efti<\/em> \u00bb, soutiennent-ils.<\/span><\/p>\n<p style=\"text-align: left;\"><span style=\"color: #000000;\">\u00c0 cette m\u00eame occasion ils incitent l\u2019administration Biden \u00e0 r\u00e9viser toutes ses politiques concernant Ha\u00efti et \u00e0 \u00ab<em>agir de toute urgence<\/em> \u00bb sur les demandes formul\u00e9es, le 26 avril, par la Chambre des repr\u00e9sentants des \u00c9tats-Unis, sous la houlette du pr\u00e9sident de la Com mission des Affaires \u00e9trang\u00e8res de la Chambre basse, Gregory Meeks, et du pr\u00e9sident du Comit\u00e9 d\u00e9mocrate de la Chambre basse, Hakeem Jeffries; ainsi que des dizaines d\u2019autres membres demandant que soit chang\u00e9e la politiques des \u00c9tats-Unis envers le r\u00e9gime PHTKiste de Jovenel Mo\u00efse.<\/span><\/p>\n<p style=\"text-align: left;\"><span style=\"color: #000000;\">Entre le secteur gouvernemental et l\u2019opposition radicale, se trouve le groupe qualifi\u00e9 de mod\u00e9r\u00e9, compos\u00e9 des formations politiques suivantes : MTV (du Dr R\u00e9ginald Boulos), En Avant (de l\u2019ex-d\u00e9put\u00e9 Jerry Tardieu), Dirpod, Entente, FND et Operasyon t\u00e8t an sanm. Il vient de publier un accord\/proposition dans lequel est lanc\u00e9e la formation et l\u2019installation d\u2019un \u00ab <em>gouvernement d\u2019en tente nationale<\/em> \u00bb, sans Jovenel Mo\u00efse. Il est pr\u00e9vu que toutes les responsabilit\u00e9s seront assum\u00e9es par le Premier ministre. Cela signifie trouver une formule de d\u00e9part de Jovenel Mo\u00efse.<\/span><\/p>\n<p style=\"text-align: left;\"><span style=\"color: #000000;\">Toutefois, d\u00e9j\u00e0 tr\u00e8s mal vue en Ha\u00efti, pour s\u2019\u00eatre impliqu\u00e9e, selon ses d\u00e9tracteurs ha\u00eftiens, dans des ma gouilles malsaines ayant contribu\u00e9 \u00e0 la contamination de la cr\u00e9dibilit\u00e9 des \u00e9lections pass\u00e9es, l\u2019OEA envoie cette d\u00e9l\u00e9gation \u00e0 Port-au-Prince au moment o\u00f9 son autorit\u00e9 est s\u00e9rieusement lamin\u00e9e.<\/span><\/p>\n<p style=\"text-align: left;\"><span style=\"color: #000000;\">Certes, l\u2019ambassadeur Ronald Sanders, repr\u00e9sentant d\u2019Antigua et Barbuda \u00e0 l\u2019organisme r\u00e9gional, avait expos\u00e9 le conflit en gestation par rapport au dossier d\u2019Ha\u00efti, en raison du fait que tous les pays ne sont pas d\u2019accord avec la mani\u00e8re dont \u00e9volue cette question. Il a m\u00eame dit pr\u00e9voir un affrontement. De fait, les r\u00e9v\u00e9lations, plus que justes, qu\u2019il a faites sur le cas d\u2019Ha\u00efti a attir\u00e9 sur lui la foudre de Bocchit Edmond, ambassadeur de Jovenel Mo\u00efse \u00e0 l\u2019OEA, pour s\u2019\u00eatre prononc\u00e9 n\u00e9gativement par rapport au projet de r\u00e9f\u00e9rendum ill\u00e9gal et anticonstitutionnel du pr\u00e9sident de facto ha\u00eftien. Bien que M. Sanders n\u2019ait pas explicit\u00e9 les causes profondes du d\u00e9bat houleux qu\u2019il pr\u00e9voie sur la question ha\u00eftienne, au sein de cette organisation, la mani\u00e8re dont le secr\u00e9taire g\u00e9n\u00e9ral Luis Almagro pilote celle-ci, l\u2019air de rien, ne fait point l\u2019unanimit\u00e9 parmi les membres.<\/span><\/p>\n<p style=\"text-align: left;\"><span style=\"color: #000000;\">En tout cas, M. Sanders a lev\u00e9 un peu le voile sur ses observations, pr\u00e9cisant qu\u2019en raison de mauvais ant\u00e9c\u00e9dents relatifs \u00e0 Ha\u00efti, les pays du CARICOM ne sont pas tous d\u2019accord sur la question ha\u00eftienne. Aussi, faut-il retenir que l\u2019OEA avait du mal \u00e0 trouver des membres pour faire partie de cette d\u00e9l\u00e9gation. Puisque quasiment tous h\u00e9sitent \u00e0 y participer, en raison des mauvais souvenirs, mais surtout \u00e0 cause de la division qui r\u00e8gne entre les \u00c9tats de la Cara\u00efbe, par rapport au dossier d\u2019Ha\u00efti.<\/span><\/p>\n<p style=\"text-align: left;\"><span style=\"color: #000000;\">Mais cette attitude va se r\u00e9v\u00e9ler au grand jour, \u00e0 la faveur des d\u00e9clarations du ministre des Affaires \u00e9trang\u00e8res du Mexique, Marcelo Ebrard, critiquant le r\u00f4le jou\u00e9 par l\u2019OEA dans les \u00e9lections boliviennes, en 2019, quand Evo Morales a \u00e9t\u00e9 forc\u00e9 \u00e0 d\u00e9missionner par l\u2019Arm\u00e9e, suite \u00e0 un scrutin que cette organisation avait d\u00e9clar\u00e9 \u00ab <em>truqu\u00e9 <\/em>\u00bb en sa faveur.<\/span><\/p>\n<p style=\"text-align: left;\"><span style=\"color: #000000;\"><em>\u00ab La performance de l\u2019actuel secr\u00e9taire g\u00e9n\u00e9ral de l\u2019OEA, M. Almagro, a \u00e9t\u00e9 l\u2019une des pires de l\u2019histoire \u00bb, a d\u00e9clar\u00e9 M. Ebrard. Il accuse l\u2019organisme h\u00e9misph\u00e9rique d\u2019\u00ab avoir pratiquement foment\u00e9 un coup d\u2019\u00c9tat \u00bb en Bolivie. Aussi, a-t-il ajout\u00e9 : \u00ab Il a agi, \u00e0 plusieurs reprises, sans consulter les \u00c9tats membres [&#8230;]. Il prend des d\u00e9cisions comme s\u2019il \u00e9tait autonome \u00bb.<\/em><\/span><\/p>\n<p style=\"text-align: left;\"><span style=\"color: #000000;\">Donc, ce n\u2019est pas une Organisation des \u00c9tats am\u00e9ricains en bonne sant\u00e9, en mati\u00e8re de cr\u00e9dibilit\u00e9, dont les repr\u00e9sentants se retrouvent pr\u00e9sentement en Ha\u00efti, avec, pour mission, d\u2019apporter la paix aux fr\u00e8res ennemis, au point de mettre tout le monde d\u2019accord sur ses propositions de sortie de crise. Tel qu\u2019indiqu\u00e9 ant\u00e9rieurement, toutes les parties en pr\u00e9sence, en Ha\u00efti, s\u2019accordent \u00e0 croire que la pr\u00e9sente mission de l\u2019 &#8211; OEA est un \u00ab <em>\u00e9chec annonc\u00e9<\/em> \u00bb. \u00c0 moins que l\u2019organisme h\u00e9misph\u00e9rique ait la sagesse de repenser ses ambitions concernant la crise ha\u00eftienne et de participer au choix d\u2019une solution authentiquement ha\u00eftienne, une proposition qui mettrait, cette fois, ces visiteurs aux \u00e9coutes de la communaut\u00e9 ha\u00eftienne<\/span><\/p>\n<hr \/>\n<p style=\"text-align: left;\"><span style=\"color: #000000;\">cet article est publi\u00e9 par l&rsquo;hebdomadaire <strong>Ha\u00efti-Observateur VOL. LI, No. 23<\/strong> New York, \u00e9dition du 9 juin 2021, et se trouve en P.10 \u00e0 : <a href=\"http:\/\/haiti-observateur.news\/wp-content\/uploads\/2021\/06\/H-O-June-9-2021.pdf\">H-O June 9 2021<\/a><\/span><\/p>\n","protected":false},"excerpt":{"rendered":"<p>\u00c9DITORIAL En d\u00e9ficit de cr\u00e9dibilit\u00e9, que peut-on attendre de la Mission de l\u2019OEA en Ha\u00efti ? Attendue en Ha\u00efti, dans le cadre de l\u2019utilisation de ses bons officies, pour aider \u00e0 sortir Ha\u00efti de la crise multidimensionnelle dans laquelle l\u2019a&#8230; <\/p>\n","protected":false},"author":3,"featured_media":6950,"comment_status":"closed","ping_status":"closed","sticky":false,"template":"","format":"standard","meta":{"footnotes":""},"categories":[15,19,25],"tags":[2470,2471,418,911,1619,1738,1877],"class_list":["post-6962","post","type-post","status-publish","format-standard","has-post-thumbnail","hentry","category-diplomatie","category-editorial","category-haiti","tag-almago-luis","tag-bolivie","tag-caricom","tag-floride","tag-mission","tag-oea","tag-phtk"],"_links":{"self":[{"href":"https:\/\/haiti-observateur.news\/index.php?rest_route=\/wp\/v2\/posts\/6962","targetHints":{"allow":["GET"]}}],"collection":[{"href":"https:\/\/haiti-observateur.news\/index.php?rest_route=\/wp\/v2\/posts"}],"about":[{"href":"https:\/\/haiti-observateur.news\/index.php?rest_route=\/wp\/v2\/types\/post"}],"author":[{"embeddable":true,"href":"https:\/\/haiti-observateur.news\/index.php?rest_route=\/wp\/v2\/users\/3"}],"replies":[{"embeddable":true,"href":"https:\/\/haiti-observateur.news\/index.php?rest_route=%2Fwp%2Fv2%2Fcomments&post=6962"}],"version-history":[{"count":4,"href":"https:\/\/haiti-observateur.news\/index.php?rest_route=\/wp\/v2\/posts\/6962\/revisions"}],"predecessor-version":[{"id":6966,"href":"https:\/\/haiti-observateur.news\/index.php?rest_route=\/wp\/v2\/posts\/6962\/revisions\/6966"}],"wp:featuredmedia":[{"embeddable":true,"href":"https:\/\/haiti-observateur.news\/index.php?rest_route=\/wp\/v2\/media\/6950"}],"wp:attachment":[{"href":"https:\/\/haiti-observateur.news\/index.php?rest_route=%2Fwp%2Fv2%2Fmedia&parent=6962"}],"wp:term":[{"taxonomy":"category","embeddable":true,"href":"https:\/\/haiti-observateur.news\/index.php?rest_route=%2Fwp%2Fv2%2Fcategories&post=6962"},{"taxonomy":"post_tag","embeddable":true,"href":"https:\/\/haiti-observateur.news\/index.php?rest_route=%2Fwp%2Fv2%2Ftags&post=6962"}],"curies":[{"name":"wp","href":"https:\/\/api.w.org\/{rel}","templated":true}]}}