{"id":4488,"date":"2020-01-29T15:32:40","date_gmt":"2020-01-29T20:32:40","guid":{"rendered":"http:\/\/haiti-observateur.ca\/?p=4488"},"modified":"2021-06-06T21:00:37","modified_gmt":"2021-06-06T21:00:37","slug":"jovenel-moise-peine-a-trouver-une-issue-par-leo","status":"publish","type":"post","link":"https:\/\/haiti-observateur.news\/?p=4488","title":{"rendered":"Jovenel Mo\u00efse peine \u00e0 trouver une issue par L\u00e9o"},"content":{"rendered":"<p style=\"text-align: left;\"><span style=\"color: #000000;\"><strong>BRAS DE FER PR\u00c9SIDENCE-S\u00c9NAT DE LA R\u00c9PUBLIQUE<\/strong><\/span><\/p>\n<ul>\n<li style=\"text-align: left;\"><span style=\"color: #000000;\"><strong>Jovenel Mo\u00efse peine \u00e0 trouver une issue<\/strong> <em>par L\u00e9o<\/em><\/span><\/li>\n<\/ul>\n<p style=\"text-align: left;\"><span style=\"color: #000000;\">Jovenel Mo\u00efse ne semble pas avoir mis sur pied une politique coh\u00e9rente pour g\u00e9rer la d\u00e9claration de caducit\u00e9 du Parlement auquel il a ajout\u00e9 19 s\u00e9nateurs dont le mandat doit prendre fin l\u00e9galement en 2020, soit le deuxi\u00e8me lundi de cette ann\u00e9e. Il peine \u00e0 trouver les moyens d\u2019imposer sa d\u00e9cision, par rapport aux s\u00e9nateurs \u00e9lus pour quatre ans. Au fil des derniers jours, se sont accumul\u00e9es les preuves irr\u00e9futables que l\u2019occupant du Palais national n\u2019a aucune base l\u00e9gale pour justifier une telle d\u00e9cision. En effet, quasiment au quotidien, depuis d\u00e9j\u00e0 plus de deux semaines, l\u2019actualit\u00e9 est riche en documents publi\u00e9s au cours de l\u2019ann\u00e9e qui vient de prendre fin prouvant que les neuf s\u00e9nateurs, dont le mandat a \u00e9t\u00e9 arbitrairement d\u00e9clar\u00e9 <em>termin\u00e9,<\/em> par le chef d\u2019\u00c9tat, sont l\u00e9galement en fonction. Au fur et \u00e0 mesure que se multiplient les interventions relatives \u00e0 ce dossier, le d\u00e9bat s\u2019approfondit et les institutions ainsi que les personnes qui se font complices de Jovenel Mo\u00efse sont devenues les cibles privil\u00e9gi\u00e9es de tous ceux qui ne peuvent contenir leurs m\u00e9contentements.<\/span><\/p>\n<p style=\"text-align: left;\"><span style=\"color: #000000;\">Il semble que N\u00e8g Bannann nan compte sur le Conseil \u00e9lectoral provisoire (CEP) de L\u00e9opold Berlanger pour r\u00e9ussir sa forfaiture. Mais il craint que, sous les pressions de la rue, des militants et des secteurs d\u00e9mocratiques ce dernier n\u2019h\u00e9site \u00e0 acc\u00e9der \u00e0 sa demande consistant \u00e0 revenir sur la d\u00e9cision originale du scrutin de 2016 d\u00e9clarant \u00e9lus pour quatre ans les neuf s\u00e9nateurs qu\u2019il imagine pouvoir \u00e9jecter du Grand Corps.<\/span><\/p>\n<p style=\"text-align: left;\"><span style=\"color: #000000;\">Dans cette perspective, Mo\u00efse s\u2019insurge contre Berlanger d\u00e9clarant ne pas croire que le pr\u00e9sident du CEP soit \u00abb\u00eate\u00bb au point de faire marche-arri\u00e8re par rapport \u00e0 la logique de sa politique contre les s\u00e9nateurs. Cela voudrait dire qu\u2019il aurait chang\u00e9 d\u2019id\u00e9e par rapport \u00e0 la proposition consistant \u00e0 recevoir une enveloppe de pots de vin d\u2019une valeur de USD 1,8 millions pour \u00eatre distribu\u00e9s entre lui et 8 conseilleurs \u00e9lectoraux, 3 autres ayant refus\u00e9 de participer \u00e0 un tel crime.<\/span><\/p>\n<p style=\"text-align: left;\"><span style=\"color: #000000;\">\u00c0 titre de menace contre Berlanger, dans un tel contexte, il brandit l\u2019\u00e9pouvantail de renoncer \u00e0 le nommer membre du Conseil \u00e9lectoral permanent, une promesse qu\u2019il semble lui avoir faite auparavant.<\/span><\/p>\n<p style=\"text-align: left;\"><span style=\"color: #000000;\">Dans les milieux politiques, \u00e0 la capitale, on affirme qu\u2019un \u00abd\u00e9bat houleux\u00bb serait en cours, pr\u00e9sentement, au sein du CEP. Des conseillers raisonnent qu\u2019il serait ind\u00e9cent, voire m\u00eame dangereux, de revenir sur les d\u00e9cisions qui ont \u00e9t\u00e9 prises formellement, par rapport aux r\u00e9sultats \u00abcertifi\u00e9s\u00bb et \u00abreconnus\u00bb par la communaut\u00e9 internationale. Ils disent croire dur comme fer que les observateurs des \u00e9lections de 2016 ne sont pas indiff\u00e9rents \u00e0 ce que le pr\u00e9sident est en train de faire. D\u2019ailleurs, auraient argu\u00e9 des membres du CEP, tous les articles de journaux et documents officiels relatifs \u00e0 ce scrutin font \u00e9tat du \u00abrenouvellement du tiers du S\u00e9nat\u00bb \u00e0 la faveur des prochaines \u00e9lections, celles qui auraient d\u00fb avoir lieu en novembre 2019.<\/span><\/p>\n<p style=\"text-align: left;\"><span style=\"color: #000000;\">Les conseillers \u00e9lectoraux, qui refusent d\u2019abonder dans la logique des pots de vin offerts par la pr\u00e9sidence, ont rappel\u00e9 que la Loi \u00e9lectorale r\u00e9dig\u00e9e, qui devait conditionner les \u00e9lections, qui auraient d\u00fb se tenir en novembre 2019, fait \u00e9galement mention du \u00abrenouvellement du tiers du S\u00e9nat\u00bb.<\/span><\/p>\n<p style=\"text-align: left;\"><span style=\"color: #000000;\">En tout cas, il semble que les conseillers \u00e9lectoraux, qui repoussent l\u2019id\u00e9e de faire marche arri\u00e8re par rapport \u00e0 la d\u00e9cision originale de l\u2019organisme \u00e9lectoral, ne soient pas dispos\u00e9s \u00e0 changer casaque. Tout porte \u00e0 croire que, appel\u00e9 \u00e0 dire le mot du Droit, dans le conflit pr\u00e9sidence-S\u00e9nat de la R\u00e9publique, le CEP soit pr\u00eat \u00e0 maintenir l\u2019article 50.3 de la Loi \u00e9lectorale de 2016.<\/span><\/p>\n<p style=\"text-align: left;\"><span style=\"color: #000000;\"><strong>Citations du quotidien<\/strong><\/span><\/p>\n<p style=\"text-align: left;\"><span style=\"color: #000000;\"><img loading=\"lazy\" decoding=\"async\" class=\"size-medium wp-image-4462 alignleft\" src=\"http:\/\/haiti-observateur.ca\/wp-content\/uploads\/2020\/01\/HO29janvier2020Berlanger-300x210.jpg\" alt=\"\" width=\"300\" height=\"210\" \/>Le Nouvelliste Si quelqu\u2019un avait quelque doute en ce qui concerne les \u00e9lections qui devaient renouveler le Parlement dont le pr\u00e9sident ha\u00eftien allait \u00abconstater la caducit\u00e9\u00bb, il n\u2019a qu\u2019\u00e0 consulter l\u2019\u00e9dition du 8 mai 2018 du quotidien Le Nouvelliste. On y rel\u00e8ve ce qui suit :<\/span><\/p>\n<p style=\"text-align: left;\"><span style=\"color: #000000;\">\u00abLes trois pouvoirs publics de l\u2019\u00c9tat ne sont toujours pas parvenus \u00e0 d\u00e9signer leurs repr\u00e9sentants pour d\u00e9signer leurs repr\u00e9sentants pour former le Conseil \u00e9lectoral permanent. Pourtant, en octobre de l\u2019ann\u00e9e prochaine, il devrait y avoir au pays des \u00e9lections pour renouveler le tiers du S\u00e9nat et la Chambre des d\u00e9put\u00e9s. Il devrait y avoir au pays des \u00e9lections pour renouveler le tiers du S\u00e9nat et la Chambre des d\u00e9put\u00e9s. Le Conseil \u00e9lectoral provisoire dirig\u00e9 par L\u00e9opold Berlanger d\u00e9marrant les mises en place en attendant la formation du Conseil \u00e9lectoral permanent. Ce qui est certain, selon le secr\u00e9taire g\u00e9n\u00e9ral du Conseil des ministres, \u2018 avec ou sans Conseil \u00e9lectoral permanent, les l\u00e9gislatives auront lieu en octobre 2019\u2019\u00bb.<\/span><\/p>\n<p style=\"text-align: left;\"><span style=\"color: #000000;\">Plus loin, dans le m\u00eame article, on lit ceci : \u00ab<em>Ni le gouverne- ment ni la communaut\u00e9 internationale n\u2019entend entraver le cycle \u00e9lectoral. En octobre 2019, il doit y avoir, de toute fa\u00e7on, des \u00e9lections l\u00e9gislatives au pays. Les \u00c9tats-Unis en t\u00eate et les autres partenaires du pays s\u2019y mettent d\u00e9j\u00e0<\/em>\u00bb.<\/span><\/p>\n<p style=\"text-align: left;\"><span style=\"color: #000000;\">Voici une autre citation int\u00e9ressante de l\u2019\u00e9dition du 8 mai du Nouvelliste : \u00abDes membres du Conseil \u00e9lectoral provisoire ont rencontr\u00e9, le jeudi 3 mai l\u2019ambassadeur des \u00c9tats-Unis en Ha\u00efti. Selon le directeur ex\u00e9cutif du CEP, il \u00e9tait surtout question de partage d\u2019informations sur la r\u00e9alisation des \u00e9lections en octobre 2019 pour renouveler le tiers du S\u00e9nat et la Chambre des d\u00e9put\u00e9s. On avait mis l\u2019accent sur les pr\u00e9paratifs des prochaines \u00e9lections\u2019, a rapport\u00e9 Uder Antoine au Nouvelliste\u00bb.<\/span><\/p>\n<p style=\"text-align: left;\"><span style=\"color: #000000;\"><strong>Mise en garde lanc\u00e9e au CEP<\/strong><\/span><\/p>\n<p style=\"text-align: left;\"><span style=\"color: #000000;\">Face au silence du CEP par rapport \u00e0 la crise d\u00e9clench\u00e9e par la mise \u00e0 la retraite ill\u00e9gale des 9 s\u00e9nateurs dont le mandat expire en janvier 2022 et aux rumeurs faisant \u00e9tat de pots de vin offerts aux conseillers \u00e9lectoraux par Jovenel Mo\u00efse pour qu\u2019ils ent\u00e9rinent cette d\u00e9cision, un sit-in a \u00e9t\u00e9 organis\u00e9, le lundi 27 janvier, devant les locaux de l\u2019organisme \u00e9lectoral \u00e0 P\u00e9tion-Ville.<\/span><\/p>\n<p style=\"text-align: left;\"><span style=\"color: #000000;\">Plusieurs organisations politiques et sociales en sus des membres de la soci\u00e9t\u00e9 civile ont invit\u00e9 des dizaines de personnes \u00e0 investir le si\u00e8ge du CEP, afin de rappeler les membres de l\u2019institution leur responsabilit\u00e9 de respecter la Loi \u00e9lectorale et la Constitution du pays. D\u00e8s lors, ils ont somm\u00e9 les conseillers \u00e9lectoraux de se prononcer sur la d\u00e9cision inconstitutionnelle et unilat\u00e9rale d\u2019envoyer \u00e0 la retraite deux tiers du S\u00e9nat, au lieu d\u2019un tiers ordonn\u00e9 par la Loi \u00e9lectorale, rappelant du m\u00eame coup au CEP que les s\u00e9nateurs dont les droits et int\u00e9r\u00eats sont l\u00e9s\u00e9s ont en leur possession le certificat octroy\u00e9 par le CEP validant ce droit.<\/span><\/p>\n<p style=\"text-align: left;\"><span style=\"color: #000000;\">Le CEP est donc invit\u00e9 \u00e0 exercer le droit que lui conf\u00e8re la Constitution et la Loi de trancher \u00e9quitablement dans ce conflit post \u00e9lectoral. Il s\u2019agit, selon les manifestants, d\u2019\u00e9pargner au pays une crise politique extr\u00eamement grave qui pourrait d\u00e9boucher sur un \u00ab<em>dechoukaj g\u00e9n\u00e9ralis\u00e9<\/em>\u00bb.<\/span><\/p>\n<p style=\"text-align: left;\"><span style=\"color: #000000;\">Arborant des pancartes hostiles \u00e0 Jovenel Mo\u00efse et aux CEP, bande \u00e0 pied et soliste mobilis\u00e9s, et l\u2019atmosph\u00e8re surchauff\u00e9e, le personnel de l\u2019organisme \u00e9lectoral a d\u00fb faire appel aux forces de l\u2019ordre (CIMO) afin de s\u00e9curiser le p\u00e9rim\u00e8tre du CEP. Par ailleurs, d\u00e9clarant l\u2019\u00e8re de la dictature \u00abr\u00e9volue\u00bb, ils pensent que les projets de l\u2019apprenti dictateur qu\u2019est Jovenel Mo\u00efse est d\u00e9j\u00e0 vou\u00e9 l\u2019\u00e9chec. S\u2019insurgeant contre l\u2019intention du chef de l\u2019\u00c9tat de diriger par d\u00e9cret, un des protestataires a d\u00e9clar\u00e9, en col\u00e8re : \u00ab<em>Se pra l lag\u00e8 e n ap mache pran yo<\/em>\u00bb.<\/span><\/p>\n<p style=\"text-align: left;\"><span style=\"color: #000000;\">Rappelons que, bient\u00f4t un mois depuis que Jovenel Mo\u00efse a l\u00e2ch\u00e9 son fameux tweet, \u00abla caducit\u00e9 du Parlement constat\u00e9\u00bb, il n\u2019a toujours pas franchi l\u2019\u00e9tape l\u00e9gale et constitutionnelle pour ent\u00e9riner cette d\u00e9cision : la publication d\u2019un d\u00e9cret dans Le Moniteur \u00e0 ce sujet. Pourtant, il n\u2019a perdu une seule minute \u00e0 remplir ces formalit\u00e9s dans le cas de Claudy Gassant.<\/span><\/p>\n<p style=\"text-align: left;\"><span style=\"color: #000000;\">Tout compte fait, dans le dossier des s\u00e9nateurs, Jovenel Mo\u00efse persiste \u00e0 gesticuler. D\u2019aucuns diraient qu\u2019il continue \u00e0 faire des \u00abmouvements nuls\u00bb. Car il ne peut pas encore se donner les moyens de sa politique.<\/span><\/p>\n<hr \/>\n<p style=\"text-align: left;\"><span style=\"color: #000000;\">Cet article est publi\u00e9 par l\u2019hebdomadaire Ha\u00efti-Observateur, \u00e9dition du 29 janvier 2020\u00a0<strong>VOL. L, No. 4\u00a0<\/strong>New York, et se trouve en\u00a0<strong>P. 1, 4<\/strong>\u00a0\u00e0 : <a style=\"color: #000000;\" href=\"http:\/\/haiti-observateur.ca\/wp-content\/uploads\/2020\/01\/H-O-29-janvier-2020.pdf\">http:\/\/haiti-observateur.ca\/wp-content\/uploads\/2020\/01\/H-O-29-janvier-2020.pdf<\/a>\u00a0<\/span><\/p>\n","protected":false},"excerpt":{"rendered":"<p>BRAS DE FER PR\u00c9SIDENCE-S\u00c9NAT DE LA R\u00c9PUBLIQUE Jovenel Mo\u00efse peine \u00e0 trouver une issue par L\u00e9o Jovenel Mo\u00efse ne semble pas avoir mis sur pied une politique coh\u00e9rente pour g\u00e9rer la d\u00e9claration de caducit\u00e9 du Parlement auquel il a ajout\u00e9&#8230; <\/p>\n","protected":false},"author":1,"featured_media":5742,"comment_status":"closed","ping_status":"closed","sticky":false,"template":"","format":"standard","meta":{"footnotes":""},"categories":[15,25,30,39],"tags":[241,447,487,803,1088,1282,1413],"class_list":["post-4488","post","type-post","status-publish","format-standard","has-post-thumbnail","hentry","category-diplomatie","category-haiti","category-leo-joseph","category-politique","tag-bannann","tag-cep","tag-cimo","tag-electoraux","tag-haiti-observateur","tag-jovenel","tag-leopold-berlanger"],"_links":{"self":[{"href":"https:\/\/haiti-observateur.news\/index.php?rest_route=\/wp\/v2\/posts\/4488","targetHints":{"allow":["GET"]}}],"collection":[{"href":"https:\/\/haiti-observateur.news\/index.php?rest_route=\/wp\/v2\/posts"}],"about":[{"href":"https:\/\/haiti-observateur.news\/index.php?rest_route=\/wp\/v2\/types\/post"}],"author":[{"embeddable":true,"href":"https:\/\/haiti-observateur.news\/index.php?rest_route=\/wp\/v2\/users\/1"}],"replies":[{"embeddable":true,"href":"https:\/\/haiti-observateur.news\/index.php?rest_route=%2Fwp%2Fv2%2Fcomments&post=4488"}],"version-history":[{"count":1,"href":"https:\/\/haiti-observateur.news\/index.php?rest_route=\/wp\/v2\/posts\/4488\/revisions"}],"predecessor-version":[{"id":5799,"href":"https:\/\/haiti-observateur.news\/index.php?rest_route=\/wp\/v2\/posts\/4488\/revisions\/5799"}],"wp:featuredmedia":[{"embeddable":true,"href":"https:\/\/haiti-observateur.news\/index.php?rest_route=\/wp\/v2\/media\/5742"}],"wp:attachment":[{"href":"https:\/\/haiti-observateur.news\/index.php?rest_route=%2Fwp%2Fv2%2Fmedia&parent=4488"}],"wp:term":[{"taxonomy":"category","embeddable":true,"href":"https:\/\/haiti-observateur.news\/index.php?rest_route=%2Fwp%2Fv2%2Fcategories&post=4488"},{"taxonomy":"post_tag","embeddable":true,"href":"https:\/\/haiti-observateur.news\/index.php?rest_route=%2Fwp%2Fv2%2Ftags&post=4488"}],"curies":[{"name":"wp","href":"https:\/\/api.w.org\/{rel}","templated":true}]}}