{"id":4451,"date":"2020-01-29T07:48:07","date_gmt":"2020-01-29T12:48:07","guid":{"rendered":"http:\/\/haiti-observateur.ca\/?p=4451"},"modified":"2021-06-06T21:03:10","modified_gmt":"2021-06-06T21:03:10","slug":"les-quatre-faces-du-diable-de-lyon-ou-preynat-protege-de-barbarin","status":"publish","type":"post","link":"https:\/\/haiti-observateur.news\/?p=4451","title":{"rendered":"Les Quatre Faces du Diable de Lyon OU PREYNAT PROT\u00c9G\u00c9 DE BARBARIN"},"content":{"rendered":"<p style=\"text-align: left;\"><span style=\"color: #000000;\"><strong>DIPLOMATIE INTERNATIONALE &amp; SOCI\u00c9T\u00c9 <\/strong><em><a style=\"color: #000000;\" href=\"mailto:dan.albertini@reseauhem.ca\">par Dan Albertini<\/a><\/em><\/span><\/p>\n<ul style=\"text-align: left;\">\n<li><span style=\"color: #000000;\"><strong><em>Les Quatre Faces du Diable de Lyon <\/em><\/strong><strong>OU PREYNAT PROT\u00c9G\u00c9 DE BARBARIN<\/strong><\/span><\/li>\n<li><span style=\"color: #000000;\"><em>Entre (), Canada-Qu\u00e9bec\u00a0: quelle belle histoire de politique d\u2019imb\u00e9ciles par \u00e9lection, l\u2019ancien premier ministre du Qu\u00e9bec, en l\u2019occurrence Jean Charest, n\u2019est pas estim\u00e9 un homme propre dans un dossier o\u00f9 l\u2019ancienne ministre N Normandeau, ne plaide pas n\u00e9cessairement non coupable aujourd\u2019hui, mais, de proc\u00e9dure trop longue, l\u00e0 o\u00f9 le d\u00e9lit mineur est enferm\u00e9. Jean Charest croit vouloir \u00eatre PM du Canada\u00a0: pour quel peuple\u00a0? Fermons ().<\/em><\/span><\/li>\n<\/ul>\n<p style=\"text-align: left;\"><span style=\"color: #000000;\"><strong>P<\/strong>reynat coupable, qu\u2019en est-il de Barbarin qui l\u2019a abrit\u00e9 aux frais de ses victimes mineures\u00a0? <em>Pendant longtemps<\/em>. Imaginons, simulons l\u2019article in\u00e9dit de la presse musulmane islamiste\u00a0: <strong><em>les quatre faces du diable catholique de Lyon<\/em>, <em>ou Preynat prot\u00e9g\u00e9 de Barbarin<\/em>.<\/strong> Je soutiens, ce n\u2019est pas de l\u2019appropriation, mais une forme d\u2019emprunt de la pens\u00e9e m\u00e9diatique d\u2019un de ces pays. D\u2019abord, Salman Rushdie publiera sur le fait avec la m\u00eame d\u00e9rision que sur l\u2019Islam dans le temps [<strong>NON<\/strong>], il l\u2019aurait d\u00e9j\u00e0 fait. Le <em>catho<\/em> par contre viendra-t-il me faire la\u2026 \u00a0pour offense \u00e0 sa <em>majest\u00e9 Preynat-de-Barbarin<\/em>, comme \u00e0 l\u2019\u00e9poque des h\u00e9r\u00e9sies, je l\u2019attends avec versets lois. Et, plus si n\u00e9cessaire le <em>dies<\/em> est y r\u00e9pondra dans les r\u00e8gles de l\u2019infini. Je le dis avec insistance, c\u2019est une simulation. Je ne veux d\u00e9fendre <em>ab absurdo<\/em> le silence d\u2019en face pour en faire l\u2019hypoth\u00e8se d\u00e9pos\u00e9e. En outre, la guerre serait ouverte, la victime reconfirm\u00e9e.<\/span><\/p>\n<p style=\"text-align: left;\"><span style=\"color: #000000;\"><u>La premi\u00e8re option<\/u> de cette presse <strong>I<\/strong> serait devoir critiquer vertement et non sans raison, les associations dont les vertus et dominations grandissantes, ne disent mot sur la criminalit\u00e9 du geste de Preynat. Est-ce alors le membre cach\u00e9 ce Barbarin ce Preynat par <em>dieu<\/em>-Decourtray ?<\/span><\/p>\n<p style=\"text-align: left;\"><span style=\"color: #000000;\"><u>La deuxi\u00e8me option<\/u> serait devoir critiquer ouvertement et non sans raison, le gouvernement associ\u00e9 \u00e0 cette d\u00e9fense par la loi de l\u2019omerta quand il s\u2019agit de s\u2019afficher, c\u2019est la glorification politique et un leadership mesquin, <em>sur le dos de la victime au pluriel<\/em>.<\/span><\/p>\n<p style=\"text-align: left;\"><span style=\"color: #000000;\"><u>La troisi\u00e8me option<\/u> serait devoir r\u00e9clamer justice pour la victime, par voie de solidarit\u00e9, mais je ne crois trop en celle-ci, car la d\u00e9fense de ce droit n\u2019est nullement d\u00e9montr\u00e9e en logique <strong>I<\/strong>.<\/span><\/p>\n<p style=\"text-align: center;\"><img loading=\"lazy\" decoding=\"async\" class=\"size-medium wp-image-5754 aligncenter\" src=\"http:\/\/haiti-observateur.news\/wp-content\/uploads\/2021\/06\/HO29janvier2020perepreynatGrille1-300x167.jpg\" alt=\"\" width=\"300\" height=\"167\" srcset=\"https:\/\/haiti-observateur.news\/wp-content\/uploads\/2021\/06\/HO29janvier2020perepreynatGrille1-300x167.jpg 300w, https:\/\/haiti-observateur.news\/wp-content\/uploads\/2021\/06\/HO29janvier2020perepreynatGrille1-768x427.jpg 768w, https:\/\/haiti-observateur.news\/wp-content\/uploads\/2021\/06\/HO29janvier2020perepreynatGrille1.jpg 827w\" sizes=\"auto, (max-width: 300px) 100vw, 300px\" \/><\/p>\n<p style=\"text-align: left;\"><span style=\"color: #000000;\">Je reviens cependant \u00e0 la solidarit\u00e9 socio-internationale, l\u00e0 o\u00f9 pourtant <em>tweet, facebook, etc<\/em>. soutiennent toute forme toute cause en alerte. Alors, pourquoi <em>l\u2019omerta-<\/em>Barbarin en amont, et ce silence sur le <em>silence-Barbarin<\/em> jusqu\u2019\u00e0 aujourd\u2019hui quand il y a \u00ab<em>me too<\/em>\u00bb, le droit est-il si peu universel apr\u00e8s tant de lunes de l\u2019universalit\u00e9 des droits de l\u2019homme, en France. Je note que cela se passe \u00e0 une \u00e9poque o\u00f9 l\u2019\u00c9tat veut \u00eatre <em>dieu<\/em> quand on ne tol\u00e8re Dieu de la foi, et \u00a0l\u2019\u00c9tat nous red\u00e9finit la mort par le mat\u00e9riel entre les mains de la science d\u2019une part, mais en r\u00e9alit\u00e9 entre les mains d\u2019une industrie, d\u2019autre part. Mieux, d\u2019un capital \u00e0 qui l\u2019on se soumet.<\/span><\/p>\n<p style=\"text-align: left;\"><span style=\"color: #000000;\">Le Vatican est un \u00c9tat invit\u00e9, il n\u2019est pas un \u00c9tat membre, <em>donc sans droit de vote<\/em>, pourquoi l\u2019ONU n\u2019a-t-elle rien dit non plus quand on parle avec frasques publicitaires d\u00e9nonciatrices sur les victimes de camps r\u00e9fugi\u00e9s ou de prisonniers de guerre, mais la blessure ici\u00a0: <strong><em>omerta<\/em><\/strong>\u00a0? <strong><em>Les quatre faces du diable catholique de Lyon<\/em>, <em>ou Preynat prot\u00e9g\u00e9 de Barbarin<\/em><\/strong> n\u2019est pas le titre d\u2019une imposture d\u00e9guis\u00e9e en faveur d\u2019une presse cit\u00e9e plus haut. C\u2019est la d\u00e9finition m\u00eame dans les termes d\u00e9crits de la Bible que tenait Preynat-Barbarin du dioc\u00e8se de Lyon, en soumettant les victimes innocentes \u00e0 la d\u00e9ification sugg\u00e9r\u00e9e de Decourtray dans Paris Match <strong>No. 2533-2065<\/strong>\/22 d\u00e9c. 1998, <strong>P.XXXIV<\/strong>\u00a0: \u00ab<em>je voudrais que tous les hommes deviennent <strong>DIEU<\/strong><\/em>\u00bb. Mais ce <strong>DIEU<\/strong> \u00e0 ce stade \u00e9tait accessible rien qu\u2019\u00e0 Preynat le pr\u00eatre <strong><em>lgbtqD<\/em> <\/strong>p\u00e9dophile.<\/span><\/p>\n<p style=\"text-align: left;\"><span style=\"color: #000000;\">La presse <em>musulmane islamique<\/em> n\u2019a en fait rien dit. L\u2019adventiste pas plus que la presse juive ni de <strong>JW<\/strong>, ou, toute autre de culte r\u00e9form\u00e9, n\u2019a su dire<strong>.<\/strong> <em>Spiritualit\u00e9 et droits sont en berne<\/em>\u00a0!<\/span><\/p>\n<hr \/>\n<p style=\"text-align: left;\"><span style=\"color: #000000;\">Cet article est publi\u00e9 par l\u2019hebdomadaire Ha\u00efti-Observateur, \u00e9dition du 29 janvier 2020\u00a0<strong>VOL. L, No. 4\u00a0<\/strong>New York, et se trouve en\u00a0<strong>P. 12<\/strong>\u00a0\u00e0 :\u00a0<a href=\"http:\/\/haiti-observateur.ca\/wp-content\/uploads\/2020\/01\/H-O-29-janvier-2020.pdf\">http:\/\/haiti-observateur.ca\/wp-content\/uploads\/2020\/01\/H-O-29-janvier-2020.pdf<\/a><\/span><\/p>\n","protected":false},"excerpt":{"rendered":"<p>DIPLOMATIE INTERNATIONALE &amp; SOCI\u00c9T\u00c9 par Dan Albertini Les Quatre Faces du Diable de Lyon OU PREYNAT PROT\u00c9G\u00c9 DE BARBARIN Entre (), Canada-Qu\u00e9bec\u00a0: quelle belle histoire de politique d\u2019imb\u00e9ciles par \u00e9lection, l\u2019ancien premier ministre du Qu\u00e9bec, en l\u2019occurrence Jean Charest, n\u2019est&#8230; <\/p>\n","protected":false},"author":3,"featured_media":5755,"comment_status":"closed","ping_status":"closed","sticky":false,"template":"","format":"standard","meta":{"footnotes":""},"categories":[16,21,47],"tags":[247,434,615,683,1081,1207,1730,1954,1958],"class_list":["post-4451","post","type-post","status-publish","format-standard","has-post-thumbnail","hentry","category-diplomatieinternationale","category-europe","category-societe","tag-barbarin","tag-catho","tag-dan-albertini","tag-diable","tag-haiti","tag-islam","tag-observateur","tag-presse","tag-preynat"],"_links":{"self":[{"href":"https:\/\/haiti-observateur.news\/index.php?rest_route=\/wp\/v2\/posts\/4451","targetHints":{"allow":["GET"]}}],"collection":[{"href":"https:\/\/haiti-observateur.news\/index.php?rest_route=\/wp\/v2\/posts"}],"about":[{"href":"https:\/\/haiti-observateur.news\/index.php?rest_route=\/wp\/v2\/types\/post"}],"author":[{"embeddable":true,"href":"https:\/\/haiti-observateur.news\/index.php?rest_route=\/wp\/v2\/users\/3"}],"replies":[{"embeddable":true,"href":"https:\/\/haiti-observateur.news\/index.php?rest_route=%2Fwp%2Fv2%2Fcomments&post=4451"}],"version-history":[{"count":2,"href":"https:\/\/haiti-observateur.news\/index.php?rest_route=\/wp\/v2\/posts\/4451\/revisions"}],"predecessor-version":[{"id":5801,"href":"https:\/\/haiti-observateur.news\/index.php?rest_route=\/wp\/v2\/posts\/4451\/revisions\/5801"}],"wp:featuredmedia":[{"embeddable":true,"href":"https:\/\/haiti-observateur.news\/index.php?rest_route=\/wp\/v2\/media\/5755"}],"wp:attachment":[{"href":"https:\/\/haiti-observateur.news\/index.php?rest_route=%2Fwp%2Fv2%2Fmedia&parent=4451"}],"wp:term":[{"taxonomy":"category","embeddable":true,"href":"https:\/\/haiti-observateur.news\/index.php?rest_route=%2Fwp%2Fv2%2Fcategories&post=4451"},{"taxonomy":"post_tag","embeddable":true,"href":"https:\/\/haiti-observateur.news\/index.php?rest_route=%2Fwp%2Fv2%2Ftags&post=4451"}],"curies":[{"name":"wp","href":"https:\/\/api.w.org\/{rel}","templated":true}]}}