{"id":4442,"date":"2020-01-28T21:04:43","date_gmt":"2020-01-28T21:04:43","guid":{"rendered":"http:\/\/haiti-observateur.ca\/?p=4442"},"modified":"2021-06-06T21:05:03","modified_gmt":"2021-06-06T21:05:03","slug":"lempreinte-de-la-coercition","status":"publish","type":"post","link":"https:\/\/haiti-observateur.news\/?p=4442","title":{"rendered":"L\u2019EMPREINTE DE LA COERCITION"},"content":{"rendered":"<p style=\"text-align: left;\"><span style=\"color: #000000;\"><strong>DIPLOMATIE INTERNATIONALE ET SOCI\u00c9T\u00c9 <\/strong><em><a style=\"color: #000000;\" href=\"mailto:dan.albertini@reseauhem.com\">Par Dan Albertini<\/a><\/em><\/span><\/p>\n<ul>\n<li style=\"text-align: left;\"><span style=\"color: #000000;\"><strong>L\u2019EMPREINTE DE LA COERCITION<\/strong><\/span><\/li>\n<li style=\"text-align: left;\"><span style=\"color: #000000;\"><em>Entre (). Si Donald Trump candidat \u00e0 la pr\u00e9sidence (U.S.) venait nous visiter \u00e0 Verti\u00e8res. Nous lui ferions voir l\u2019esprit de la Ravine-\u00e0-Couleuvres, lui parlerons de Roosevelt pr\u00e9sident en visite au Cap-Ha\u00eftien. Il comprendrait alors pourquoi Bill sortant d\u2019Ha\u00efti est devenu pr\u00e9sident. Lui nous parlerait de secrets de l\u2019\u00e9rection d\u2019une Trump Tower. Fermons les ().<\/em><\/span><em style=\"color: #000000;\">\u00a0<\/em><\/li>\n<\/ul>\n<p style=\"text-align: left;\"><span style=\"color: #000000;\"><strong>J<\/strong>e saisis Dr. Momplaisir dans son essai d\u2019\u00c9gologie philosophique priv\u00e9e (Mes Convictions profondes &#8211; pens\u00e9es \u00e0 l\u2019ombre du soir, 2015), par la pr\u00e9sentation du professeur Jean Norgaisse en <strong>P<\/strong>.14, partage son appartenance entre une constellation philosophique de Saint-Augustin et la scolastique de saint Thomas d\u2019Aquin, pour dire qu\u2019il se dispense de sa grande plaidoirie. Est-ce une conviction profonde, ou une cons\u00e9quence spirituelle de la coercition vaticane de son \u00e9poque, chez les Fr\u00e8res Saint-Louis de Gonzague\u00a0(r\u00e9sidu de la campagne catholique \u00ab <em>r\u00e9j\u00e9t\u00e9<\/em> \u00bb)\u00a0? Donc, la peur de mourir damn\u00e9 par la religion de son c\u0153ur, est sa th\u00e9matique cach\u00e9e. Quelle affaire, dirais l\u2019un des personnages du conteur ha\u00eftien, Maurice Sixto.<\/span><\/p>\n<p style=\"text-align: left;\"><span style=\"color: #000000;\">Alors, si le chef de la diplomatie ha\u00eftienne est \u00e0 l\u2019image de Dr. Momplaisir, quand il rencontre le Nonce \u00e0 Port-au-Prince ou Clinton \u00e0\u2026, quelle pens\u00e9e nationale, quand Gordon A. Craig et Alexander L. George nous disent en <strong>P<\/strong>.197 <em>Chap.14<\/em> de l\u2019ouvrage Force and Statecraft, Diplomatic problems of our time\u00a0: \u00ab <em>Coercive diplomacy needs to be distinguished from pure coercion<\/em> \u00bb\u00a0? S\u2019il faut comprendre Dr. Momplaisir par cette phrase, <strong>P<\/strong>.6 <em>Chap.1<\/em> du m\u00eame ouvrage\u00a0: \u00ab <em>No one can say that Louis XIV was a man of small ambition. He dreamed in universal terms and sought to realize those dreams by a combination of diplomatic and military means<\/em> \u00bb, et, \u00ab <em>Plus que nulle autre, la pens\u00e9e de saint Augustin a jou\u00e9 un r\u00f4le consid\u00e9rable au XX<sup>e<\/sup> si\u00e8cle\u2026 <\/em>\u00ab <em>l\u2019homme occidental est souvent \u00ab augustinien \u00bb sans le savoir<\/em> \u00bb, en introduction <strong>P<\/strong>.7 dans l\u2019ouvrage de Jean-Francois Petit, Saint Augustin notre contemporain. De ce fait, Delienne est-il format\u00e9 pour subir la coercition malgr\u00e9 1804 ou, devrais-je me rattraper par le pass\u00e9 : <em>rassurez-vous nous ne sommes pas en guerre et, guerre s\u2019il y a ce serait de l\u2019ordre de nos neurones diplomatiques. Les canons sont de l\u2019ordre de l\u2019art d\u2019op\u00e9rer en diplomatie internationale. L\u2019avenir des soci\u00e9t\u00e9s, la n\u00f4tre aussi, nous obligent en ce sens. <\/em>Ce pour jouer au marronnage ou \u00e0 la diplomatie<em>. <\/em>Alors, que pourrait nous dire le nouveau Ati national qui doute\u00a0dans son profond besoin de c\u00f4toyer Trudeau PM ?<\/span><\/p>\n<p style=\"text-align: left;\"><span style=\"color: #000000;\">Il m\u2019arrive parfois de ruminer du sujet d\u2019Alfred Nemours\/Caribean Studies, d\u2019une universit\u00e9 \u00e0 Puerto-Rico qui sugg\u00e9rait d\u00e9j\u00e0 sans d\u00e9tours des acquis ant\u00e9rieurs. Puis, du d\u00e9but des n\u00e9gociations des fondateurs qui ont vu na\u00eetre les Nations Unies, trouv\u00e9es aux archives de la d\u00e9funte SDN. Foi d\u2019expertise, de haut savoir du calibre de la globalit\u00e9 chez les autres mais un paradigme qui nous honoraient \u00e0 hauteur de 1804. Cependant, \u00e9taient-elles dilu\u00e9es \u00e0 cette \u00e9poque, et si cela fut, suffit-il pour nous aujourd\u2019hui, de nous croire Ha\u00eftiens avec une touche endog\u00e8ne mais avec une <em>neuroplasticit\u00e9<\/em> du cerveau adepte \u00e0 la consommation de la diplomatie coercitive, en m\u00eame temps \u00eatre Canadien avec la peine invers\u00e9e devenue vertu, pour forger ce minist\u00e8re global que quittera un jour St\u00e9phane Dion\u00a0?<\/span><\/p>\n<p style=\"text-align: left;\"><span style=\"color: #000000;\">La m\u00e9taphysique nous laisserait sans esth\u00e9tique parmi les canons disponibles que nous avions trac\u00e9s l\u2019an dernier, pour une diplomatie ha\u00eftienne au service de la Nation. Ceux linguistiques \u00e9tant insuffisants pour rendre ceux psychologiques ph\u00e9nom\u00e9nologiques. Que reste-t-il \u00e0 notre <em>Pomp\u00e9i-2010<\/em> si l\u2019on reste dans la compr\u00e9hension Momplaisir, d\u2019Ha\u00efti\u00a0?<\/span><\/p>\n<p style=\"text-align: left;\"><span style=\"color: #000000;\">Faisons donc parler la m\u00e9taphysique ha\u00eftienne par ce nouvel Ati qui vient du Canada. Il y a l\u00e0 commune mesure avec politique et diplomatie. L\u2019\u00e9migr\u00e9 sans plan de retour avec n\u00e9anmoins l\u2019empreinte de la coercition devient en fait un NASS d\u2019immigr\u00e9 commun. Sa banni\u00e8re d\u2019exil\u00e9 aura d\u00e9pass\u00e9 l\u2019authenticit\u00e9 insulaire pour faire unanimit\u00e9 chez la rigueur m\u00e9taphysique. Gageons qu\u2019un J.N. Myrtil ancien Secr\u00e9taire d\u2019\u00c9tat aux MAECH, de retour \u00e0 Bruxelles, qui a \u00e9tudi\u00e9 chez les Fr\u00e8res du Sacr\u00e9-C\u0153ur mais est rest\u00e9 ferm\u00e9 dans ce spectre ha\u00eftien-de-consommateur, ne sera insensible \u00e0 cette culture rurale r\u00e9tablie. Question alors\u00a0: la <em>neuroplasticit\u00e9<\/em> du cerveau de Joseph Coma a \u00e9volu\u00e9 comment dans l\u2019authenticit\u00e9 ou, a r\u00e9gress\u00e9 \u00e0 quel point pour enjoindre le contexte de sa nomination \u00e0 titre de Prince du Vaudou par un pape du B\u00e9nin (bouture du Haut-Dahomey)\u00a0? Comprenons-le pour besoins de la cause.<\/span><\/p>\n<p style=\"text-align: left;\"><span style=\"color: #000000;\">Formulons autrement\u00a0: simulons Joseph Coma qui rencontre Bill Clinton qui lui, a d\u00e9j\u00e0 connu Beauvoir en Ha\u00efti. Comment accueille-t-il cet Am\u00e9ricain ancien pr\u00e9sident, mieux, dans la compr\u00e9hension de Dr. Momplaisir\u00a0? Autrement dit, quelle serait l\u2019empreinte de Bill Clinton dans ce cerveau Coma, comme \u00e0 l\u2019\u00e9poque des recherches ha\u00eftiennes de Dr. Wade Davis Ph.D, chez Beauvoir ? Ce n\u2019est une r\u00e9ponse mais Coma autrefois a recul\u00e9 face \u00e0 une comparaison.<\/span><\/p>\n<p style=\"text-align: left;\"><span style=\"color: #000000;\">Ati aujourd\u2019hui, Coma en visite exploratoire au Canada rencontre Trudeau qui a fr\u00e9quent\u00e9 les jumelles Allen de son comt\u00e9 \u00e9lectoral, sera-t-il cet immigrant re\u00e7u devenu canadien, donc militant utile en p\u00e9riode \u00e9lectorale, ou d\u00e9tenteur d\u2019un v\u00e9ritable pouvoir d\u2019influencer\u00a0?<\/span><\/p>\n<p style=\"text-align: left;\"><span style=\"color: #000000;\">L\u2019int\u00e9r\u00eat pour nous n\u2019est de se jeter \u00e0 bras raccourci sur vaudou et Coma. Mais ils dont l\u2019ordre des <em>ph\u00e9nom\u00e9naux<\/em>. Ce pattern s\u2019applique \u00e0 nos fr\u00e8res Protestants toute vocation confondue, le fr\u00e8re catho aussi vit dans un microcosme h\u00e9berg\u00e9, soit un cocoon qui n\u2019a jamais \u00e9clos. Nos <em>abscons<\/em> n\u2019en sont pas moins concern\u00e9s avec un aveu relatif au Grand Orient de France.<\/span><\/p>\n<p style=\"text-align: left;\"><span style=\"color: #000000;\">Il y a aussi les canons linguistiques o\u00f9 l\u2019esprit de possession n\u2019est m\u00e9taphysique mais litt\u00e9raire. <em>Cela saura \u00e9lucider Coma-Beauvoir<\/em>. Prenons Laferri\u00e8re accueilli \u00e0 l\u2019Acad\u00e9mie fran\u00e7aise pour sa d\u00e9marche os\u00e9e, \u00e9tranger \u00e9tant. Bien qu\u2019il soit consid\u00e9r\u00e9 chez <em>nous<\/em> vendeur d\u2019une \u0153uvre qu\u2019il ne sait d\u00e9finir \u00e0 ce stade-ci. Automatisme, hasardeux, n\u00e9ophyte ou je ne sais de <em>ce dieu faiseur de sa culture<\/em>. Si l\u2019on s\u2019appliquait r\u00e9ellement en recherches assidues en dehors des besoins de protection et de pol\u00e9mique au Quai Conti, l\u2019observateur ind\u00e9pendant d\u00e9couvrirait Enthoven. Nouvelle recette chez Laferri\u00e8re d\u00e9j\u00e0 paresseux dans la pens\u00e9e, <em>un demain bien avant Antigone<\/em>. Cette forge devient subsidiaire de la pens\u00e9e Enthoven <em>p\u00e8re &amp; fils<\/em>. Heureux encore qu\u2019il n\u2019aille chez Bernard-Henri L\u00e9vy. <em>Homme aigri de ce qu\u2019il n\u2019est, voulant s\u2019imposer par un nom religieux d\u00e9coulant en effet d\u2019une pens\u00e9e caustique augustinienne \u00e0 visi\u00e8res lat\u00e9rales<\/em>. <em>Un homme qui Fran\u00e7ais comme il le d\u00e9clare en P.16, Prologue, de son ouvrage l\u2019Esprit du Juda\u00efsme. Et un n\u00e9gationniste de la d\u00e9shumanisation des Noirs par le Code noir.<\/em> Lequel Code, Dany le dit \u00e0 nous Noirs, en causerie au Caf\u00e9 DA (biblioth\u00e8que Ahuntsic, Mtl) le 25\/02\/2012 https:\/\/www.youtube.com\/watch?v=6hcxHideeQc \u00ab <em>\u00e9tait pour la protection des esclaves noirs<\/em> \u00bb. Osez donc une telle insinuation chez le <em>revendicationiste<\/em> Levy et vous verrez plus que la m\u00e9gatonne tomb\u00e9e sur la t\u00eate de Nbala Nbala, jusqu\u2019au Qu\u00e9bec des Enfants de Duplessis, de Saint-Jean-de-Dieu. <em>Raison pour laquelle je veux m\u2019instrumenter \u00e0 rectifier par Le Travail de l\u2019Immortel.<\/em><\/span><\/p>\n<p style=\"text-align: left;\"><span style=\"color: #000000;\">Voulez-vous un indice chez Laferri\u00e8re, surveillez l\u2019acad\u00e9micien qui passera d\u00e9sormais en revue amis et connaissances. Incisif, mode <em>Saisons de papier<\/em> car il ne pourra faire \u00e9crire la Da somnolente de la culture orale ni Petit-Go\u00e2ves aux fourmis. Paresse d\u2019\u00e9crivain, l\u2019affaire se fera en cercle herm\u00e9tique prot\u00e9g\u00e9. <em>Ce qui faillit faire couler l\u2019Acad\u00e9mie d\u2019ailleurs.<\/em> Telle une coercition linguistique ascendante. S\u2019il s\u2019av\u00e8re vrai que Coma serait plus proche de ses sous que toute science r\u00e9elle, ou si Laferri\u00e8re tellement plus publiciste pour son \u00e9go, que tout int\u00e9r\u00eat de d\u00e9veloppement endog\u00e8ne de la litt\u00e9rature ha\u00eftienne. M\u00eame lorsqu\u2019il joue \u00e0 l\u2019\u00e9p\u00e9e de legba\u00a0; ce qui serait le cas de dire\u00a0Ha\u00efti r\u00e9publique de princes vodou locaux, quelle \u00e9volution pour notre diplomatie\u00a0! <em>Momplaisir-Saint-Augustin, Laferri\u00e8re-Enthoven, Coma-Protestant.<\/em><\/span><\/p>\n<p style=\"text-align: left;\"><span style=\"color: #000000;\">Pourquoi faut-il s\u2019accorder le temps d\u2019analyser tant les empreintes que leur nature\u00a0? Nous nous devons de bien comprendre implications et enjeux. Consultons l\u2019ouvrage de Jean-Francois Bri\u00e8re, Ha\u00efti et la France 1804-1848 le r\u00eave bris\u00e9 en <strong>P<\/strong>.19 Chap.1\u00a0: \u00ab <em>l\u2019int\u00e9r\u00eat de toutes les puissances colonistes veut que Saint-Domingue soit r\u00e9tabli dans l\u2019\u00e9tat politique et colonial o\u00f9 il \u00e9tait avant la r\u00e9volution. On ne souffrira pas, au milieu des Antilles, un foyer de r\u00e9volte, un repaire de pirates et de brigands, une \u00e9cole de r\u00e9volution<\/em> <em>[\u2026] Si la France seule est dans l\u2019impuissance de soumettre [\u2026] toutes les autres puissances colonistes doivent joindre leurs forces\u2026<\/em> \u00bb. Il y a eu r\u00e9guli\u00e8rement convention d\u2019int\u00e9r\u00eat soit ouverte, soit subtile.<\/span><\/p>\n<p style=\"text-align: left;\"><span style=\"color: #000000;\">L\u2019empreinte de la coercition diplomatique aura donc creus\u00e9 plus que sinueux ce sentier dans la <em>neuroplasticit\u00e9<\/em> des cerveaux occultistes comme adorateurs. Que dire du politique observ\u00e9 jusqu\u2019\u00e0 nos jours. Bri\u00e8re le d\u00e9montre en <strong>P<\/strong>.284 du m\u00eame ouvrage\u00a0: \u00ab <em>\u00c0 chaque instant, Europ\u00e9ens et Ha\u00eftiens (les hommes de couleur particuli\u00e8rement) viennent demander au consul g\u00e9n\u00e9ral de France s\u2019il aura bient\u00f4t un b\u00e2timent de guerre \u00e0 sa disposition pour les prot\u00e9ger. On ne sait plus \u00e0 quoi s\u2019en tenir\u00a0; la terreur du pouvoir gouvernemental augmente\u00a0; l\u2019audace des r\u00e9volutionnaires s\u2019accroit.<\/em> \u00bb. R\u00eave bris\u00e9, la corruption et l\u2019app\u00e2t du gain aidant.<\/span><\/p>\n<p style=\"text-align: left;\"><span style=\"color: #000000;\">Refuser l\u2019empreinte, un indice de vitalit\u00e9, un symbole contre la connivence m\u00e9diatique. La France une fois de plus va mal pour la diplomatie, une fois de trop pour ses petites bourses, et s\u2019est mal pr\u00e9par\u00e9e pour ce qui pourtant \u00e9tait pr\u00e9visible dans une Europe au risque du Brexit. Sur son terroir inond\u00e9, en crise de justice, d\u2019\u00e9conomie, de s\u00e9curit\u00e9, de pens\u00e9e. Le Monde \u00e9dition \u00e9lectronique du 30\/05\/2016 titre\u00a0: \u00ab Recep Tayyip Erdogan condamne la r\u00e9pression polici\u00e8re en France \u00bb. Elle cite Erdogan\u00a0: \u00ab <em>Je condamne la violence exerc\u00e9e par la police fran\u00e7aise contre les gens qui usent de leur droit de manifester<\/em>\u2026 \u00bb. Nationaliste, l\u2019\u00e9dition se sent oblig\u00e9e de citer Erdogan du point de vue commercial, face \u00e0 la comp\u00e9tition, mais sugg\u00e8re avec cette insertion pernicieuse : \u00ab <em>lire aussi\u00a0: \u00c9lections l\u00e9gislatives en Turquie\u00a0: Recep Tayyip Erdogan, ou la d\u00e9rive autoritaire du pr\u00e9sident <\/em>turc \u00bb. L\u2019effet pervers qui d\u00e9samorce la d\u00e9claration du pr\u00e9sident turc. <a style=\"color: #000000;\" href=\"http:\/\/www.lemonde.fr\/europe\/article\/2016\/05\/30\/recep-tayyip-erdogan-condamne-la-repression-policiere-en-france_4929173_3214.html\">http:\/\/www.lemonde.fr\/europe\/article\/2016\/05\/30\/recep-tayyip-erdogan-condamne-la-repression-policiere-en-france_4929173_3214.html<\/a>.<\/span><\/p>\n<p style=\"text-align: left;\"><span style=\"color: #000000;\">C\u2019est donc cette coercition pathologique qui veut forger comme pour une ran\u00e7on quand les int\u00e9r\u00eats de leurs princes d\u00e9chus sont menac\u00e9s par des effets pervers. La France en particulier a toujours d\u00e9montr\u00e9 ce caract\u00e8re mauvais perdant arrogant. Lequel perdant qui ne g\u00e8re chez lui aujourd\u2019hui et explore l\u2019espoir de rep\u00eachage d\u2019une autre puissance solidaire.<\/span><\/p>\n<p style=\"text-align: left;\"><span style=\"color: #000000;\">Disons-le sans timidit\u00e9, ceci n\u2019est un appui pour la prolongation des 120 jours de Privert. Les dispositions pr\u00e9voient des m\u00e9canismes. Mais bravo, pour une fois souverain, on a l\u2019occasion de se mesurer dans notre vraie mesure. Fran\u00e7ois Benoit aurait pu par automatisme faire comme tout le monde, au Cieve. Il s\u2019est \u00e9tonnement comport\u00e9 \u00e0 la hauteur d\u2019un homme d\u2019\u00e9tat. Lequel statut qu\u2019il r\u00e9clamait autrefois. Ce n\u2019\u00e9tait de l\u2019\u00e9criture. Le contraire serait en r\u00e9f\u00e9rence un Laferri\u00e8re en rencontre avec Francois Hollande. Il dit aux journalistes pr\u00e9sents, qu\u2019il avait sugg\u00e9r\u00e9 au pr\u00e9sident que la France \u00ab <em>pr\u00e9sence de la France en Haiti plus plus solide<\/em> \u00bb. Il ignore qu\u2019Enthoven reproduira Camus chez lui mais alg\u00e9rien, incisif, macul\u00e9. Nous alors, croyons la R\u00e9publique m\u00fbre pour financer ses \u00e9lections pr\u00e9sidentielles dans les r\u00e8gles de l\u2019art au prix de sacrifices personnels. Les a\u00een\u00e9s s\u2019en \u00e9taient charg\u00e9s d\u2019une dette impos\u00e9e. Mieux vaut donc une \u00e9cole nationale que l\u2019individualiste pour combattre les empreintes de la coercition. <em>Mieux vaut mettre ses \u0153ufs dans nos paniers.<\/em><\/span><\/p>\n<p style=\"text-align: left;\"><span style=\"color: #000000;\"><a style=\"color: #000000;\" href=\"mailto:dan@danalbertini.com\">dan@danalbertini.com<\/a><\/span><\/p>\n<hr \/>\n<p style=\"text-align: left;\"><span style=\"color: #000000;\">Cet article est publi\u00e9 par l\u2019hebdomadaire Ha\u00efti-Observateur, \u00e9dition du aaa\u00a0 2016\u00a0<strong>VOL. XXXXVI, No.\u00a0\u00a0<\/strong>New York, et se trouve en\u00a0<strong>P. 0<\/strong>\u00a0\u00e0<\/span> :<\/p>\n","protected":false},"excerpt":{"rendered":"<p>DIPLOMATIE INTERNATIONALE ET SOCI\u00c9T\u00c9 Par Dan Albertini L\u2019EMPREINTE DE LA COERCITION Entre (). Si Donald Trump candidat \u00e0 la pr\u00e9sidence (U.S.) venait nous visiter \u00e0 Verti\u00e8res. Nous lui ferions voir l\u2019esprit de la Ravine-\u00e0-Couleuvres, lui parlerons de Roosevelt pr\u00e9sident en&#8230; <\/p>\n","protected":false},"author":3,"featured_media":2078,"comment_status":"closed","ping_status":"closed","sticky":false,"template":"","format":"standard","meta":{"footnotes":""},"categories":[16,25],"tags":[520,615,1025,1088,1625,1681,2140],"class_list":["post-4442","post","type-post","status-publish","format-standard","has-post-thumbnail","hentry","category-diplomatieinternationale","category-haiti","tag-coercition","tag-dan-albertini","tag-gonzague","tag-haiti-observateur","tag-momplaisir","tag-nemours","tag-sdn"],"_links":{"self":[{"href":"https:\/\/haiti-observateur.news\/index.php?rest_route=\/wp\/v2\/posts\/4442","targetHints":{"allow":["GET"]}}],"collection":[{"href":"https:\/\/haiti-observateur.news\/index.php?rest_route=\/wp\/v2\/posts"}],"about":[{"href":"https:\/\/haiti-observateur.news\/index.php?rest_route=\/wp\/v2\/types\/post"}],"author":[{"embeddable":true,"href":"https:\/\/haiti-observateur.news\/index.php?rest_route=\/wp\/v2\/users\/3"}],"replies":[{"embeddable":true,"href":"https:\/\/haiti-observateur.news\/index.php?rest_route=%2Fwp%2Fv2%2Fcomments&post=4442"}],"version-history":[{"count":1,"href":"https:\/\/haiti-observateur.news\/index.php?rest_route=\/wp\/v2\/posts\/4442\/revisions"}],"predecessor-version":[{"id":5802,"href":"https:\/\/haiti-observateur.news\/index.php?rest_route=\/wp\/v2\/posts\/4442\/revisions\/5802"}],"wp:featuredmedia":[{"embeddable":true,"href":"https:\/\/haiti-observateur.news\/index.php?rest_route=\/"}],"wp:attachment":[{"href":"https:\/\/haiti-observateur.news\/index.php?rest_route=%2Fwp%2Fv2%2Fmedia&parent=4442"}],"wp:term":[{"taxonomy":"category","embeddable":true,"href":"https:\/\/haiti-observateur.news\/index.php?rest_route=%2Fwp%2Fv2%2Fcategories&post=4442"},{"taxonomy":"post_tag","embeddable":true,"href":"https:\/\/haiti-observateur.news\/index.php?rest_route=%2Fwp%2Fv2%2Ftags&post=4442"}],"curies":[{"name":"wp","href":"https:\/\/api.w.org\/{rel}","templated":true}]}}