{"id":4429,"date":"2016-03-30T09:38:24","date_gmt":"2016-03-30T13:38:24","guid":{"rendered":"http:\/\/haiti-observateur.ca\/?p=4429"},"modified":"2016-03-30T09:38:24","modified_gmt":"2016-03-30T13:38:24","slug":"pierrot-delienne-ministre-sans-mandat","status":"publish","type":"post","link":"https:\/\/haiti-observateur.news\/?p=4429","title":{"rendered":"PIERROT D\u00c9LIENNE MINISTRE SANS MANDAT"},"content":{"rendered":"<p style=\"text-align: left;\"><span style=\"color: #000000;\"><strong>DIPLOMATIE INTERNATIONALE ET SOCI\u00c9T\u00c9 <\/strong><em><a style=\"color: #000000;\" href=\"mailto:dan.albertini@reseauhem.com\">Par Dan Albertini<\/a><\/em><\/span><\/p>\n<ul>\n<li style=\"text-align: left;\"><span style=\"color: #000000;\"><strong>PIERROT D\u00c9LIENNE MINISTRE SANS MANDAT<\/strong><\/span><\/li>\n<li style=\"text-align: left;\"><span style=\"color: #000000;\"><em>Entre (). La RD aurait-elle trouv\u00e9 un terrain d\u2019entente fraternelle sur l\u2019\u00eele ou, r\u00e9pit strat\u00e9gique puisqu\u2019Ha\u00efti sans gouvernement \u00e9lu, donc les ressortissants \u00e0 l\u2019\u00e9tranger abandonn\u00e9s, alors silence radio ? Curieux, Mirlande Manigat et Edmonde S-B sont muettes. <\/em><em>Fermons les<\/em><em> ().<\/em><\/span><\/li>\n<\/ul>\n<p style=\"text-align: left;\"><span style=\"color: #000000;\"><strong>L<\/strong>e gouvernement install\u00e9 s\u2019en va-t-il vers un <strong>naufrage diplomatique <\/strong>avec un ministre sans mandat ? Deux indices inqui\u00e9tants pour une r\u00e9alit\u00e9 provisoire, pourtant le bruit des 120 jours r\u00e9sonne plus fort que celui d\u2019un mandat de cinq ans \u00e9chu. Autre indice cach\u00e9, Maryse Narcisse se croirait-elle alors pr\u00e9sidente dans l\u2019ombre ?<\/span><\/p>\n<p style=\"text-align: left;\"><span style=\"color: #000000;\">Il faudrait se le rappeler, le 9 octobre 2013, je publiais cet article Le S\u00e9nateur SDD ou l\u2019immense pouvoir r\u00e9publicain. <a style=\"color: #000000;\" href=\"https:\/\/issuu.com\/jean-juniorjoseph\/docs\/haiti-observateur-9-16-octobre2013\/8\">https:\/\/issuu.com\/jean-juniorjoseph\/docs\/haiti-observateur-9-16-octobre2013\/8<\/a>. Deras \u00e9tait Pr\u00e9sident du S\u00e9nat. Je soulevais ainsi la question suivante\u00a0: Desras est-il un ours diplomatique ? Et, dans le contexte de relations bilat\u00e9rales avec la RD, je disais\u00a0: la balle est en ce sens, dans le camp de Desras \u00e0 ce stade-ci. Personne ne le conna\u00eet \u00e0 ce titre. C\u2019est une r\u00e9ponse qui ne tarderait \u00e0 venir. On peut se le dire ouvertement aujourd\u2019hui, Desras a compl\u00e8tement rat\u00e9 le train par la suite. Perte de si\u00e8ge, embourbement administratif, judiciarisation du statut prot\u00e9g\u00e9. Puis, candidature d\u00e9ficitaire \u00e0 la pr\u00e9sidence et perte de l\u00e9gitimit\u00e9. En fait, Desras n\u2019a d\u00e9montr\u00e9 l\u2019intelligence de la gestion du comit\u00e9 s\u00e9natorial sur les Affaires \u00c9trang\u00e8res, sur la s\u00e9curit\u00e9 int\u00e9rieure pour mener \u00e0 bien vers des \u00e9lections cr\u00e9dibles. Il se retrouve d\u2019un gouvernement propos\u00e9 et refus\u00e9 \u00e0 un gouvernement ratifi\u00e9, au poste de ministre de l\u2019environnement dans un pays d\u00e9sh\u00e9rit\u00e9 de la nature, donc un statut de sauvetage, et, ministre responsable \u00e0 la D\u00e9fense Nationale, dans un gouvernement o\u00f9, Pierrot D\u00e9lienne se retrouve aux Affaires \u00c9trang\u00e8res d\u2019une part, et aux Affaires Int\u00e9rieures d\u2019autre part, dans un pays sous assistance militaire organisationnelle de l\u2019ONU. Donc figurant, sans mandat r\u00e9publicain. Il faudrait \u00e9videmment accorder la chance au coureur, mais le temps presse et la constitutionalit\u00e9 menac\u00e9e. En pleine gestion diplomatique onusienne.<\/span><\/p>\n<p style=\"text-align: left;\"><span style=\"color: #000000;\">Si le rapport Desras-Delienne est non n\u00e9gligeable, ce rapport invers\u00e9 peut-\u00eatre tout aussi inqui\u00e9tant dans une p\u00e9riode de transition que j\u2019esquissais l\u2019an dernier sous le signe d\u2019une avalanche diplomatique pr\u00e9visible. Desras-Delienne est-ce une nouvelle\u00a0 menace anti-d\u00e9mocratique, anti-institutionnelle, \u00e0 l\u2019image d\u2019un Lamothe-Mayard-Paul ? Ou, est-ce d\u00e9j\u00e0 des scories du PM \u00e0 l\u2019image de la plaisanterie Kplim ? Les 120 jours sont arithm\u00e9tiquement inf\u00e9rieurs \u00e0 ce jour et nous n\u2019avons de Conseil \u00c9lectoral fonctionnel pour r\u00e9pondre \u00e0 une transition constitutionnelle ? Si nous devrions reconsid\u00e9rer la m\u00e9salliance Desras-Martelly, et sa st\u00e9rilit\u00e9, nous nous trouvons dans l\u2019obligation de mesurer rapidement le poids d\u2019un \u00e9chec du rep\u00eachage dans une formule Privert \u00e0 d\u00e9finir.<\/span><\/p>\n<p style=\"text-align: left;\"><span style=\"color: #000000;\">J\u2019ai lu avec beaucoup d\u2019int\u00e9r\u00eats la r\u00e9action montr\u00e9alaise (Exentus\/Gustave) du REHMONCO. Fausse nervosit\u00e9 ou incompr\u00e9hension diplomatique, ce qui d\u2019ailleurs les pousserait \u00e0 \u00e9carter une entrevue cons\u00e9quente avec nous. Si je ne crois le Canada Trudeau envahisseur, je le crois coop\u00e9rant avec Ha\u00efti. Sinon Deras-Delienne sans mandat.<\/span><\/p>\n<ul style=\"text-align: left;\">\n<li><span style=\"color: #000000;\"><a style=\"color: #000000;\" href=\"mailto:dan@danalbertini.info\">dan@danalbertini.info<\/a><\/span><\/li>\n<\/ul>\n<hr \/>\n<p style=\"text-align: left;\"><span style=\"color: #000000;\">Cet article est publi\u00e9 par l\u2019hebdomadaire Ha\u00efti-Observateur, \u00e9dition du 30 mars 2016\u00a0<strong>VOL. XXXXVI, No. 14\u00a0<\/strong>New York, et se trouve en\u00a0<strong>P. 7<\/strong>\u00a0\u00e0 :<\/span><\/p>\n","protected":false},"excerpt":{"rendered":"<p>DIPLOMATIE INTERNATIONALE ET SOCI\u00c9T\u00c9 Par Dan Albertini PIERROT D\u00c9LIENNE MINISTRE SANS MANDAT Entre (). La RD aurait-elle trouv\u00e9 un terrain d\u2019entente fraternelle sur l\u2019\u00eele ou, r\u00e9pit strat\u00e9gique puisqu\u2019Ha\u00efti sans gouvernement \u00e9lu, donc les ressortissants \u00e0 l\u2019\u00e9tranger abandonn\u00e9s, alors silence radio&#8230; <\/p>\n","protected":false},"author":3,"featured_media":2078,"comment_status":"closed","ping_status":"closed","sticky":false,"template":"","format":"standard","meta":{"footnotes":""},"categories":[16,25],"tags":[615,651,1088,1342,1481,1756],"class_list":["post-4429","post","type-post","status-publish","format-standard","has-post-thumbnail","hentry","category-diplomatieinternationale","category-haiti","tag-dan-albertini","tag-delienne","tag-haiti-observateur","tag-kplim","tag-mandat","tag-onu"],"_links":{"self":[{"href":"https:\/\/haiti-observateur.news\/index.php?rest_route=\/wp\/v2\/posts\/4429","targetHints":{"allow":["GET"]}}],"collection":[{"href":"https:\/\/haiti-observateur.news\/index.php?rest_route=\/wp\/v2\/posts"}],"about":[{"href":"https:\/\/haiti-observateur.news\/index.php?rest_route=\/wp\/v2\/types\/post"}],"author":[{"embeddable":true,"href":"https:\/\/haiti-observateur.news\/index.php?rest_route=\/wp\/v2\/users\/3"}],"replies":[{"embeddable":true,"href":"https:\/\/haiti-observateur.news\/index.php?rest_route=%2Fwp%2Fv2%2Fcomments&post=4429"}],"version-history":[{"count":0,"href":"https:\/\/haiti-observateur.news\/index.php?rest_route=\/wp\/v2\/posts\/4429\/revisions"}],"wp:featuredmedia":[{"embeddable":true,"href":"https:\/\/haiti-observateur.news\/index.php?rest_route=\/"}],"wp:attachment":[{"href":"https:\/\/haiti-observateur.news\/index.php?rest_route=%2Fwp%2Fv2%2Fmedia&parent=4429"}],"wp:term":[{"taxonomy":"category","embeddable":true,"href":"https:\/\/haiti-observateur.news\/index.php?rest_route=%2Fwp%2Fv2%2Fcategories&post=4429"},{"taxonomy":"post_tag","embeddable":true,"href":"https:\/\/haiti-observateur.news\/index.php?rest_route=%2Fwp%2Fv2%2Ftags&post=4429"}],"curies":[{"name":"wp","href":"https:\/\/api.w.org\/{rel}","templated":true}]}}