{"id":4416,"date":"2020-01-22T22:01:42","date_gmt":"2020-01-23T03:01:42","guid":{"rendered":"http:\/\/haiti-observateur.ca\/?p=4416"},"modified":"2021-06-06T21:08:42","modified_gmt":"2021-06-06T21:08:42","slug":"la-dictature-ne-doit-pas-renaitre-en-haiti","status":"publish","type":"post","link":"https:\/\/haiti-observateur.news\/?p=4416","title":{"rendered":"La dictature ne doit pas rena\u00eetre en Ha\u00efti !"},"content":{"rendered":"<p style=\"text-align: left;\"><span style=\"color: #000000;\"><strong>\u00c9DITORIAL<\/strong><\/span><\/p>\n<ul>\n<li style=\"text-align: left;\"><span style=\"color: #000000;\"><strong>La dictature ne doit pas rena\u00eetre en Ha\u00efti !<\/strong><\/span><\/li>\n<\/ul>\n<p style=\"text-align: left;\"><span style=\"color: #000000;\">le 7 f\u00e9vrier 1986, date de la chute de la dictature des Duvalier, le peuple ha\u00eftien, au pays comme \u00e0 l\u2019\u00e9tranger, debout comme un seul homme, a d\u00e9clar\u00e9 a jamais banni ce syst\u00e8me politique, un serment que les d\u00e9fenseurs de la d\u00e9mocratie ont jur\u00e9 de tenir \u00e0 tout prix. Aussi, depuis lors, ces derniers se mobilisent-ils pour faire \u00e9chec \u00e0 toute vell\u00e9it\u00e9 de retour de ce monstre exprim\u00e9e par actes et d\u00e9cisions de politiciens mal intentionn\u00e9s. Mais jamais, auparavant, un chef d\u2019\u00c9tat en fonction n\u2019avait pouss\u00e9 de telles ambitions aussi loin que Jovenel Mo\u00efse, en s\u2019arrogeant le droit de violer la constitution de mani\u00e8re aussi flagrante qu\u2019aussi grotesque et irr\u00e9fl\u00e9chi. Mais qu\u2019il se le prenne pour dit : Cette effronterie ne passera pas !<\/span><\/p>\n<p style=\"text-align: left;\"><span style=\"color: #000000;\">Sans froid aux yeux, par un <em>tweet<\/em>, le locataire du Palais national, en passe d\u2019\u00eatre mis \u00e0 la porte par le peuple souverain, a lanc\u00e9 l\u2019annonce suivante, il croit constater \u00ab<em>la caducit\u00e9<\/em>\u00bb du Parlement. Il ne fait pas allusion seulement \u00e0 la fin du mandat r\u00e9gulier des membres de la Chambre basse et du tiers du S\u00e9nat, qui arrive \u00e0 expiration le second lundi de janvier (13 janvier), mais \u00e9galement \u00e0 ceux \u00e9lus pour six ans, soit 19 s\u00e9nateurs, le vingti\u00e8me, en l\u2019occurrence Guy Philippe, ayant \u00e9t\u00e9 arr\u00eat\u00e9 par des policiers de la DCPJ et remis aux agents de la Drug Enforcement Administration (<strong>DEA<\/strong>). Car, depuis plus de dix ans, il \u00e9tait l\u2019objet d\u2019un mandat d\u2019amener aux \u00c9tats-Unis, puisqu\u2019inculp\u00e9 pour son implication pr\u00e9sum\u00e9e dans le trafic de drogue. Voil\u00e0 l\u2019interruption du processus d\u00e9mocratique et de l\u2019ordre constitutionnel, qui peinaient d\u00e9j\u00e0 \u00e0 \u00e9voluer sous le r\u00e9gime PHTKiste dirig\u00e9 par <em>N\u00e8g Bannann nan<\/em>.<\/span><\/p>\n<p style=\"text-align: left;\"><span style=\"color: #000000;\">D\u2019aucuns s\u2019interrogent encore sur la signification de ce proc\u00e9d\u00e9 par lequel un simple <em>tweet <\/em>remplace une d\u00e9cision officielle de la pr\u00e9sidence g\u00e9n\u00e9ralement pr\u00e9sent\u00e9e sous forme d\u2019une r\u00e9solution publi\u00e9e dans le journal officiel <em>Le Moniteur.<\/em> La nation attend encore cette formalit\u00e9, qui tarde \u00e0 venir. Si effectivement, Mo\u00efse est capable de se donner les moyens de pousser son outrecuidance jusqu\u2019\u00e0 sa conclusion logique<\/span><\/p>\n<p style=\"text-align: left;\"><span style=\"color: #000000;\">N\u2019emp\u00eache que l\u2019Ex\u00e9cutif a pris, de par lui-m\u00eame, la d\u00e9cision d\u2019ignorer le principe de la s\u00e9paration des trois pouvoirs en \u00e9liminant un d\u2019entre eux. Ansi il montre avec quelle d\u00e9sinvolture il pose un geste aussi grave. Cela surprend encore davantage qu\u2019il se croit dans ses droits l\u00e9gitimes de d\u00e9fendre le respect de son mandat face \u00e0 des millions de manifestants descendus dans la rue pour exiger sa d\u00e9mission \u00ab<em>imm\u00e9diate et sans condition<\/em>\u00bb. \u00c0 la lumi\u00e8re de ce raisonnement, il y a fort \u00e0 parier que la mobilisation anti Mo\u00efse va conna\u00eetre un nouvel \u00e9lan. Surtout que les \u00e9lecteurs qui se font repr\u00e9senter au S\u00e9nat de la R\u00e9publique pour une p\u00e9riode de six ans n\u2019ont pas demand\u00e9 \u00e0 r\u00e9voquer leur mandat. Contrairement \u00e0 Jovenel Mo\u00efse, \u00e9lu avec 500 000 voix sur six millions de personnes \u00e9ligibles, dont la d\u00e9mission est exig\u00e9e par des millions de citoyens, toutes cat\u00e9gories sociales confondues.<\/span><\/p>\n<p style=\"text-align: left;\"><span style=\"color: #000000;\">Sous la foi du serment pris par le peuple ha\u00eftien relatif \u00e0 la fin d\u00e9finitive de la dictature, les d\u00e9fenseurs de la d\u00e9mocratie doivent se mobiliser, encore comme un seul homme, contre les \u00e9lans dictatoriaux de Jovenel Mo\u00efse. Surtout que, dans ce contexte de corruption g\u00e9n\u00e9ralis\u00e9e dans lequel il gouverne le pays, ce fl\u00e9au aidant, le nombre de ceux qui devraient l\u2019opposer avec fermet\u00e9 contre lui tend \u00e0 diminuer. Il nous faut prendre notre courage \u00e0 deux bras pour contrer <em>N\u00e8g Bannann nan<\/em> et ses alli\u00e9s du PHTK. Cette nouvelle d\u00e9termination est d\u2019autant plus n\u00e9cessaire que le Conseil \u00e9lectoral provisoire (CEP), l\u2019institution comp\u00e9tente pour trancher dans cet- te crise, s\u2019est retranch\u00e9 dans un mutisme coupable. Et, de toute mani\u00e8re, rien n\u2019autorise \u00e0 croire que celle-ci a le courage de prendre la d\u00e9cision dict\u00e9e par ses pr\u00e9rogatives constitutionnelles en pareille mati\u00e8re.<\/span><\/p>\n<p style=\"text-align: left;\"><span style=\"color: #000000;\">Toutefois, les s\u00e9nateurs victimes de la fripouillerie de Jovenel Mo\u00efse n\u2019ont pas baiss\u00e9 pavillon devant lui. Ils ont d\u00e9cid\u00e9 de l\u2019attaquer de front en portant plainte pour lui et ses conseillers au Parquet de Port-au- Prince.<\/span><\/p>\n<p style=\"text-align: left;\"><span style=\"color: #000000;\">M\u00eame chose pour le s\u00e9nateur Onondieu Louis, lui dont le mandat a \u00e9t\u00e9 aussi \u00e9court\u00e9 par le chef de l\u2019\u00c9tat d\u00e9cri\u00e9. Dans une note de presse diffus\u00e9e le 18 janvier, le bureau du s\u00e9nateur du Nord-Ouest a indiqu\u00e9 qu\u2019il suit de pr\u00e8s l\u2019actualit\u00e9 politique concernant \u00ab<em>l\u2019interruption du mandat des s\u00e9nateurs<\/em>\u00bb. Elle dit que le parlementaire veut rassurer ses mandants et la \u00ab<em>vaillante population du Nord-Ouest<\/em>\u00bb qu\u2019il reste attach\u00e9 au mandat de \u00absix ans\u00bb qu\u2019ils lui ont conf\u00e9r\u00e9, \u00ab<em>lors des derni\u00e8res l\u00e9gislatives de 2015, selon les prescrits de l\u2019article 50.3 du d\u00e9cret \u00e9lectoral<\/em>\u00bb. Dans la foul\u00e9e, elle continue an disant que les deux ann\u00e9es qui restent de son mandat \u00ab<em>ne sont pas n\u00e9gociables<\/em>\u00bb. La note souligne, en outre, que \u00ab<em>la solution \u00e0 la crise doit passer n\u00e9cessairement par un dialogue franc et fertile entre les diff\u00e9rents protagonistes<\/em>\u00bb.<\/span><\/p>\n<p style=\"text-align: left;\"><span style=\"color: #000000;\">Entre-temps, ce qui prend l\u2019allure d\u2019un revirement de la part de Jovenel Mo\u00efse reste \u00e0 s\u2019expliquer clairement. Des informations disponibles, dans les milieux politiques, \u00e0 la capitale, font croire que les 10 s\u00e9nateurs dont le mandat a \u00e9t\u00e9 ill\u00e9galement, et de mani\u00e8re ind\u00e9cente, \u00e9court\u00e9 par le chef de l\u2019\u00c9tat, ont regagn\u00e9 leurs bureaux respectifs au S\u00e9nat, aujourd\u2019hui, lundi, 20 janvier. Apr\u00e8s une journ\u00e9e r\u00e9guli\u00e8re de travail, on ne sait de quoi le lendemain sera fait.<\/span><\/p>\n<p style=\"text-align: left;\"><span style=\"color: #000000;\">L\u2019accalmie constat\u00e9e dans la mobilisation anti-Mo\u00efse n\u2019est qu\u2019un incident de parcours. Mais que celui-ci n\u2019y voit pas l\u2019essoufflement des forces oppositionnelles, au point de crier victoire. Car apr\u00e8s avoir suscit\u00e9 une autre crise rien que pour brouiller les pistes, les militants doivent redoubler encore d\u2019effort en vue d\u2019atteindre leur objectif : \u00c9jection de Jovenel Mo\u00efse du Palais national et l\u2019\u00e9mergence d\u2019une soci\u00e9t\u00e9 moderne inclusive sans lui. Car la dictature a v\u00e9cu en Ha\u00efti depuis le 7 f\u00e9vrier 1986.<\/span><\/p>\n<hr \/>\n<p style=\"text-align: left;\"><span style=\"color: #000000;\">Cet article est publi\u00e9 par l\u2019hebdomadaire Ha\u00efti-Observateur, \u00e9dition du 22 janvier 2020\u00a0<strong>VOL. L, No. 3\u00a0<\/strong>New York, et se trouve en\u00a0<strong>P. 10<\/strong>\u00a0\u00e0 : <a style=\"color: #000000;\" href=\"http:\/\/haiti-observateur.ca\/wp-content\/uploads\/2020\/01\/H-O-22-Januari-2020.pdf\">http:\/\/haiti-observateur.ca\/wp-content\/uploads\/2020\/01\/H-O-22-Januari-2020.pdf<\/a> <\/span><\/p>\n","protected":false},"excerpt":{"rendered":"<p>\u00c9DITORIAL La dictature ne doit pas rena\u00eetre en Ha\u00efti ! le 7 f\u00e9vrier 1986, date de la chute de la dictature des Duvalier, le peuple ha\u00eftien, au pays comme \u00e0 l\u2019\u00e9tranger, debout comme un seul homme, a d\u00e9clar\u00e9 a jamais&#8230; <\/p>\n","protected":false},"author":1,"featured_media":5639,"comment_status":"closed","ping_status":"closed","sticky":false,"template":"","format":"standard","meta":{"footnotes":""},"categories":[19,25,39],"tags":[374,691,1088,1282,1755,2150,2152],"class_list":["post-4416","post","type-post","status-publish","format-standard","has-post-thumbnail","hentry","category-editorial","category-haiti","category-politique","tag-caducite","tag-dictature","tag-haiti-observateur","tag-jovenel","tag-onondieu","tag-senat","tag-senateur"],"_links":{"self":[{"href":"https:\/\/haiti-observateur.news\/index.php?rest_route=\/wp\/v2\/posts\/4416","targetHints":{"allow":["GET"]}}],"collection":[{"href":"https:\/\/haiti-observateur.news\/index.php?rest_route=\/wp\/v2\/posts"}],"about":[{"href":"https:\/\/haiti-observateur.news\/index.php?rest_route=\/wp\/v2\/types\/post"}],"author":[{"embeddable":true,"href":"https:\/\/haiti-observateur.news\/index.php?rest_route=\/wp\/v2\/users\/1"}],"replies":[{"embeddable":true,"href":"https:\/\/haiti-observateur.news\/index.php?rest_route=%2Fwp%2Fv2%2Fcomments&post=4416"}],"version-history":[{"count":1,"href":"https:\/\/haiti-observateur.news\/index.php?rest_route=\/wp\/v2\/posts\/4416\/revisions"}],"predecessor-version":[{"id":5805,"href":"https:\/\/haiti-observateur.news\/index.php?rest_route=\/wp\/v2\/posts\/4416\/revisions\/5805"}],"wp:featuredmedia":[{"embeddable":true,"href":"https:\/\/haiti-observateur.news\/index.php?rest_route=\/wp\/v2\/media\/5639"}],"wp:attachment":[{"href":"https:\/\/haiti-observateur.news\/index.php?rest_route=%2Fwp%2Fv2%2Fmedia&parent=4416"}],"wp:term":[{"taxonomy":"category","embeddable":true,"href":"https:\/\/haiti-observateur.news\/index.php?rest_route=%2Fwp%2Fv2%2Fcategories&post=4416"},{"taxonomy":"post_tag","embeddable":true,"href":"https:\/\/haiti-observateur.news\/index.php?rest_route=%2Fwp%2Fv2%2Ftags&post=4416"}],"curies":[{"name":"wp","href":"https:\/\/api.w.org\/{rel}","templated":true}]}}