{"id":4374,"date":"2020-01-22T16:52:34","date_gmt":"2020-01-22T21:52:34","guid":{"rendered":"http:\/\/haiti-observateur.ca\/?p=4374"},"modified":"2020-01-22T16:52:34","modified_gmt":"2020-01-22T21:52:34","slug":"terre-de-miel-aux-epines-de-fiel-un-titre-un-second-recueil-signe-patrick-charles","status":"publish","type":"post","link":"https:\/\/haiti-observateur.news\/?p=4374","title":{"rendered":"Terre de Miel aux \u00c9pines de Fiel\u00a0: un titre un second recueil sign\u00e9 Patrick Charles"},"content":{"rendered":"<p style=\"text-align: left;\"><span style=\"color: #000000;\"><strong>LITT\u00c9RATURE INTERDITE <\/strong><em><a style=\"color: #000000;\" href=\"mailto:dan.albertini@reseauhem.ca\">par Dan Albertini<\/a><\/em><\/span><\/p>\n<ul>\n<li style=\"text-align: left;\"><span style=\"color: #000000;\"><strong><em>Terre de Miel aux \u00c9pines de Fiel\u00a0: <\/em><\/strong><em>un titre un second recueil sign\u00e9 Patrick Charles<\/em><\/span><\/li>\n<\/ul>\n<p style=\"text-align: left;\"><span style=\"color: #000000;\"><strong>C<\/strong>e second recueil de po\u00e8mes pr\u00e9pare-t-il litt\u00e9ralement un triptyque en cours ou le roman\u00a0? Annonciation chez un po\u00e8te \u00e9crivain coinc\u00e9 dans la provocation du sentiment profond non d\u00e9voil\u00e9. <em>Je ne raconte pas ici sa po\u00e9sie, il faut faire l\u2019effort d\u2019aller le visiter.<\/em><\/span><\/p>\n<p style=\"text-align: left;\"><span style=\"color: #000000;\"><strong>J<\/strong>e ne suis pas proph\u00e8te, je suis <em>esth\u00e8te cr\u00e9ateur <\/em>assez pour vouloir comprendre. L\u2019\u00e9crivain a besoin de s\u2019exprimer sur les vagues qui nous emportent vers ce roman plus d\u00e9licieux, par exemple sur la plage d\u2019\u00e9t\u00e9. L\u2019industrie nous le propose. <em>Oups, je dis : industrie,\u00a0je crains la foudre en prose l\u00e0 o\u00f9 je suis pourtant en berne<\/em>. <strong>Terre de miel\u2026 <em>de fiel<\/em>.<\/strong><\/span><\/p>\n<p style=\"text-align: left;\"><span style=\"color: #000000;\">Patrick Charles nous g\u00e2te afin de mieux nous avaler plus tard, <em>pourquoi pas<\/em>. Le march\u00e9 du livre ne se consacre g\u00e9n\u00e9ralement pas la po\u00e9sie. Me voil\u00e0 \u00e0 mon corps d\u00e9fendant dans les termes commerciaux \u00e9ph\u00e9m\u00e8res tandis que la po\u00e9sie est \u00e9vasive, immat\u00e9rielle. Je la trouve \u00e0 la fois mat\u00e9rielle quand <em>pat<\/em> va vers <em>m\u00e9tro Snowdon <\/em>par exemple (<em>l\u2019homme dans le train (<a style=\"color: #000000;\" href=\"http:\/\/haiti-observateur.ca\/?p=3092\">Humanidentit\u00e9-2018<\/a>)<\/em>, <em>c\u2019est la chaise vide du roman<\/em>. Il brille <em>m\u00eame dans sa m\u00e9diocrit\u00e9.<\/em> Je l\u2019ai constat\u00e9 l\u2019an 2019 au Salon avec ma fille<em>.<\/em> Mais, je ne peux pas exp\u00e9dier <em>\u2018pat\u2019<\/em> sans d\u00e9douaner le recueil de <em>fiel au miel<\/em>. D\u00e9douaner oui, il est au port, <em>libre du commerce po\u00e8te-\u00e9crivain.<\/em><\/span><\/p>\n<p style=\"text-align: left;\"><span style=\"color: #000000;\"><strong>Terre de miel aux \u00e9pines de fiel\u00a0<\/strong>: est-ce le recueil d\u2019une contestation voil\u00e9e, le cri du c\u0153ur d\u2019une reconnaissance de terrain tr\u00e8s habile de l\u2019\u00e2me d\u2019un po\u00e8te largu\u00e9 dans la ville. Un c\u0153ur comme celui de l\u2019Ha\u00eftien nostalgique\u00a0vivant deux aux quatre-saisons de Montr\u00e9al ?<\/span><\/p>\n<p style=\"text-align: left;\"><span style=\"color: #000000;\"><strong>Dans \u00able cuisinier et le po\u00e8te\u00bb, c\u2019est la crois\u00e9e de deux mondes solitaires.<\/strong><\/span><\/p>\n<p style=\"text-align: center;\"><img loading=\"lazy\" decoding=\"async\" class=\"size-medium wp-image-4399 aligncenter\" src=\"http:\/\/haiti-observateur.ca\/wp-content\/uploads\/2020\/01\/PatChsTer2mielEpin2fiel-207x300.jpg\" alt=\"\" width=\"207\" height=\"300\" \/><\/p>\n<p style=\"text-align: left;\"><span style=\"color: #000000;\"><em>Br\u00e9zault parla curieusement de gastronomie, car le po\u00e8te dans ses recueils qu\u2019il caresse, plus qu\u2019un souvenir ce sont les mots qu\u2019il chatouille. Il est po\u00e8te Br\u00e9zault de son \u00e9mission \u00abreflets de vers libres\u00bb, \u00e0 Montr\u00e9al, mesure chaque souffle coup\u00e9. Je l\u2019ai remplac\u00e9 en projetant son personnage pour l\u2019auditoire, simulant l\u2019\u00e9tonnante confusion pendant une demi-saison. Je me rappelle aussi de ce cuistot de Grilly (l\u2019Ain en France). Pierre Renaud quand il mijote dans ses casseroles \u00e0 Gland Suisse, il aimait la po\u00e9sie malgr\u00e9 adepte de moteurs de voitures. Pierre est solitaire dans ses pens\u00e9es entre la recette et le service \u00e0 la salle \u00e0 manger du Ch\u00e2teau de la Ligni\u00e8re. Aide, Pierre me saisit de la cuill\u00e8re de potage et me sert sa po\u00e9sie culinaire\u00a0: <\/em>\u00ab<em>go\u00fbte-moi \u00e7a\u00bb. Mais sa serviette est\u00a0: les cuisines du Nimitz dans le port l\u00e9ger de Toulon, le crash test du moteur de la Fiat Punto. Je retourne au titre de \u2018pat\u2019 Charles, tel m\u00e9lange audacieux.<\/em><\/span><span style=\"color: #000000;\"><em>\u00a0<\/em><\/span><\/p>\n<p style=\"text-align: left;\"><span style=\"color: #000000;\">En fait, <em>po\u00e8te et cuistot,<\/em> ils ont tous deux l\u2019\u00e9lan connu d\u2019eux seuls \u00e0 raconter, pour vous dire : \u00ab<em>oublie \u00e7a, ce n\u2019a pas d\u2019importance\u00bb<\/em>. Ils croient les deux qu\u2019on est de qui <em>trop d\u2019\u00e9loges dans ce monde de consommation.<\/em> Peut-on ne pas consommer le <em>cuistot,<\/em> le <em>po\u00e8te<\/em> tandis que, ils se vantent tous deux de leurs reflets\u00a0de verre ? Il y aura toujours l\u2019excuse pour le <em>lamb (agneau)<\/em> arros\u00e9 de fumet de poisson parce qu\u2019en en partant de la maison <em>la requ\u00eate de divorce<\/em> est sur la table. M\u00eame excuse pour un <em>ver cass\u00e9<\/em> quand l\u2019amoureuse l\u2019a quitt\u00e9 pour <em>l\u2019Apollon<\/em> du bar. Mais, que peut-on vouloir se dire entre un po\u00e8te et un cuistot\u00a0en se croisant dans un train ?<\/span><\/p>\n<p style=\"text-align: left;\"><span style=\"color: #000000;\">Je me suis interrog\u00e9 sur le fait. <em>Pat<\/em> pr\u00eate son ver en <em>surprenante civilit\u00e9<\/em>, il fait revivre le plat du cuistot hors du resto. Il prend soin par contre de mieux faire p\u00e9tiller le mot du po\u00e8te \u00e0 sa table. Pourquoi donc inviter Patrick Charles po\u00e8te dans notre univers\u00a0: talents, \u00e9conomie si \u00e7a prend de l\u2019\u00e9toffe, audace, le verbe sans passion\u00a0? <em>Mieux, il d\u00e9voile le roman d\u2019ici l\u00e0.<\/em><\/span><\/p>\n<p style=\"text-align: left;\"><span style=\"color: #000000;\"><strong><em>Si je signe de ce fait<\/em><\/strong><em>,<\/em>\u00a0<strong><em>m\u2019en voudra-t-il plus que \u00e7a\u00a0!<\/em><\/strong><\/span><\/p>\n<hr \/>\n<p>Cet article est publi\u00e9 par l\u2019hebdomadaire Ha\u00efti-Observateur, \u00e9dition du 22 janvier 2020\u00a0<strong>VOL. L, No. 3\u00a0<\/strong>New York, et se trouve en\u00a0<strong>P. 7<\/strong>\u00a0\u00e0 : <a href=\"http:\/\/haiti-observateur.ca\/wp-content\/uploads\/2020\/01\/H-O-22-Januari-2020.pdf\">http:\/\/haiti-observateur.ca\/wp-content\/uploads\/2020\/01\/H-O-22-Januari-2020.pdf<\/a><\/p>\n","protected":false},"excerpt":{"rendered":"<p>LITT\u00c9RATURE INTERDITE par Dan Albertini Terre de Miel aux \u00c9pines de Fiel\u00a0: un titre un second recueil sign\u00e9 Patrick Charles Ce second recueil de po\u00e8mes pr\u00e9pare-t-il litt\u00e9ralement un triptyque en cours ou le roman\u00a0? Annonciation chez un po\u00e8te \u00e9crivain coinc\u00e9&#8230; <\/p>\n","protected":false},"author":3,"featured_media":4400,"comment_status":"closed","ping_status":"closed","sticky":false,"template":"","format":"standard","meta":{"footnotes":""},"categories":[8,25,55],"tags":[615,897,1088,1426,1812,1911,2083,2190,2260],"class_list":["post-4374","post","type-post","status-publish","format-standard","has-post-thumbnail","hentry","category-canada","category-haiti","category-litinter","tag-dan-albertini","tag-fiel","tag-haiti-observateur","tag-liel","tag-patrick-charles","tag-poeme","tag-roman","tag-snowdon","tag-terre"],"_links":{"self":[{"href":"https:\/\/haiti-observateur.news\/index.php?rest_route=\/wp\/v2\/posts\/4374","targetHints":{"allow":["GET"]}}],"collection":[{"href":"https:\/\/haiti-observateur.news\/index.php?rest_route=\/wp\/v2\/posts"}],"about":[{"href":"https:\/\/haiti-observateur.news\/index.php?rest_route=\/wp\/v2\/types\/post"}],"author":[{"embeddable":true,"href":"https:\/\/haiti-observateur.news\/index.php?rest_route=\/wp\/v2\/users\/3"}],"replies":[{"embeddable":true,"href":"https:\/\/haiti-observateur.news\/index.php?rest_route=%2Fwp%2Fv2%2Fcomments&post=4374"}],"version-history":[{"count":0,"href":"https:\/\/haiti-observateur.news\/index.php?rest_route=\/wp\/v2\/posts\/4374\/revisions"}],"wp:featuredmedia":[{"embeddable":true,"href":"https:\/\/haiti-observateur.news\/index.php?rest_route=\/"}],"wp:attachment":[{"href":"https:\/\/haiti-observateur.news\/index.php?rest_route=%2Fwp%2Fv2%2Fmedia&parent=4374"}],"wp:term":[{"taxonomy":"category","embeddable":true,"href":"https:\/\/haiti-observateur.news\/index.php?rest_route=%2Fwp%2Fv2%2Fcategories&post=4374"},{"taxonomy":"post_tag","embeddable":true,"href":"https:\/\/haiti-observateur.news\/index.php?rest_route=%2Fwp%2Fv2%2Ftags&post=4374"}],"curies":[{"name":"wp","href":"https:\/\/api.w.org\/{rel}","templated":true}]}}