{"id":4366,"date":"2020-01-22T18:11:18","date_gmt":"2020-01-22T23:11:18","guid":{"rendered":"http:\/\/haiti-observateur.ca\/?p=4366"},"modified":"2020-01-22T18:11:18","modified_gmt":"2020-01-22T23:11:18","slug":"conflit-presidence-senat-jovenel-moise-dans-ses-petits-souliers","status":"publish","type":"post","link":"https:\/\/haiti-observateur.news\/?p=4366","title":{"rendered":"CONFLIT PR\u00c9SIDENCE-S\u00c9NAT Jovenel Mo\u00efse dans ses petits souliers"},"content":{"rendered":"<p style=\"text-align: left;\"><span style=\"color: #000000;\"><strong>CONFLIT PR\u00c9SIDENCE-S\u00c9NAT<\/strong><\/span><\/p>\n<ul style=\"text-align: left;\">\n<li><span style=\"color: #000000;\"><strong>Jovenel Mo\u00efse dans ses petits souliers<\/strong><\/span><\/li>\n<\/ul>\n<p style=\"text-align: left;\"><span style=\"color: #000000;\">En prenant la d\u00e9cision d\u2019annuler le Parlement, sans avoir l\u2019autorit\u00e9 constitutionnelle d\u2019agir en ce sens, Jovenel Mo\u00efse se retrouve dans ses petits souliers. Quarante-huit heures apr\u00e8s avoir prononc\u00e9 son sc\u00e9l\u00e9rat verdict, il ne semble pas poss\u00e9der les moyens d\u2019y tenir jusqu\u2019au bout. Puisque les neuf s\u00e9nateurs frapp\u00e9s d\u2019interdiction de continuer leur mandat par cette d\u00e9cision \u00e9taient \u00e0 leur bureau, au S\u00e9nat, aujourd\u2019hui (mardi) et compte y revenir normalement le lendemain. Ils disent ne pas \u00eatre concern\u00e9s par une nouvelle dis- position de la pr\u00e9sence leur donnant trois jours pour restituer les mat\u00e9riels de l\u2019institution se trouvant en leur possession.<\/span><\/p>\n<p style=\"text-align: left;\"><span style=\"color: #000000;\">En effet, en vertu des r\u00e9sultats des derni\u00e8res L\u00e9gislatives donn\u00e9s par le <strong>CEP<\/strong> de L\u00e9opold Berlanger, les s\u00e9nateurs dont les noms suivent sont \u00e9lus pour quatre ans : \u00c9vali\u00e8re Beauplan, Antonio Cherami, Jacques Sauveur Jean, Carl Murat Cantave, Wilfrid G\u00e9lin, Ricard Pierre, Herv\u00e9 Fourcand, Sorel Jacinthe, Francener D\u00e9nius et Nawoom Marc\u00e9lus.<\/span><\/p>\n<p style=\"text-align: left;\"><span style=\"color: #000000;\">En revanche, les s\u00e9nateurs Youri Latortue, N\u00e8nel Cassy, Ronald Lar\u00eache, Onondieu Louis, Dieudonne Luma \u00c9tienne (l\u2019unique femme si\u00e9geant au Grand Corps), Jean Renel S\u00e9natus, Wilot Joseph et Jean Marie Junior Salomon ont un mandat de quatre ans.<\/span><\/p>\n<p style=\"text-align: left;\"><span style=\"color: #000000;\">Suivant la pratique parlementaire en vigueur en Ha\u00efti, le mandat des s\u00e9nateurs est d\u00e9termin\u00e9 par le nombre de voix recueillies parle candidat. Celui qui recueille le plus grand nombre de voix est \u00e9lu pour six ans, le suivant pour quatre ans, et celui qui obtient le moins de voix est \u00e9lu pour deux ans.<\/span><\/p>\n<p style=\"text-align: left;\"><span style=\"color: #000000;\">La Constitution pr\u00e9voit que pour \u00e9viter un vide institutionnel, au niveau du S\u00e9nat, des \u00e9lections soient organis\u00e9es afin de renouveler le tiers du S\u00e9nat dont le mandat arrive \u00e0 \u00e9ch\u00e9ance, d\u2019abord apr\u00e8s deux ans, puis apr\u00e8s quatre ans, en enfin apr\u00e8s six ans. Cela signifie que Jovenel Mo\u00efse aurait d\u00fb organiser de nouvelles \u00e9lections avant le deuxi\u00e8me lundi de janvier 2020. Ces \u00e9lections n\u2019ayant pas eu lieu, le S\u00e9nat devrait perdre un tiers de son effectif.<\/span><\/p>\n<p style=\"text-align: left;\"><span style=\"color: #000000;\">Mais au lieu de d\u00e9clarer \u00abconstater la caducit\u00e9 \u00bb du mandat de dix s\u00e9nateurs, il a d\u00e9cid\u00e9, de par lui-m\u00eame, d\u2019interdire l\u2019acc\u00e8s \u00e0 leur fonction l\u00e9gitime aussi aux s\u00e9nateurs dont le mandat doit arriver \u00e0 terme le deuxi\u00e8me lundi de janvier2022.<\/span><\/p>\n<p style=\"text-align: left;\"><span style=\"color: #000000;\">La d\u00e9cision qu\u2019a prise M. Mo\u00efse vise simplement \u00e0 \u00e9liminer les s\u00e9nateurs qui ont inspir\u00e9 l\u2019opposition contre lui et ceux qui, comme Youri Latortue, ont d\u00e9nonc\u00e9 les scandales de corruption qui gangr\u00e8nent son administration.<\/span><\/p>\n<p style=\"text-align: left;\"><span style=\"color: #000000;\">C\u2019est donc parce qu\u2019il sait que la d\u00e9cisions prise \u00e0 l\u2019encontre des s\u00e9nateurs dont le mandat expire en 2022 est tout \u00e0 fait ill\u00e9gale qu\u2019il s\u2019est gard\u00e9 d\u2019ent\u00e9riner sa d\u00e9cision par un acte officiel, tel qu\u2019une r\u00e9solution devant \u00eatre publi\u00e9e dans le journal officiel Le Moniteur, comme cela se fait normalement. Juridiquement parlant, cette d\u00e9cision par laquelle Jovenel Mo\u00efse prive les neuf s\u00e9nateurs (moins un, Guy Philippe, en prison, on se le rappelle, pour avoir \u00e9t\u00e9 reconnu coupable de trafic de drogue par un tribunal f\u00e9d\u00e9ral, \u00e0 Miami), de leur droit d\u2019exercer leur mandat de quatre ans n\u2019a aucune base l\u00e9gale. D\u00e8s lors, comme l\u2019ont laiss\u00e9 entendre les victimes, \u00ab ne les concerne pas \u00bb.<\/span><\/p>\n<p style=\"text-align: left;\"><span style=\"color: #000000;\">Le <strong>CEP<\/strong> se tait Le Conseil \u00e9lectoral provisoire (CEP), qui a pour pr\u00e9sident est L\u00e9opold Berlanger, est l\u2019organisme charg\u00e9 d\u2019organiser, de g\u00e9rer et de superviser le scrutin avant de donner les r\u00e9sultats, et de d\u00e9cr\u00e9ter la dur\u00e9e du mandat de chaque \u00e9lu. Cela veut dire que l\u2019organisme \u00e9lectoral devrait, tout au moins, \u00e9mettre un communiqu\u00e9 en vue de rappeler les uns et les autres des dispositions l\u00e9gales relatives au mandat de chaque groupe de s\u00e9nateurs.<\/span><\/p>\n<p style=\"text-align: left;\"><span style=\"color: #000000;\">Mais, selon toute probabilit\u00e9, Berlanger et le <strong>CEP<\/strong> ont d\u00e9cid\u00e9 de se taire ob\u00e9issant au mot d\u2019ordre de Jovenel Mo\u00efse. \u00c0 noter que ce dernier s\u2019est gard\u00e9 de dissoudre l\u2019organisme \u00e9lectoral dont les fonctionnaires continuent de percevoir leurs juteux salaires et des privil\u00e8ges exclusifs. Il savait qu\u2019il allait avoir besoin d\u2019eux pour r\u00e9aliser sa sale besogne.<\/span><\/p>\n<p style=\"text-align: left;\"><span style=\"color: #000000;\"><strong>Lev\u00e9e de boucliers contre Jovenel Mo\u00efse<\/strong><\/span><\/p>\n<p style=\"text-align: left;\"><span style=\"color: #000000;\">Les s\u00e9nateurs victimes de cet acte criminel du chef de l\u2019\u00c9tat ne se laissent pas intimider. Collectivement ou s\u00e9par\u00e9ment, ils interviennent publiquement pour d\u00e9noncer cet agissement inqualifiable. Les s\u00e9nateurs Youri Latortue, Jean Renel S\u00e9natus et leurs coll\u00e8gues ont d\u00e9pos\u00e9 une plainte au Parquet de Port-au-Prince. De son c\u00f4t\u00e9, le s\u00e9nateur Onondieu Louis a \u00e9mis un communiqu\u00e9 dans lequel il rassure ses mandataires du Nord- Ouest qu\u2019il n\u2019est pas pr\u00eat \u00e0 renoncer au mandat de quatre ans qu\u2019il lui a donn\u00e9 pour les repr\u00e9senter au S\u00e9nat. \u00abMon mandat n\u2019est pas n\u00e9gociable\u00bb, dit-il.<\/span><\/p>\n<p style=\"text-align: left;\"><span style=\"color: #000000;\">De son c\u00f4t\u00e9, Rosny Desroches, un des membres de la soci\u00e9t\u00e9 civile, a, lors d\u2019une intervention publique, d\u00e9nonc\u00e9 sans appel cet acte de Jonenel Mo\u00efse. Selon lui, il s\u2019agit d\u2019une d\u00e9cision ill\u00e9gale, qui risque de compromettre le bon fonctionnement de la d\u00e9mocratie. Aussi invite-t-il le pr\u00e9sident du pays \u00e0 faire marche arri\u00e8re.<\/span><\/p>\n<p style=\"text-align: left;\"><span style=\"color: #000000;\"><strong>Le s\u00e9nateur Patrice Dumont monte au cr\u00e9neau<\/strong><\/span><\/p>\n<p style=\"text-align: left;\"><span style=\"color: #000000;\">Un des dix s\u00e9nateurs \u00e9lus pour six ans, le s\u00e9nateur Patrice Dumont est mont\u00e9 au cr\u00e9neau contre la d\u00e9cision du pr\u00e9sident Mo\u00efse. Dans cette lettre adress\u00e9e \u00e0 ses coll\u00e8gues, \u00e9galement \u00e9lus pour six ans, il les met en face de leurs responsabilit\u00e9s par rapport \u00e0 la Constitution et \u00e0 la Loi \u00e9lectorale. Voici le texte int\u00e9gral de ce document.<\/span><\/p>\n<p style=\"text-align: left;\"><span style=\"color: #000000;\"><strong>Port-au-Prince, 20 janvier 2020<\/strong><\/span><\/p>\n<ul style=\"text-align: left;\">\n<li style=\"text-align: left;\"><span style=\"color: #000000;\">S\u00e9nateurs asserment\u00e9s du 9 janvier 2017 au 18 avril 2017<\/span><\/li>\n<li style=\"text-align: left;\"><span style=\"color: #000000;\">Kedlaire Augustin, Jean Rigaud B\u00e9lizaire, Denis Cadeau, Rony C\u00e9lestin, Garcia Delva, Ralph F\u00e9thi\u00e8re, Joseph Lambert, Wanique Pierre, Pierre Fran\u00e7ois Sildor<\/span><\/li>\n<\/ul>\n<p style=\"text-align: left;\"><span style=\"color: #000000;\">Coll\u00e8gues,<\/span><\/p>\n<p style=\"text-align: left;\"><span style=\"color: #000000;\">Le Pr\u00e9sident de la R\u00e9publique n\u2019a pas os\u00e9 signer un arr\u00eat\u00e9 ou un quelconque acte officiel qui aurait accompli sa forfaiture consistant \u00e0 d\u00e9clarer le 13 janvier \u00e9coul\u00e9, par tweeter et lors d\u2019un point de presse au Palais National, la fin du mandat de 19 s\u00e9nateurs asserment\u00e9s en 2016, les uns deuxi\u00e8mes, les autres premiers des \u00e9lections tenues sous l\u2019\u00e9gide du D\u00e9cret \u00e9lectoral du 2 mars 2015. Sont partis sans maugr\u00e9er les mandat\u00e9s de quatre ans, non en fonction des d\u00e9clarations fantaisistes du Pr\u00e9sident de la R\u00e9publique, mais selon l\u2019article 50.3 dudit D\u00e9cret \u00e9lectoral. Logique et l\u00e9gal.<\/span><\/p>\n<p style=\"text-align: left;\"><span style=\"color: #000000;\">Les autres, ceux d\u00e9tenteurs du certificat de premier s\u00e9nateur du CEP, ont encore deux ans de mandat. Mais, le mardi 14 janvier, jour pr\u00e9vu pour l\u2019\u00e9lection du bureau du S\u00e9nat, \u00f4 perfidie, ces coll\u00e8gues ont \u00e9t\u00e9 emp\u00each\u00e9s de p\u00e9n\u00e9trer sur leur lieu de travail, le S\u00e9nat de la R\u00e9publique, par un dispositif policier exceptionnel. De qui donc, sup\u00e9rieur au Directeur G\u00e9n\u00e9ral de la Police Nationale, \u00e9tait sorti cet ordre\u00a0? Serait-ce vous\u00a0? Ou le Pr\u00e9sident de la R\u00e9publique si z\u00e9l\u00e9 a d\u00e9clar\u00e9 avec all\u00e9gresse la mort de l\u2019\u00c9tat dont, pourtant constitutionnellement il est le Chef\u00a0? C\u2019est curieux que deux personnes de statut et de fonctions diff\u00e9rents puissent commettre la m\u00eame faute, l\u2019un par un verbe abusif, l\u2019autre, en fait un groupe, par un silence bruyant comme un m\u00e9chant orage\u00a0!<\/span><\/p>\n<p style=\"text-align: left;\"><span style=\"color: #000000;\">L\u2019un d\u2019entre vous avait vendu la m\u00e8che quand, sur le forum whatsapp des S\u00e9nateurs, voulant inviter le Secr\u00e9taire G\u00e9n\u00e9ral \u00e0 annoncer la s\u00e9ance r\u00e9glementaire de renouvellement du bureau le deuxi\u00e8me mardi de janvier, il argumenta en ces termes\u00a0: \u00ab\u00a0<em>en lien avec la d\u00e9claration du Pr\u00e9sident de la R\u00e9publique ce lundi 13 janvier,\u00a0Je* vous saurais gr\u00e9**, au nom du GSEP et au mien propre d\u2019enclencher la proc\u00e9dure<\/em>\u00a0\u00bb. Quel est ce stratag\u00e8me de constituer un entre-soi de huit s\u00e9nateurs r\u00e9gl\u00e9 par le Palais National\u00a0pour constituer un bureau dans le dos de 11autres? <strong>Je ne reconnais pas ce bureau<\/strong>. La Constitution de 1987 amend\u00e9e, le D\u00e9cret \u00e9lectoral du 2 mars 2015 et notre R\u00e8glement Int\u00e9rieur, sont nos guides. La Constitution est claire en ses articles 60 et 60-1\u00a0: \u00ab\u00a0<em>Chaque Pouvoir est ind\u00e9pendant des deux autres dans ses attributions qu\u2019il exerce s\u00e9par\u00e9ment\u00a0<\/em>\u00bb\u00a0; et \u00ab\u00a0<em>Aucun d\u2019eux [l\u2019un des trois pouvoirs] ne peut, sous aucun motif, d\u00e9l\u00e9guer ses attributions en tout ou en partie ni sortir des limites qui lui sont fix\u00e9es par la Constitution et par la loi<\/em>\u00a0\u00bb. Les attributions des S\u00e9nateurs sont donc intransmissibles et inali\u00e9nables. Quant au R\u00e8glement Int\u00e9rieur, en son article 6\u00a0il fixe nos treize attributions dont la onzi\u00e8me pr\u00e9cise: \u00ab <em>inscrire les S\u00e9nateurs, valider leurs pouvoirs et proc\u00e9der \u00e0 leur assermentation\u2026<\/em>\u00bb. Si unis et troubl\u00e9s dans vos illusions partisanes, vous vous laissez emporter par l\u2019ivresse d\u2019un coup d\u2019\u00c9tat, en tout \u00e9tat de cause et \u00e0 toutes fins utiles, je vous invite \u00e0 vous d\u00e9griser en relisant le R\u00e8glement Int\u00e9rieur des articles 9 \u00e0 18 qui renvoient tous \u00e0 la \u00ab\u00a0Constitution et la Loi \u00c9lectorale\u00a0\u00bb.<\/span><\/p>\n\n<p style=\"text-align: left;\"><span style=\"color: #000000;\">Je suis solidaire des S\u00e9nateurs dont les droits sont viol\u00e9s, quel que puissent \u00eatre leur personnalit\u00e9 et leur chapelle politique\u00a0: question de principe. Mais je me bats surtout pour la v\u00e9rit\u00e9 et le bien public dont la d\u00e9mocratie architectur\u00e9e en trois pouvoirs ind\u00e9pendants et plusieurs contre-pouvoirs hors \u00c9tat est le pilier incontestable. Il faut donc, au-del\u00e0 de votre posture de fait accompli et des recours exerc\u00e9s par les S\u00e9nateurs agress\u00e9s dans leurs droits, vous soumettre \u00e0 l\u2019exercice toujours heuristique de la confrontation des textes qui r\u00e9gissent notre institution \u00e0 nos id\u00e9es et nos positions partisanes. R\u00e9unissons-nous et disons-nous la v\u00e9rit\u00e9.<\/span><\/p>\n<p style=\"text-align: left;\"><span style=\"color: #000000;\">Malgr\u00e9 nos trop graves divergences, souvenons-nous enfin de qui nous sommes fils et pour qui nous sommes cens\u00e9s travailler\u00a0: le peuple ha\u00eftien. C\u2019est donc hauss\u00e9 par le sentiment patriotique que je vous fais mes v\u0153ux de paix \u00e0 partager avec les v\u00f4tres, famille et collaborateurs, dont le bonheur, je le sais, est une part importante du v\u00f4tre.<\/span><\/p>\n<ul style=\"text-align: left;\">\n<li><span style=\"color: #000000;\"><em>S\u00e9nateur Patrice Dumont<\/em><\/span><\/li>\n<\/ul>\n<hr \/>\n<ul style=\"text-align: left;\">\n<li style=\"text-align: left;\"><span style=\"color: #000000;\">* Le coll\u00e8gue en question a employ\u00e9 le majuscule dans \u00ab\u00a0je\u00a0\u00bb alors que ce n\u2019\u00e9tait pas en d\u00e9but de phrase. C\u2019est sans doute par inadvertance.<\/span><\/li>\n<li style=\"text-align: left;\"><span style=\"color: #000000;\">** Il manquait \u00ab\u00a0gr\u00e9\u00a0\u00bb apr\u00e8s \u00ab\u00a0je vous saurais\u2026\u00a0\u00bb. L\u00e0 encore, on sait que les coquilles glissent beaucoup dans les messages \u00e9crits \u00e0 la va-vite sur whatsapp<\/span><\/li>\n<li><span style=\"color: #000000;\">Document original PDF :\u00a0<a style=\"color: #000000;\" href=\"http:\/\/haiti-observateur.ca\/wp-content\/uploads\/2020\/01\/SenateDumontCompressed.pdf\">SenateDumontCompressed<\/a><\/span><\/li>\n<\/ul>\n<p style=\"text-align: left;\"><span style=\"color: #000000;\"><strong>L\u2019\u00e9tau se resserre-t-il sur Jovenel Mo\u00efse<\/strong><\/span><\/p>\n<p style=\"text-align: left;\"><span style=\"color: #000000;\">Il y a fort \u00e0 parier que la communaut\u00e9 internationale n\u2019a pas r\u00e9agi dans le sens que l\u2019avaient escompt\u00e9 Jovenel Mo\u00efse et ses conseillers. Des sources diplomatiques ont r\u00e9v\u00e9l\u00e9 que plusieurs repr\u00e9sentants de pays \u00e9trangers n\u2019ont pas cach\u00e9 le d\u00e9saccord de leurs gouvernements par rapport \u00e0 cette d\u00e9cision.<\/span><\/p>\n<p style=\"text-align: left;\"><span style=\"color: #000000;\">En effet, un diplomate a fait savoir que la Communaut\u00e9 \u00e9conomique de la Cara\u00efbe, la CARICOM, s\u2019est d\u00e9clar\u00e9e en opposition \u00e0 l\u2019id\u00e9e de \u00ab gouverner par d\u00e9cret \u00bb. Surtout quand Jovenel Mo\u00efse recourt \u00e0 la violation de la Constitution et de la Loi \u00e9lectorale pour commettre cette forfaiture.<\/span><\/p>\n<p style=\"text-align: left;\"><span style=\"color: #000000;\">Par ailleurs, un observateur international, qui poss\u00e8de des antennes parmi les diplomates bas\u00e9s en Ha\u00efti, a laiss\u00e9 entendre que certains pays auraient m\u00eame menac\u00e9 d\u2019arr\u00eater le peu d\u2019aide qu\u2019ils accordaient \u00e0 l\u2019\u00e9quipe dirig\u00e9e par M. Mo\u00efse. Ce qui l\u2019a port\u00e9 \u00e0 dire : \u00ab L\u2019\u00e9tau se resserre sur Jovenel Mo\u00efse \u00bb. Dans cet ordre d\u2019id\u00e9e, il a attir\u00e9 l\u2019attention sur les derni\u00e8res d\u00e9clarations de l\u2019ambassadeur am\u00e9ricain relatives \u00e0 l\u2019aide \u00e0 Ha\u00efti.<\/span><\/p>\n<p style=\"text-align: left;\"><span style=\"color: #000000;\">Dans un premier temps, Mich\u00e8le Sison avait fait savoir que son pays allait accorder une aide \u00e0 Ha\u00efti. Toutefois, \u00e0 peine quelques heures plus tard, elle devait twitter \u00abTant qu\u2019un accord politique n\u2019aura pas \u00e9t\u00e9 trouv\u00e9 &amp; tant que la situation s\u00e9curitaire ne se sera pas am\u00e9lior\u00e9e les Ha\u00eftiens ne pourront b\u00e9n\u00e9ficier pleinement des programmes de @ USAID. Les acteurs politiques ha\u00eftiens d\u00e9tiennent la cl\u00e9 de l\u2019avenir d\u2019Ha\u00efti. Ils doivent agir maintenant\u00bb.<\/span><\/p>\n<p style=\"text-align: left;\"><span style=\"color: #000000;\"><strong>Le dos au mur<\/strong><\/span><\/p>\n<p style=\"text-align: left;\"><span style=\"color: #000000;\">Dans ce bras de fer entre les s\u00e9nateurs et Jovenel Mo\u00efse, ce dernier risque de sortir le vrai perdant. Car la mobilisation qui sera relanc\u00e9e contre lui conna\u00eetra essor tel qu\u2019elle n\u2019avait connu avant. Car l\u2019argument du pr\u00e9sident ha\u00eftien relatif \u00e0 son mandat, qu\u2019il pr\u00e9tendait \u00ab immuable \u00bb, ne tiendra plus. Il a pris un malin plaisir \u00e0 voler celui de s\u00e9nateurs. Dor\u00e9navant, il sera difficile de convaincre grand monde que la campagne lanc\u00e9e en vue d\u2019obtenir la d\u00e9mission du pr\u00e9sident est bien justifi\u00e9e.<\/span><\/p>\n<p style=\"text-align: left;\"><span style=\"color: #000000;\">Tout compte fait, c\u2019est Jovenel Mo\u00efse lui-m\u00eame qui va aider \u00e0 d\u00e9molir sa pr\u00e9sidence.<\/span><\/p>\n<hr \/>\n<p style=\"text-align: left;\"><span style=\"color: #000000;\">Cet article est publi\u00e9 par l\u2019hebdomadaire Ha\u00efti-Observateur, \u00e9dition du 22 janvier 2020\u00a0<strong>VOL. L, No. 3\u00a0<\/strong>New York, et se trouve en\u00a0<strong>P. 1, 13<\/strong>\u00a0\u00e0 : <a style=\"color: #000000;\" href=\"http:\/\/haiti-observateur.ca\/wp-content\/uploads\/2020\/01\/H-O-22-Januari-2020.pdf\">http:\/\/haiti-observateur.ca\/wp-content\/uploads\/2020\/01\/H-O-22-Januari-2020.pdf<\/a><\/span><\/p>\n","protected":false},"excerpt":{"rendered":"<p>CONFLIT PR\u00c9SIDENCE-S\u00c9NAT Jovenel Mo\u00efse dans ses petits souliers En prenant la d\u00e9cision d\u2019annuler le Parlement, sans avoir l\u2019autorit\u00e9 constitutionnelle d\u2019agir en ce sens, Jovenel Mo\u00efse se retrouve dans ses petits souliers. Quarante-huit heures apr\u00e8s avoir prononc\u00e9 son sc\u00e9l\u00e9rat verdict, il&#8230; <\/p>\n","protected":false},"author":1,"featured_media":4371,"comment_status":"closed","ping_status":"closed","sticky":false,"template":"","format":"standard","meta":{"footnotes":""},"categories":[15,22,25,39],"tags":[363,577,719,1811,1946,2152],"class_list":["post-4366","post","type-post","status-publish","format-standard","has-post-thumbnail","hentry","category-diplomatie","category-flash","category-haiti","category-politique","tag-bureau","tag-coup-detat","tag-divergences","tag-patrice-dumont","tag-presidence","tag-senateur"],"_links":{"self":[{"href":"https:\/\/haiti-observateur.news\/index.php?rest_route=\/wp\/v2\/posts\/4366","targetHints":{"allow":["GET"]}}],"collection":[{"href":"https:\/\/haiti-observateur.news\/index.php?rest_route=\/wp\/v2\/posts"}],"about":[{"href":"https:\/\/haiti-observateur.news\/index.php?rest_route=\/wp\/v2\/types\/post"}],"author":[{"embeddable":true,"href":"https:\/\/haiti-observateur.news\/index.php?rest_route=\/wp\/v2\/users\/1"}],"replies":[{"embeddable":true,"href":"https:\/\/haiti-observateur.news\/index.php?rest_route=%2Fwp%2Fv2%2Fcomments&post=4366"}],"version-history":[{"count":0,"href":"https:\/\/haiti-observateur.news\/index.php?rest_route=\/wp\/v2\/posts\/4366\/revisions"}],"wp:featuredmedia":[{"embeddable":true,"href":"https:\/\/haiti-observateur.news\/index.php?rest_route=\/"}],"wp:attachment":[{"href":"https:\/\/haiti-observateur.news\/index.php?rest_route=%2Fwp%2Fv2%2Fmedia&parent=4366"}],"wp:term":[{"taxonomy":"category","embeddable":true,"href":"https:\/\/haiti-observateur.news\/index.php?rest_route=%2Fwp%2Fv2%2Fcategories&post=4366"},{"taxonomy":"post_tag","embeddable":true,"href":"https:\/\/haiti-observateur.news\/index.php?rest_route=%2Fwp%2Fv2%2Ftags&post=4366"}],"curies":[{"name":"wp","href":"https:\/\/api.w.org\/{rel}","templated":true}]}}