{"id":4351,"date":"2015-03-18T09:16:41","date_gmt":"2015-03-18T13:16:41","guid":{"rendered":"http:\/\/haiti-observateur.ca\/?p=4351"},"modified":"2015-03-18T09:16:41","modified_gmt":"2015-03-18T13:16:41","slug":"obama-prit-dans-un-guepier-international","status":"publish","type":"post","link":"https:\/\/haiti-observateur.news\/?p=4351","title":{"rendered":"OBAMA PRIT DANS UN GU\u00caPIER INTERNATIONAL"},"content":{"rendered":"<p><strong>DIPLOMATIE INTERNATIONALE &amp; SOCI\u00c9T\u00c9 <\/strong><em><a href=\"mailto:dan.albertini@reseauhem.com\">par Dan Albertini<\/a><\/em><\/p>\n<ul>\n<li><strong>OBAMA PRIT DANS UN GU\u00caPIER INTERNATIONAL<\/strong><\/li>\n<li><em>Entre ()<strong>. On aurait beau se consid\u00e9rer g\u00e9nie, que si l\u2019on interpr\u00e9tait le pr\u00e9sent \u00e0 la lueur du pass\u00e9 que notre compr\u00e9hension ne trouverait de comparative. Car, l\u2019arriv\u00e9e d\u2019un Noir \u00e0 la pr\u00e9sidence des \u00c9tats-Unis aura chang\u00e9 d\u00e9finitivement l\u2019histoire du monde. Sinon, quelle serait d\u2019apr\u00e8s l\u2019histoire, la r\u00e9f\u00e9rence plausible ? C\u2019est en ce sens que personnellement, je tente souvent des projections \u00e0 la lueur d\u2019observations et d\u2019appr\u00e9ciations de faits. Je propose ici donc une lecture, puisse-elle \u00e9clairer ce serait \u00e9difiant. <\/strong>Fermons-les ().<\/em><em>\u00a0<\/em><\/li>\n<\/ul>\n<p><strong>16 mai 2012<\/strong>. Voici ce que j\u2019\u00e9crivais en grand titre dans l\u2019euphorie pr\u00e9\u00e9lectorale am\u00e9ricaine <strong><em>:<\/em><\/strong> \u00ab<em>Obama, une erreur \u00e9lectorale grave et lourde de cons\u00e9quences<\/em>\u00bb. Je poursuivais apr\u00e8s les parenth\u00e8ses <strong><em>:<\/em><\/strong> <em>\u00ab\u00a0<\/em><em>Le pr\u00e9sident Obama signe-t-il sa d\u00e9faite, mais, pire, un acte qui va placer l\u2019Am\u00e9rique sur des cordes raides dans le monde turbulent de l\u2019Islam radical, dans la Global Governance, en reconnaissant l\u2019acte de mariage non h\u00e9t\u00e9ro\u00a0?<\/em> \u00bb. Le contexte ne semble s\u2019y reproduire ici en pareille occasion, car, il n\u2019y a pas de pr\u00e9sident \u00e0 faire r\u00e9\u00e9lire, pas de candidat noir en vue et, \u00e0 ce jour pas de d\u00e9bat amorc\u00e9 sur le mariage non h\u00e9t\u00e9ro. Il y a par contre le m\u00eame pattern de guerres de chapelle pour les primaires de l\u2019an prochain, et de guerre de <em>bastringue<\/em> pour le blitz pr\u00e9sidentiel. L\u2019Am\u00e9rique a connu dans les faits deux nouveaux \u00e9l\u00e9ments pourtant pr\u00e9visibles.<\/p>\n<p><em>Je me rappelle fort bien de l\u2019insistance de l\u2019animateur du show de Radio Energy qui m\u2019interrogeait en date du dimanche suivant la publication de l\u2019article. Est-ce r\u00e9ellement une bonne appr\u00e9ciation de la soci\u00e9t\u00e9 \u00a0am\u00e9ricaine, d\u2019alors, on s\u2019entend, disait-il, \u00e9tonn\u00e9<\/em>.<\/p>\n<p>D\u2019une part les obligations socio\u00e9conomiques du mariage non h\u00e9t\u00e9ro d\u00e9passent les capacit\u00e9s de l\u2019Am\u00e9rique et, s\u2019\u00e9tendent au niveau de l\u2019immigration, de l\u2019adoption internationale en cons\u00e9quence de ceux qui partaient rapidement le faire. Mieux encore, une dysfonction l\u00e9gale puisque les l\u00e9gislations ob\u00e9issent aux lois des \u00e9tats souverains. Le probl\u00e8me de la nationalit\u00e9 rendait donc la promesse dysfonctionnelle. Mais, d\u2019autre part, la diplomatie am\u00e9ricaine est depuis en confrontation majeure avec l\u2019Islam radical qui a chang\u00e9 de m\u00e9thode pour une approche de la violence sans fronti\u00e8re et sans limites.<\/p>\n<p>Je poursuivais ainsi avec une interrogation que certains jugeront d\u2019oser aujourd\u2019hui <strong><em>:<\/em><\/strong> <em>\u00ab<\/em><em>Le pr\u00e9sident Obama aurait-il pris go\u00fbt au pouvoir du Bureau ovale, au point de mettre en danger l\u2019Am\u00e9rique, pour une simple affaire personnelle de r\u00e9\u00e9lection ? <\/em>\u00bb<\/p>\n<p>Je reprends aussi un \u00e9l\u00e9ment d\u2019appr\u00e9ciation de l\u2019\u00e9poque <strong><em>:<\/em><\/strong> <em>\u00ab\u00a0<\/em><em>Si le bon chr\u00e9tien risque de voter contre lui \u00e0 cause de cette reconnaissance opportuniste, rappelons que Bush avait lui-m\u00eame \u00e9vit\u00e9 cette d\u00e9cision, la radicalisation islamique risque de s\u2019empirer, <u>nous a laiss\u00e9 comprendre un sp\u00e9cialiste du Moyen-Orient<\/u>. Celui-ci verrait l\u00e0 un pr\u00e9texte qui servira aux extr\u00e9mistes temp\u00e9r\u00e9s et m\u00eame \u00e0 des mod\u00e9r\u00e9s, de reconsid\u00e9rer le discours qui fait des \u00c9tats-Unis une porte du diable condamn\u00e9 \u00bb. <\/em>Rappelons-nous que le pr\u00e9sident a \u00e9t\u00e9 jusqu\u2019\u00e0 tenter une forme ouverte d\u2019ing\u00e9rence, bousculant la souverainet\u00e9 de l\u2019Ouganda, pour un sujet que l\u2019Am\u00e9rique elle-m\u00eame maitrise ni ne s\u2019accorde. C\u2019est ce qu\u2019on appellerait l\u2019effet boomerang qui est arriv\u00e9 sur une base de promesses\u00a0\u00e9lectoralistes et mensong\u00e8res.<\/p>\n<p>S\u2019il y a un constat \u00e0 faire de nos jours, et ce \u00e0 travers le monde, c\u2019est que la violence n\u2019a plus de d\u00e9positaire officiel ni exclusif. La Global Governance ne r\u00e9pond qu\u2019\u00e0 un instinct de guerre sous toutes ses formes. La dysfonction devient de plus en plus grande partout, au point de r\u00e9duire les libert\u00e9s civiles, avec en boni, pour notre s\u00e9curit\u00e9. Cela n\u2019a m\u00eame pas s\u00e9curis\u00e9 Isra\u00ebl grand prot\u00e9g\u00e9 de l\u2019Am\u00e9rique et c\u2019est la surench\u00e8re diplomatique tant avec cet alli\u00e9, qu\u2019avec le Congr\u00e8s. Nous n\u2019avons rien contre le droit d\u2019\u00eatre de l\u2019individu, mais nous demeurons persuad\u00e9s que la politique n\u2019avait pas \u00e0 s\u2019immiscer dans la gestion du spirituel, lui imposant m\u00eame des interpr\u00e9tations. Je poursuivais toujours dans la m\u00eame consid\u00e9ration, avec ceci <strong><em>:<\/em><\/strong> <em>\u00ab\u00a0<\/em><em>Le brillant s\u00e9nateur devenu chef de la Maison-Blanche savait probablement que Romney \u00e9tait per\u00e7u comme homophobe par rapport \u00e0 un acte de jeunesse. Inconscient et avide de votes, Obama aurait tout simplement valid\u00e9 la rumeur qui veut que Clinton le consid\u00e9r\u00e2t comme un amateur en politique. Il aurait par ce geste, mis en \u00e9chec toute la diplomatie am\u00e9ricaine au Moyen-Orient tandis qu\u2019il partait favori, par la gr\u00e2ce de cette grande victoire sur Ben Laden. Comment verra-t-on les nouveaux \u00e9poux et \u00e9pouses de diplomates am\u00e9ricains au Moyen-Orient\u00a0? \u00bb.<\/em><em>\u00a0<\/em><\/p>\n<p>L\u2019horizon est \u00e0 ce point confondu que nous ne savons plus ce que sera le lendemain. Obama partira de son c\u00f4t\u00e9 apr\u00e8s avoir introduit l\u2019Am\u00e9rique dans un gu\u00eapier. Heureux que ce soit-ce de savoir comment s\u2019en sortir. Sans une guerre mondiale. C\u2019est avec cet \u0153il l\u00e0 que je regarde certaines critiques \u00e0 l\u2019\u00e9gard de Jeb Bush.<\/p>\n<p><em>Qui sera le citoyen Barack H. Obama le lendemain de son cong\u00e9 pr\u00e9sidentiel <\/em><em>?<\/em><\/p>\n<ul>\n<li><em><a href=\"mailto:lovinskz2008@hotmail.com\">lovinskz2008@hotmail.com<\/a><\/em><\/li>\n<\/ul>\n<hr \/>\n<p>Cet article est publi\u00e9 par l\u2019hebdomadaire Ha\u00efti-Observateur, \u00e9dition du 18 mars 2015 <strong>VOL.XXXXV, No. 12\u00a0<\/strong>New York, et se trouve en\u00a0<strong>P. 5<\/strong>\u00a0\u00e0\u00a0:<\/p>\n","protected":false},"excerpt":{"rendered":"<p>DIPLOMATIE INTERNATIONALE &amp; SOCI\u00c9T\u00c9 par Dan Albertini OBAMA PRIT DANS UN GU\u00caPIER INTERNATIONAL Entre (). On aurait beau se consid\u00e9rer g\u00e9nie, que si l\u2019on interpr\u00e9tait le pr\u00e9sent \u00e0 la lueur du pass\u00e9 que notre compr\u00e9hension ne trouverait de comparative. Car,&#8230; <\/p>\n","protected":false},"author":3,"featured_media":4352,"comment_status":"closed","ping_status":"closed","sticky":false,"template":"","format":"standard","meta":{"footnotes":""},"categories":[16,51],"tags":[615,1014,1060,1728,2348],"class_list":["post-4351","post","type-post","status-publish","format-standard","has-post-thumbnail","hentry","category-diplomatieinternationale","category-usa","tag-dan-albertini","tag-global-governance","tag-guepier","tag-obama","tag-usa"],"_links":{"self":[{"href":"https:\/\/haiti-observateur.news\/index.php?rest_route=\/wp\/v2\/posts\/4351","targetHints":{"allow":["GET"]}}],"collection":[{"href":"https:\/\/haiti-observateur.news\/index.php?rest_route=\/wp\/v2\/posts"}],"about":[{"href":"https:\/\/haiti-observateur.news\/index.php?rest_route=\/wp\/v2\/types\/post"}],"author":[{"embeddable":true,"href":"https:\/\/haiti-observateur.news\/index.php?rest_route=\/wp\/v2\/users\/3"}],"replies":[{"embeddable":true,"href":"https:\/\/haiti-observateur.news\/index.php?rest_route=%2Fwp%2Fv2%2Fcomments&post=4351"}],"version-history":[{"count":0,"href":"https:\/\/haiti-observateur.news\/index.php?rest_route=\/wp\/v2\/posts\/4351\/revisions"}],"wp:featuredmedia":[{"embeddable":true,"href":"https:\/\/haiti-observateur.news\/index.php?rest_route=\/"}],"wp:attachment":[{"href":"https:\/\/haiti-observateur.news\/index.php?rest_route=%2Fwp%2Fv2%2Fmedia&parent=4351"}],"wp:term":[{"taxonomy":"category","embeddable":true,"href":"https:\/\/haiti-observateur.news\/index.php?rest_route=%2Fwp%2Fv2%2Fcategories&post=4351"},{"taxonomy":"post_tag","embeddable":true,"href":"https:\/\/haiti-observateur.news\/index.php?rest_route=%2Fwp%2Fv2%2Ftags&post=4351"}],"curies":[{"name":"wp","href":"https:\/\/api.w.org\/{rel}","templated":true}]}}