{"id":4349,"date":"2015-03-18T09:54:51","date_gmt":"2015-03-18T13:54:51","guid":{"rendered":"http:\/\/haiti-observateur.ca\/?p=4349"},"modified":"2023-05-03T02:25:14","modified_gmt":"2023-05-03T02:25:14","slug":"les-cordons-de-lhistoire-de-louverture-a-laferriere","status":"publish","type":"post","link":"https:\/\/haiti-observateur.news\/?p=4349","title":{"rendered":"les Cordons de l&rsquo;Histoire de Louverture \u00e0 Laferri\u00e8re"},"content":{"rendered":"<p style=\"text-align: left;\"><span style=\"color: #000000;\"><strong>DIPLOMATIE INTERNATIONALE &amp; SOCI\u00c9T\u00c9 <\/strong><em><a style=\"color: #000000;\" href=\"mailto:dan.albertini@reseauhem.com\">par Dan Albertini<\/a><\/em><\/span><\/p>\n<ul>\n<li style=\"text-align: left;\"><span style=\"color: #000000;\"><strong>LES CORDONS DE L\u2019HISTOIRE DE LOUVERTURE \u00c0 LAFERRI\u00c8RE<\/strong><\/span><\/li>\n<li style=\"text-align: left;\"><span style=\"color: #000000;\"><em>Entre (). Lettre <\/em><em>\u00e0 Son Excellence Monsieur Fran\u00e7ois Hollande, Pr\u00e9sident de la R\u00e9publique. R\u00e9publique fran\u00e7aise. Paris, France. Fermons-les ().<\/em><\/span><\/li>\n<\/ul>\n<p><span style=\"color: #000000;\"><em>Monsieur le Pr\u00e9sident, <\/em>les cordons de l\u2019Histoire vont-ils nouer, renouer ou, d\u00e9nouer, ce que plumes \u00e9loquentes plus tard, \u00e9criront qui d\u2019histoire et de faits seront le fruit de la pens\u00e9e de <em>celui qu\u2019on interpr\u00e8te<\/em> en culture, dans les arts,\u00a0<em>les arts de la diplomatie<\/em>. Que d\u2019histoire pour des cordons, si ni\u00e9s, reni\u00e9s ou d\u00e9ni\u00e9s, ne noueront\u00a0ni d\u00e9noueront ou, renoueront non plus, si tels cordons ne sont \u00e0 priori <em>\u00e9difi\u00e9s<\/em>. Alors que ne seront a posteriori explicit\u00e9s, si\u00e8cles d\u2019\u00e9tudes n\u2019y trouveront gu\u00e8re de pr\u00e9mices ni de convention, pour tant d\u2019apostrophes ou d\u2019un contentieux, d\u2019un moment des Lumi\u00e8res pour des si\u00e8cles de Lumi\u00e8re, h\u00e9bergeant cendres et cordons quand la main d\u2019un homme, par la main d\u2019un autre, saura nouer, renouer ou d\u00e9nouer ce que sans cesse nier, renier ou <em>daigner<\/em> d\u2019une histoire de cordon d\u2019honneur, de langue en partage, de culture.<\/span><\/p>\n<p style=\"text-align: left;\"><span style=\"color: #000000;\">La question s\u2019\u00e9l\u00e8ve ainsi donc \u00e0 hauteur d\u2019homme dont l\u2019honneur et l\u2019indice de courage r\u00e9v\u00e8lent sans cesse la grandeur ou le niveau de ce qui <em>fait<\/em> dans le patrimoine. Un homme eut \u00e0 dire autrefois que <em>\u00ab les racines sont profondes et nombreuses \u00bb<\/em>, l\u2019histoire \u00e9difi\u00e9e r\u00e9clame un nom \u00e0 cet \u00e9tat que Montr\u00e9al a salu\u00e9 sans doute d\u2019un parc. Toussaint Louverture au Ch\u00e2teau de Joux, <em>trouve \u00e9cho vivant en la dimension<\/em> Windsor Cl\u00e9bert Laferri\u00e8re \u00e0 l\u2019Acad\u00e9mie fran\u00e7aise. Une signature qui dans ces cordes, celle de Fran\u00e7ois Hollande, permettra <em>plus<\/em> d\u2019histoire plus d\u2019une premi\u00e8re fois, un \u00e9tranger qui n\u2019est \u00e9tranger, \u00e0 l\u2019acad\u00e9mie de la culture fran\u00e7aise.<\/span><\/p>\n<p style=\"text-align: left;\"><span style=\"color: #000000;\">L\u2019int\u00e9r\u00eat est donc \u00e9lev\u00e9 \u00e0 ce standard, \u00e0 un niveau o\u00f9 histoire pour histoire, <em>de manu viri, et manus<\/em>, cordon pour cordon, une \u00e9dification fera de la langue, <em>fran\u00e7aise<\/em>, un lieu de culture, un lieu de m\u00e9moire, <em>dans l\u2019universel<\/em>, un lieu de courage [le courage de la r\u00e9conciliation]. C\u2019est donc en ce jour du <em>sept avril<\/em> 2015 que l\u2019histoire r\u00e9clame de vous excellence qui signifiez cet acte [<em>francophile<\/em>]<em>,<\/em> faisant d\u00e9sormais l\u2019objet d\u2019\u00e9tudes, <em>\u00e0 venir en diplomatie,<\/em> la finalit\u00e9 de ce geste rapport\u00e9 d\u00e9j\u00e0 dans nos m\u00e9moires immat\u00e9rielles, culturelles, d\u2019avenir.<\/span><\/p>\n<p style=\"text-align: left;\"><span style=\"color: #000000;\">Monsieur le Pr\u00e9sident, si la France par votre voie vivifie ce symbolisme d\u00e9j\u00e0 immortel de statut, accompagnant politiquement, diplomatiquement, culturellement, historiquement le citoyen Laferri\u00e8re aux cordons de l\u2019histoire Louverture, soit\u00a0: cendres, \u00e9p\u00e9e, uniforme, seront d\u00e9nou\u00e9s de peine pour se renouer de grandeur en la culture. Dis-je d\u2019ores et d\u00e9j\u00e0, Laferri\u00e8re au Ch\u00e2teau de Joux ramenant vivant l\u2019\u00e9difice Louverture, le faire si\u00e9ger d\u00e9sormais, <em>mai<\/em> <em>15,<\/em> sur cette cime culturelle d\u2019histoire, de langue en partage, ce sera rendre Louverture d\u00e9j\u00e0 immortel, sortant vivant de Joux. Alors et alors seulement, le c\u0153ur d\u2019Ha\u00efti vibrera, s\u2019ouvrira, \u00e0 travers le monde, de paix, de joie, d\u2019honneur, tels nos standards \u00e9lev\u00e9s, au profit de l\u2019\u00e9mergence d\u2019une autre dimension non encore connue du fran\u00e7ais, des peuples parlant fran\u00e7ais.<\/span><\/p>\n<p style=\"text-align: left;\"><span style=\"color: #000000;\">Monsieur le Pr\u00e9sident, vous avez ici et par l\u00e0, l\u2019opportunit\u00e9 de changer l\u2019histoire de courant. Aura-t-on parl\u00e9 d\u2019une certaine pr\u00e9sence historique \u00e0 Washington, d\u2019ailleurs \u00e9ph\u00e9m\u00e8re de mandat, de statut, qu\u2019elle ne sera \u00e0 la hauteur d\u2019un tel choix \u00e9difi\u00e9 qui fait d\u00e9j\u00e0 par le courage de votre signature, dans l\u2019immortel, dans l\u2019immat\u00e9riel. Ainsi dira-t-on que Paris n\u2019a suivi, mais a pr\u00e9c\u00e9d\u00e9 Washington, rendant \u00e0 Ha\u00efti par ce symbolisme, son histoire, sa gloire, son amiti\u00e9.<\/span><\/p>\n<p style=\"text-align: left;\"><span style=\"color: #000000;\">Monsieur le Pr\u00e9sident, que je pusse dormir persuad\u00e9, ce serait d\u00e9j\u00e0 un beau r\u00eave, une nouvelle dict\u00e9e. Une culture nouvelle \u00e9dictera une puissante \u00e9conomie. En nous Ha\u00efti. En vous la France aura parl\u00e9. Q<em>u\u2019il en soit ainsi\u00a0!<\/em><\/span><\/p>\n<ul style=\"text-align: left;\">\n<li><span style=\"color: #000000;\"><a style=\"color: #000000;\" href=\"mailto:lovinsky2008@hotmail.com\">lovinsky2008@hotmail.com<\/a><\/span><\/li>\n<\/ul>\n<hr \/>\n<p style=\"text-align: left;\"><span style=\"color: #000000;\">Cet article est publi\u00e9 par l\u2019hebdomadaire Ha\u00efti-Observateur, \u00e9dition du 18 mars 2015 <strong>VOL.XXXXV, No. 12\u00a0<\/strong>New York, et se trouve en\u00a0<strong>P. 5<\/strong> \u00e0\u00a0:<\/span><\/p>\n<h6><a href=\"http:\/\/haiti-observateur.info\/wp-content\/uploads\/2021\/02\/H-O-18-mars-2015.pdf\">H-O 18 mars 2015<\/a><\/h6>\n","protected":false},"excerpt":{"rendered":"<p>DIPLOMATIE INTERNATIONALE &amp; SOCI\u00c9T\u00c9 par Dan Albertini LES CORDONS DE L\u2019HISTOIRE DE LOUVERTURE \u00c0 LAFERRI\u00c8RE Entre (). Lettre \u00e0 Son Excellence Monsieur Fran\u00e7ois Hollande, Pr\u00e9sident de la R\u00e9publique. R\u00e9publique fran\u00e7aise. Paris, France. Fermons-les (). Monsieur le Pr\u00e9sident, les cordons de&#8230; <\/p>\n","protected":false},"author":3,"featured_media":7966,"comment_status":"closed","ping_status":"closed","sticky":false,"template":"","format":"standard","meta":{"footnotes":""},"categories":[16,18,21,25],"tags":[615,1088,1496,2109,2295],"class_list":["post-4349","post","type-post","status-publish","format-standard","has-post-thumbnail","hentry","category-diplomatieinternationale","category-economie","category-europe","category-haiti","tag-dan-albertini","tag-haiti-observateur","tag-manu-viri","tag-saint-domingue","tag-toussaint-louverture"],"_links":{"self":[{"href":"https:\/\/haiti-observateur.news\/index.php?rest_route=\/wp\/v2\/posts\/4349","targetHints":{"allow":["GET"]}}],"collection":[{"href":"https:\/\/haiti-observateur.news\/index.php?rest_route=\/wp\/v2\/posts"}],"about":[{"href":"https:\/\/haiti-observateur.news\/index.php?rest_route=\/wp\/v2\/types\/post"}],"author":[{"embeddable":true,"href":"https:\/\/haiti-observateur.news\/index.php?rest_route=\/wp\/v2\/users\/3"}],"replies":[{"embeddable":true,"href":"https:\/\/haiti-observateur.news\/index.php?rest_route=%2Fwp%2Fv2%2Fcomments&post=4349"}],"version-history":[{"count":1,"href":"https:\/\/haiti-observateur.news\/index.php?rest_route=\/wp\/v2\/posts\/4349\/revisions"}],"predecessor-version":[{"id":7967,"href":"https:\/\/haiti-observateur.news\/index.php?rest_route=\/wp\/v2\/posts\/4349\/revisions\/7967"}],"wp:featuredmedia":[{"embeddable":true,"href":"https:\/\/haiti-observateur.news\/index.php?rest_route=\/wp\/v2\/media\/7966"}],"wp:attachment":[{"href":"https:\/\/haiti-observateur.news\/index.php?rest_route=%2Fwp%2Fv2%2Fmedia&parent=4349"}],"wp:term":[{"taxonomy":"category","embeddable":true,"href":"https:\/\/haiti-observateur.news\/index.php?rest_route=%2Fwp%2Fv2%2Fcategories&post=4349"},{"taxonomy":"post_tag","embeddable":true,"href":"https:\/\/haiti-observateur.news\/index.php?rest_route=%2Fwp%2Fv2%2Ftags&post=4349"}],"curies":[{"name":"wp","href":"https:\/\/api.w.org\/{rel}","templated":true}]}}