{"id":4298,"date":"2015-08-18T18:52:58","date_gmt":"2015-08-18T22:52:58","guid":{"rendered":"http:\/\/haiti-observateur.ca\/?p=4298"},"modified":"2015-08-18T18:52:58","modified_gmt":"2015-08-18T22:52:58","slug":"4298","status":"publish","type":"post","link":"https:\/\/haiti-observateur.news\/?p=4298","title":{"rendered":"LA SANT\u00c9 AMBITION DE l\u2019IUSMM"},"content":{"rendered":"<p><strong>DIPLOMATIE INTERNATIONALE ET SOCI\u00c9T\u00c9 <\/strong><em><a href=\"mailto:dan@danalbertini.com\">Par Dan Albertini<\/a><\/em><span style=\"color: #000000;\"><strong>\u00a0<\/strong><\/span><\/p>\n<ul>\n<li style=\"text-align: left;\"><span style=\"color: #000000;\"><strong>LA SANT\u00c9 AMBITION<\/strong><strong> DE l\u2019IUSMM<\/strong><\/span><\/li>\n<li style=\"text-align: left;\"><span style=\"color: #000000;\"><em>Entre (). <\/em><em>Si ce n\u2019est la raison du plus fort, quelle autre raison peut justifier le droit de l\u2019un qui a commis l\u2019irr\u00e9parable, contre l\u2019autre, accus\u00e9 d\u2019en avoir l\u2019intention.<\/em><em> Si nous sommes en pleine p\u00e9riode de comm\u00e9moration, sommes-nous aussi en plein constat d\u2019\u00e9chec de la formule qui a suivi l\u2019horreur. Ce monde s\u00e9pare la sant\u00e9 mentale de l\u2019horreur\u2026! Fermons les ().<\/em><\/span><\/li>\n<\/ul>\n<p style=\"text-align: left;\"><span style=\"color: #000000;\"><strong>L<\/strong>a Sant\u00e9 Ambition n\u2019est pas un simple slogan de courtoisie politique de notre imaginaire, invent\u00e9 en faveur de Lesage, Beauregard, ou tout autre chercheur d\u2019ici. <em>Nous soul\u00e8verons d\u2019ailleurs sa puissante antith\u00e8se institutionnelle. Dixit Dr. Desrosiers, ce qui tendrait \u00e0 maintenir une client\u00e8le bien d\u00e9termin\u00e9e sous embargo ici<\/em>. Alors que des \u00e9tudes extraordinaires, <em>pour le non initi\u00e9<\/em>, sont men\u00e9es par le CPASS de la Facult\u00e9 de M\u00e9decine de l\u2019UDM. Vincent Dumez, patient h\u00e9mophile atteint du HIV a pr\u00e9sent\u00e9 lui-m\u00eame la th\u00e9matique\u00a0: Le patient, partenaire des soins\u00a0: d\u00e9fis et r\u00e9alit\u00e9. <em>Ce sont des investissements institutionnels, \u00e9conomiques, financiers, o\u00f9 l\u2019acteur secondaire est tri\u00e9 sur le volet<\/em>. La Sant\u00e9 Ambition\/Contra est ainsi au c\u0153ur m\u00eame de ce que l\u2019on appelle : b\u00e2tir une ville intelligente. <em>Obstinons<\/em>\u00a0: un Sommet de Montr\u00e9al sur l\u2019innovation o\u00f9 IBM Canada <em>(a<\/em> IBM World) manifeste clairement ses int\u00e9r\u00eats <em>par la voix d\u2019Yvan Forester qui pr\u00e9sente la th\u00e9matique suivante<\/em> : Watson et l\u2019art du possible en sant\u00e9, parle. <strong><em>Q<\/em><\/strong>. IBM s\u2019\u00e9tait-elle pr\u00e9sent\u00e9e en d\u00e9mo dans la ville intelligente ? Espi\u00e8gles, demandons de fait, qui y habiterait, <em>c\u2019est-\u00e0-dire quel profil<\/em>. Car, nous savons que le budget de la sant\u00e9 est une enveloppe astronomique par d\u00e9faut, pour l\u2019\u00e9tat et le citoyen pourvu d\u2019un bon portefeuille. Nous avions <em>emmiell\u00e9<\/em> l\u2019Ambition Sant\u00e9 de IUSMM appliquant l\u2019effet mill\u00e9naire d\u2019une m\u00e9decine chinoise en termes de temporalit\u00e9, dans le pr\u00e9c\u00e9dant article. Mais l\u2019ambition Hong Kong China n\u2019\u00e9tait-elle pas une connexion citadine en sur\u00e9l\u00e9vation <em>sup\u00e9rieure<\/em> d\u2019en bas. Une fois de plus, qui y habiterait ? Ainsi donc, si cette intelligence se rapporte \u00e0 la r\u00e9alit\u00e9 ou \u00e0 l\u2019image d\u2019un smartphone, d\u2019un andro\u00efde, le pauvre n\u2019en a pas les moyens. \u00c0 moins de vouloir leur flanquer une puce bon gr\u00e9 mal gr\u00e9. Pour le contr\u00f4ler. <em>Remarquons que le cin\u00e9ma a d\u00e9j\u00e0 illustr\u00e9 la logique<\/em>. Orwell-1984. Alors, <strong><em>Q<\/em><\/strong>\u00a0: Qui peut certifier la vertu cach\u00e9e du colorant d\u2019un tatou\u00e9, sur la peau, quand l\u2019homme a d\u00e9j\u00e0 connu la Shoa ? Puis, Nagasaki, Hiroshima.<em> Santiago-Chili<\/em>. Lesage, l\u2019observatoire n\u2019invente rien.<\/span><\/p>\n<p style=\"text-align: left;\"><span style=\"color: #000000;\">Revenons aux alv\u00e9oles de cet incubateur. Figure illustr\u00e9e\u00a0de la ruche o\u00f9 les abeilles vont butiner sur des fleurs afin d\u2019y produire du miel dans ses alv\u00e9oles. Le faux-bourdon ni la gu\u00eape, pourtant d\u00e9positaires de pollen, n\u2019y sont invit\u00e9s. Montr\u00e9al Global fait ainsi donc appel \u00e0 ses incubateurs diversifi\u00e9s d\u2019abord, puis aux alv\u00e9oles par exemple de l\u2019IUSMM. Ce n\u2019est une notion d\u2019ambig\u00fcit\u00e9 \u00e9picurienne mais le<em> miel standard<\/em> doit couler.<\/span><\/p>\n<p style=\"text-align: left;\"><span style=\"color: #000000;\"><em>L\u2019attention particuli\u00e8re est donc un pr\u00e9requis. Car, nous avons aussi pris cette mauvaise habitude de singer les folies de NY et sa plateforme de consommation. Le miel est dispers\u00e9 au milieu de gu\u00eapes et de faux-bourdons. NY est une cit\u00e9 o\u00f9 le fait de croiser une vedette millionnaire sur Fifth Ave, Lord &amp; Taylor, fait du SDF un aspirant du bonheur, pour le prix d\u2019un \u2018\u2019hot chocolat and nice to meet you\u2019\u2019 s\u2019il ne mendie la balance brune d\u2019un sandwich vert. Les deux se font plaisir ainsi, que vive le Yankee. Combien sont-ils compt\u00e9s ces gueux l\u00e0-bas par ailleurs, chez Forbes magazine ? Nul ne peut compter m\u00eame si, \u00e9dent\u00e9, alcoolique, ils vous chanteront un Bleues \u00e0 l\u2019harmonica<\/em>.<\/span><\/p>\n<p style=\"text-align: left;\"><span style=\"color: #000000;\">Alors, la r\u00e9cente <em>\u00e9tude<\/em> sur le nombre d\u2019itin\u00e9rants dans notre cit\u00e9 est une r\u00e9v\u00e9lation qui r\u00e9v\u00e8le \u00e0 son tour. Profond malaise en ce sens chez les <em>Enfants-Drapeau Expo 68<\/em>. Car, la probl\u00e9matique du nombre croissant en est une d\u2019indiscutable. Cette honte m\u00e8nera-t-elle \u00a0vers une catastrophe dans les rigueurs du froid ? En outre, celle de l\u2019\u00e9l\u00e9ment d\u00e9clencheur associ\u00e9 \u00e0 la forme d\u2019itin\u00e9rance en est une toute aussi grande. Suspectons-nous de cette tentative de recensement, un projet politique macabre contre eux ? <em>Si l\u2019on s\u2019appuyait sur le fait des Enfants-Duplessis dans ce pays politique qui a d\u00e9j\u00e0 connu des mauvais plis<\/em>. <em>Ola<\/em>, ceux qui \u00e9taient dans les rangs des commandites contre l\u2019avenir du Qu\u00e9bec, sont dans la cit\u00e9. <em>Je me souviens ! Ce n\u2019est pas \u00e7a le miel qui coule, ni le lait, comme dirait le passage de la sainte Bible des Philistins d\u2019autre fois ou des J\u00e9suites menac\u00e9s aujourd\u2019hui de disparition. Pire, c\u2019est le r\u00e8gne de l\u2019autre dira l\u2019\u00e9vang\u00e9liste.<\/em><\/span><\/p>\n<p style=\"text-align: left;\"><span style=\"color: #000000;\">Cependant, dans Montr\u00e9al Cit\u00e9e parfaite du citoyen en sant\u00e9, le projet disons-nous, il y aurait des valeurs qui n\u2019entendent pas se laisser faire par les politiques non inclusives qui excluent ce citoyen dit pauvre. <em>M\u00eame si nous sommes selon toute apparence, atteint de ce que l\u2019on pourrait appeler l\u2019Am\u00e9ricanisme d\u00e9mesur\u00e9e avec ses r\u00e9sultats connus, de profondes discriminations sociales.<\/em> Un homme croirait, avec des nuances \u00e9videmment, en la possibilit\u00e9 de r\u00e9int\u00e9grer le d\u00e9favoris\u00e9, le remettre en sant\u00e9. Mentale. Dr. Alain Lesage nourrit semble-t-il cette grande ambition \u00e0 l\u2019IUSMM. Comprenons qu\u2019il est un enfant du rapport B\u00e9dard des ann\u00e9es soixante, qui croyait que l\u2019int\u00e9gration du patient dans sa famille lui serait salutaire. Un si\u00e8cle de sant\u00e9 mentale au Qu\u00e9bec fait d\u2019ailleurs l\u2019objet d\u2019une \u00e9tude historique sous le nom de\u00a0:<span style=\"text-decoration: line-through;\">\u2026.<\/span> Si et seulement si les rapports Lesage-Beauregard aboutissent, la Sant\u00e9 Ambition serait-elle alors possible comme nouvel axe de relations internationales pour Montr\u00e9al ? Alain Lesage semble vouloir <em>choyer<\/em> sa cour montr\u00e9alaise de pr\u00e9f\u00e9rence, quand nous avons soulev\u00e9 la question. <em>Nous avons consult\u00e9 l\u2019antith\u00e8se. Dr. Jo\u00ebl Desrosiers, auteur de l\u2019ouvrage M\u00e9taspora.<\/em><\/span><\/p>\n<p style=\"text-align: left;\"><span style=\"color: #000000;\">Est-ce une illusion cette notion de cadre de relations internationales \u00e0 l\u2019IUSMM, de notre observatoire ? Soulevons donc encore plus le couvercle de la marmite. Cet incubateur nous propose\u00a0<strong>M\u00e9taspora<\/strong> vs <strong>Sant\u00e9 Ambition, <\/strong>un profond paradoxe. Dr. Desrosiers \u00e9tale des p\u00e9tales d\u2019une rose, mais non sans \u00e9pines. Non pas sur les <u>sarmen<\/u>ts mais dans la rose en soi. De quelle cit\u00e9 parle-t-on quand, en nous sont enferm\u00e9es une multitude de patries intimes ? Elles se d\u00e9clenchent par tant d\u2019incongruit\u00e9s que la complexit\u00e9 sugg\u00e8re un d\u00e9s\u00e9quilibre tant\u00f4t partiel, tant\u00f4t latent. N\u2019est-ce donc pas l\u00e0 le r\u00f4le de la psychiatrie d\u2019en g\u00e9rer le contenu ! Si Dr. Lesage proposerait de traverser ces fronti\u00e8res, le croirait-il en n\u00e9gligeant certaines donn\u00e9es ? <em>L\u2019abc\u00e8s\u00a0de la discrimination et ses effets de causalit\u00e9, autre axe du d\u00e9s\u00e9quilibre<\/em>. Desrosiers parle en conf\u00e9rence, <em>documentation \u00e0 l\u2019appui<\/em>, de discriminations raciales en brandissant sa qu\u00eate de \u00ab <em>vitamine D<\/em> \u00bb qui serait de pr\u00e9f\u00e9rence une prot\u00e9ine tellement importante pour le cerveau. Mais, tellement peu couteux que l\u2019\u00e9quilibre \u00e9conomique des multinationales pharmaceutiques en serait touch\u00e9 pour cause de manque \u00e0 gagner, tellement le citoyen s\u2019\u00e9carterait de maladies ou de maux \u00e9vitables. Des maux \u00e9tal\u00e9s en psychiatrie, excluant la sant\u00e9 mentale. Est-ce l\u00e0 aussi la th\u00e8se cach\u00e9e de Lesage, ou de Beauregard dans ses rapports avec les liquides neurobiologiques ?<\/span><\/p>\n<p style=\"text-align: left;\"><span style=\"color: #000000;\"><em>Croyez-le ou pas la r\u00e9alit\u00e9 des Noirs en prison aux USA, d\u00e9noncerait un comportement discriminatoire des autorit\u00e9s politiques. Y en aurait-il ici \u00e0 Montr\u00e9al aussi, r\u00e9pondez-y vous-m\u00eames, car l\u2019IUSMM chiffre les pertes en milliards pour l\u2019\u00e9conomie canadienne<\/em>.<\/span><\/p>\n<p style=\"text-align: left;\"><span style=\"color: #000000;\">Nous avons dit avoir \u00e0 l\u2019esprit le standard d\u2019un haut savoir engag\u00e9 \u00e0 y demeurer, comme un mill\u00e9naire de m\u00e9decine chinoise. Une \u00e9conomie de relations internationales dot\u00e9e d\u2019une comp\u00e9tition interne multi p\u00f4les, c\u2019est \u00e7a un incubateur avec ses alv\u00e9oles positives. Mais, Dr. Michel-Ange Momplaisir, dans son ouvrage <strong>Le Vaudou Ha\u00eftien dans l\u2019Arc-en-ciel des religions<\/strong> \u00e9talait dans sa plaidoirie. Il fait volteface avec son dernier\u00a0: <strong>Mes convictions profondes<\/strong>. C\u2019est un doute jet\u00e9 dans cette M\u00e9taspora de Dr. Desrosiers qu\u2019il confirme ou, soit au cr\u00e9puscule de sa vie comme il semble le dire, la d\u00e9mence serait sa parano\u00efa personnelle. Lesage le verrait-il comme lui, ou, comme Desrosiers ?<\/span><\/p>\n<p style=\"text-align: left;\"><span style=\"color: #000000;\">Revisitons l\u2019itin\u00e9rant menac\u00e9 par un policier, dans le froid montr\u00e9alais. \u00a0<em>Comprenons que dans les faits, ce policier branle une menace terroriste car il propose la terreur comme th\u00e9rapie \u00e0 l\u2019itin\u00e9rant. Il n\u2019est juste pas un Arabe, de la l\u00e0 la croix et la banni\u00e8re \u00e9cart\u00e9es. R\u00e9it\u00e9rons donc, non pas une \u00e9quation math\u00e9matique de manque \u00e0 gagner, mais un alphabet politique adopt\u00e9 et con\u00e7u par une s\u00e9rie de pathologies. Il est tout simplement bl\u00e2m\u00e9 pour question de d\u00e9ontologie. L\u2019inverse ne serait pas vrai par devant monsieur le juge. Ce serait le diagnostic ou le p\u00e9nal. D\u2019o\u00f9 la question pos\u00e9e\u00a0dans l\u2019article pr\u00e9c\u00e9dent : la Sant\u00e9 mentale devrait-elle l\u2019envoyer \u00e0 l\u2019ASAP, en th\u00e9\u00e2tre int\u00e9grateur pour mise \u00e0 niveau chronique, en acc\u00e9l\u00e9r\u00e9, non en cours d\u2019\u00e9thique ? Quirion a donc raison d\u2019insister.<\/em> Harper a trouv\u00e9 les moyens d\u2019\u00ab<em>augmenter les capacit\u00e9s d\u2019enqu\u00eates<\/em>\u00bb anti-radicalisations.<\/span><\/p>\n<p style=\"text-align: left;\"><span style=\"color: #000000;\">Le puissant paradoxe est \u00e0 ce stade-ci, au sein m\u00eame de la <strong>S<\/strong>ant\u00e9 <strong>A<\/strong>mbition dans une alv\u00e9ole de cet incubateur plein de gu\u00eape et de faux-bourdons. Ce faux-bourdon le policier en question \u00e9chappe compl\u00e8tement au pouvoir de l\u2019IUSMM, pourtant dans la cit\u00e9, puissant r\u00e9cidiviste potentiel, en libert\u00e9. Revenons \u00e0 Desrosiers dans sa M\u00e9taspora pr\u00e9sent\u00e9 \u00e0 DC, je crois pour expertise. Dans sa patrie intime, ce policier est-il compatriote de ce mendiant ? L\u2019affaire ne si\u00e8ge pas seulement dans les arts de la litt\u00e9rature avec Des Rosiers, \u00e0 qui nous avions demand\u00e9, s\u2019il avait l\u2019intention de porter sa M\u00e9taspora \u00e0 l\u2019\u00e9cran, pour une diffusion de masse. L\u2019IUSMM partage donc r\u00e9ellement des R.I.<\/span><\/p>\n<p style=\"text-align: left;\"><span style=\"color: #000000;\">Raison de plus pour aller chercher ce label et en faire de Montr\u00e9al le d\u00e9positaire avec l\u2019IUSMM <em>axe 1. Mettre le citoyen en condition de sant\u00e9 mentale dans la cit\u00e9. Exporter. Transformer un institut de maladie mentale en piste de sant\u00e9 mentale. Comme pour la m\u00e9decine cubaine, un chercheur fran\u00e7ais fr\u00e9quenterait \u00e0 ce titre l\u2019institut. Car, la Sant\u00e9 Ambition serait implant\u00e9e aussi dans des unit\u00e9s carc\u00e9rales pour transformer le pensionnaire. Tous, des besoins sociaux mondiaux d\u2019importation. Ce que devrait t\u00e9moigner d\u2019ailleurs, Denis Lucas attach\u00e9 culturel CHU de Rouen (France), pr\u00e9sent au forum (l\u2019Art \u00e0 l\u2019h\u00f4pital pour de nouvelles perspectives avec le patient).<\/em><\/span><\/p>\n<p style=\"text-align: left;\"><span style=\"color: #000000;\">Nous reviendrons en conclusion avec plus d\u2019\u00e9l\u00e9ments sp\u00e9cifiques sur l\u2019IUSMM international comme contenu de la Sant\u00e9 Ambition. Nous cl\u00f4turons ici en soulevant deux th\u00e9matiques suivies du Forum sur l\u2019innovation. Soit\u00a0: <em>Le futur de la collaboration entre la sant\u00e9 et les industries cr\u00e9atives\u00a0: une mission collective,<\/em> pr\u00e9sent\u00e9e par le collectif Castonguay, Brunet, Goldstein, Let\u00e9li\u00e9, Poissant, Quirion. Il a \u00e9t\u00e9 suivi imm\u00e9diatement par\u00a0: <em>Comment Montr\u00e9al peut-elle jouer un r\u00f4le de leader dans le rapprochement de ces deux secteurs strat\u00e9giques<\/em>, pr\u00e9sent\u00e9 par Damien Sil\u00e8s, DG de Quartier de l\u2019innovation. L\u2019ASAP et son th\u00e9\u00e2tre int\u00e9grateur rentre donc sans d\u00e9tour dans ce courant. Et, les liens internationaux de la Sant\u00e9 Ambition \u00e0 l\u2019IUSMM font aussi sans d\u00e9tour, dans les R.I.<\/span><\/p>\n<ul>\n<li style=\"text-align: left;\"><span style=\"color: #000000;\"><a style=\"color: #000000;\" href=\"mailto:lovinsky2008@hotmail.com\">lovinsky2008@hotmail.com<\/a><\/span><\/li>\n<\/ul>\n<hr \/>\n<p style=\"text-align: left;\"><span style=\"color: #000000;\">cet article est publi\u00e9 par l\u2019hebdomadaire Ha\u00efti-Observateur, \u00e9dition du 18 ao\u00fbt 2015, <strong>VOL XXXXV No.3<\/strong>, New York et se trouve en <strong>P.4<\/strong> \u00e0\u00a0:<\/span><\/p>\n","protected":false},"excerpt":{"rendered":"<p>DIPLOMATIE INTERNATIONALE ET SOCI\u00c9T\u00c9 Par Dan Albertini\u00a0 LA SANT\u00c9 AMBITION DE l\u2019IUSMM Entre (). Si ce n\u2019est la raison du plus fort, quelle autre raison peut justifier le droit de l\u2019un qui a commis l\u2019irr\u00e9parable, contre l\u2019autre, accus\u00e9 d\u2019en avoir&#8230; <\/p>\n","protected":false},"author":3,"featured_media":4299,"comment_status":"closed","ping_status":"closed","sticky":false,"template":"","format":"standard","meta":{"footnotes":""},"categories":[8,16,47],"tags":[615,668,1022,1088,1418,1625],"class_list":["post-4298","post","type-post","status-publish","format-standard","has-post-thumbnail","hentry","category-canada","category-diplomatieinternationale","category-societe","tag-dan-albertini","tag-des-rosiers","tag-goldstein","tag-haiti-observateur","tag-lesage-iusmm","tag-momplaisir"],"_links":{"self":[{"href":"https:\/\/haiti-observateur.news\/index.php?rest_route=\/wp\/v2\/posts\/4298","targetHints":{"allow":["GET"]}}],"collection":[{"href":"https:\/\/haiti-observateur.news\/index.php?rest_route=\/wp\/v2\/posts"}],"about":[{"href":"https:\/\/haiti-observateur.news\/index.php?rest_route=\/wp\/v2\/types\/post"}],"author":[{"embeddable":true,"href":"https:\/\/haiti-observateur.news\/index.php?rest_route=\/wp\/v2\/users\/3"}],"replies":[{"embeddable":true,"href":"https:\/\/haiti-observateur.news\/index.php?rest_route=%2Fwp%2Fv2%2Fcomments&post=4298"}],"version-history":[{"count":0,"href":"https:\/\/haiti-observateur.news\/index.php?rest_route=\/wp\/v2\/posts\/4298\/revisions"}],"wp:featuredmedia":[{"embeddable":true,"href":"https:\/\/haiti-observateur.news\/index.php?rest_route=\/"}],"wp:attachment":[{"href":"https:\/\/haiti-observateur.news\/index.php?rest_route=%2Fwp%2Fv2%2Fmedia&parent=4298"}],"wp:term":[{"taxonomy":"category","embeddable":true,"href":"https:\/\/haiti-observateur.news\/index.php?rest_route=%2Fwp%2Fv2%2Fcategories&post=4298"},{"taxonomy":"post_tag","embeddable":true,"href":"https:\/\/haiti-observateur.news\/index.php?rest_route=%2Fwp%2Fv2%2Ftags&post=4298"}],"curies":[{"name":"wp","href":"https:\/\/api.w.org\/{rel}","templated":true}]}}