{"id":4289,"date":"2015-01-07T17:48:51","date_gmt":"2015-01-07T22:48:51","guid":{"rendered":"http:\/\/haiti-observateur.ca\/?p=4289"},"modified":"2015-01-07T17:48:51","modified_gmt":"2015-01-07T22:48:51","slug":"les-canons-phenomenaux-ou-hldda-3-7","status":"publish","type":"post","link":"https:\/\/haiti-observateur.news\/?p=4289","title":{"rendered":"LES CANONS PHENOMENAUX ou HlDd\u2019A-3\/7"},"content":{"rendered":"<p style=\"text-align: left;\"><span style=\"color: #000000;\"><strong>DIPLOMATIE INTERNATIONALE ET SOCI\u00c9T\u00c9 <\/strong><em><a style=\"color: #000000;\" href=\"mailto:dan@danalbertini.com\">Par Dan Albertini<\/a><\/em><\/span><\/p>\n<ul>\n<li style=\"text-align: left;\"><span style=\"color: #000000;\"><strong>LES CANONS PHENOM\u00c9NAUX <em>ou<\/em> H<em>l<\/em>D<em>d\u2019A<\/em>-3\/7<\/strong><\/span><\/li>\n<li style=\"text-align: left;\"><span style=\"color: #000000;\"><em>Entre (). Je prends le soin de souligner la diff\u00e9rence entre un constat sur un aspect diplomatique et des rapports politiques particuliers de l\u2019administration Martelly. Le constat n\u2019est pas cet appui politique partisan mais il est r\u00e9alis\u00e9 en comparaison \u00e0 ce qu\u2019offre l\u2019alternative annonc\u00e9e. Je crois que si le capitaine du vaisseau navigue en direction d\u2019un r\u00e9cif fracassant, toute la vaisselle, fragile, est en p\u00e9ril. D\u2019\u00eatre fracass\u00e9e. La vaisselle (les acquis) nous appartient \u00e0 tous. Alors tournons la page. <\/em><em>Fermons les<\/em><em> ().<\/em><\/span><em style=\"color: #000000;\">\u00a0<\/em><\/li>\n<\/ul>\n<p style=\"text-align: left;\"><span style=\"color: #000000;\">Je me rappelle fort bien de l\u2019expression du visage, <em>sympathique je signale<\/em>, de Fran\u00e7ois Subiger quand je lui expliquais la notion <strong>HNBS Action<\/strong> dont la formulation\u00a0: \u00ab <em>Notre d\u00e9fi consiste\u00a0\u00e0 retenir la cam\u00e9ra \u2018\u2019ON\u2019\u2019 laisser tourner. HNBS action <\/em>\u00bb. Je le voyais <em>(le d\u00e9fi)<\/em> comme un nouveau ph\u00e9nom\u00e8ne. Sp\u00e9cialiste \u00e0 la Radio <strong>UN<\/strong>, Fran\u00e7ois a per\u00e7u de suite que je devais mettre [ON]. Il suivait un autre commentaire judicieux du Genevois Guy Mettan (journaliste (<em>presse locale<\/em> <em>TDG),<\/em> pr\u00e9sident du Club Suisse de la Presse, d\u00e9put\u00e9 du grand conseil de la R\u00e9publique du canton de Gen\u00e8ve. <em>Mettan devait \u00eatre le pr\u00e9sident par la suite, deux ans plus tard)<\/em>. Il m\u2019introduisait dans sa chronique hebdomadaire en \u00e9crivant que je \u00ab proposais [<em>mis \u00e0 la premi\u00e8re personne par moi<\/em>] la fantaisie comme instrument de d\u00e9veloppement \u00e9conomique, l\u00e0 o\u00f9 le politique avait \u00e9chou\u00e9. Je parlais ici de la perception de deux hommes de la Gen\u00e8ve internationale qui dans leur nature de diplomatie des bons offices, avaient compris de suite la naissance d\u2019un nouveau ph\u00e9nom\u00e8ne pour Ha\u00efti. Ce qu\u2019ils auraient souhait\u00e9 sans le dire, pour Gen\u00e8ve.<\/span><\/p>\n<p style=\"text-align: left;\"><span style=\"color: #000000;\">J\u2019introduisais ainsi des nouveaux canons ph\u00e9nom\u00e9naux pour ne pas obliquer, <em>biaiser si vous pr\u00e9f\u00e9rez<\/em>, car ils pourraient laisser comprendre autre chose apr\u00e8s ceux m\u00e9taphysiques. Tandis qu\u2019en introduction je soulignais l\u2019aspect g\u00e9ographique attach\u00e9 de ces canons. L\u2019histoire a voulu que la n\u00f4tre soit soumise \u00e0 \u2018\u2019sauts d\u2019humeur\u2019\u2019 de la nature comme pour le 12 janvier 2010. Ce qui dans ce cadre a d\u00e9velopp\u00e9 un courant ph\u00e9nom\u00e9nal d\u2019aide et de support internationaux. Raison pour laquelle j\u2019invitais l\u2019ex\u00e9cutif \u00e0 faire valider au Parlement le label <em>\u00ab <\/em><strong>Aid\u00e9 Ayiti<\/strong><em> \u00bb. <\/em>Un but\u00a0: contr\u00f4ler ainsi la politique de coop\u00e9ration internationale en l\u2019accordant seulement \u00e0 ceux qui r\u00e9pondraient aux normes et priorit\u00e9s pour les auditionner et, <em>monitorer<\/em> dans la transparence. Mais en respectant la politique int\u00e9rieure du pays.<\/span><\/p>\n<p style=\"text-align: left;\"><span style=\"color: #000000;\">Autrement, le d\u00e9veloppement exp\u00e9rimental sans label devrait souscrire \u00e0 une autre politique. Un permis d\u2019\u00e9tablissement conditionnel plus on\u00e9reux et limit\u00e9, g\u00e9r\u00e9 par les collectivit\u00e9s territoriales de fa\u00e7on \u00e0 forcer une r\u00e9elle coop\u00e9ration ha\u00eftienne mais aussi \u00e0 prot\u00e9ger contre ce ph\u00e9nom\u00e8ne d\u2019asservissement \u00e9conomique qui servait en deuxi\u00e8me lieu soit \u00e0 des vols de patrimoines, soit \u00e0 des d\u00e9tournements de l\u2019action citoyenne nationale <em>(qui est en soi un ph\u00e9nom\u00e8ne non isol\u00e9). <\/em>Ce qui obligerait \u00e0 des frais d\u2019\u00e9tudes de dossiers selon une m\u00e9thodologie \u00e9tablie, \u00e9prouv\u00e9e et publi\u00e9e, respectant l\u2019\u00e9ch\u00e9ancier de l\u2019institut dans la formulation des recherches utiles. Ce qui en passant, est une nouvelle source de revenus pour l\u2019Universit\u00e9 d\u2019Etat qui s\u2019en occuperait par ses chairs de recherches. Ceci, accord\u00e9 par contrat de gestion de l\u2019Etat pour un d\u00e9veloppement d\u2019expertise.<\/span><\/p>\n<p style=\"text-align: left;\"><span style=\"color: #000000;\">Je retourne cons\u00e9quemment ici \u00e0 F. Subiger et G. Mettan cit\u00e9s plus haut, \u00e0 l\u2019approche de gestion <em>intelligente<\/em> du Carnaval amorc\u00e9e par le Pr\u00e9sident Martelly. Je lui accorde (la gestion) toute son importance, d\u00e9j\u00e0 dans le sens qu\u2019il est peut-\u00eatre le seul jusqu\u2019ici \u00e0 comprendre l\u2019importance de cet axe. Si je pr\u00e9sume qu\u2019il a su les communications essentielles sur le dossier que l\u2019Etat Ha\u00eftien a bien re\u00e7u et a accus\u00e9 r\u00e9ception, il n\u2019y a pas par contre eu de concertation avec l\u2019auteur <em>(moi)<\/em> en termes de vision globale, ce qui explique\u00a0: <strong>retards et d\u00e9rapages tels que pr\u00e9vu. <\/strong>Ca fait partie des canons ph\u00e9nom\u00e9naux malgr\u00e9 l\u2019incompr\u00e9hension des contestataires.<\/span><\/p>\n<p style=\"text-align: left;\"><span style=\"color: #000000;\">J\u2019ai souvent plaid\u00e9 en faveur d\u2019une diplomatie ha\u00eftienne, par exemple en <strong>P.37 <\/strong>de mon ouvrage, la notion de la Communaut\u00e9 Ha\u00eftienne Internationale (<strong>CHI<\/strong>), je dis\u00a0: \u00ab <em>politiquement elle d\u00e9veloppe aussi des partenariats avec ses soci\u00e9t\u00e9s d\u2019accueil, ce qui fait d\u2019elle un ambassadeur \u00e0 haut potentiel pour la promotion de ces soci\u00e9t\u00e9s<\/em> \u00bb. Respectives j\u2019ajoute. Retournons en <strong>P.34<\/strong>\u00a0: \u00ab <em>nous sommes l\u00e0 pour rester, pour contribuer au d\u00e9veloppement du Canada et des autres pays partageant cette communaut\u00e9 internationale<\/em> \u00bb. {\u2026} \u00ab <em>C\u2019en est de m\u00eame pour nous autres Ha\u00eftiens, \u00e0 l\u2019ext\u00e9rieur, nous partageons une culture, une riche culture qui met en relief toutes les cultures du monde\u2026, c\u2019est un patrimoine<\/em> \u00bb.<\/span><\/p>\n<p style=\"text-align: left;\"><span style=\"color: #000000;\">C\u2019est une autre dimension ph\u00e9nom\u00e9nologique qui suscite des \u00e9tudes sp\u00e9cialis\u00e9es, renforc\u00e9e de l\u2019aspect m\u00e9taphysique. Je vois donc l\u2019instrument de cette culture globale carnaval qui est en soi un \u2018\u2019ph\u00e9nom\u00e9nal\u2019\u2019 du d\u00e9veloppement et de nouvelles relations internationales. Ce sont des cr\u00e9ances potentielles quand je propose en <strong>P.70-71<\/strong> \u00ab <em>le m\u00e9tro de Santo Domingo devient r\u00e9alit\u00e9\u2026<\/em> \u00bb et que nous avions plaid\u00e9 pour les rails du d\u00e9veloppement ph\u00e9nom\u00e9nal qui impliqueraient d\u2019autres types de relations de coop\u00e9ration bilat\u00e9rale d\u2019abord et, multilat\u00e9rale qui impliqueraient la notion de transfert de technologie et de d\u00e9veloppement de nouvelles expertises, c\u2019est en soi, trouver l\u2019extension ph\u00e9nom\u00e9nologique des canons m\u00e9taphysiques comme principe liminaire ha\u00eftien.<\/span><\/p>\n<p style=\"text-align: left;\"><span style=\"color: #000000;\"><em>C\u2019est \u00e0 dire\u00a0: 1) humanis\u00e9 pour le bien et, non d\u00e9ifi\u00e9 pour d\u00e9shumaniser. 2) D\u00e9mystifier l\u2019opulence par la g\u00e9n\u00e9rosit\u00e9 dans la bont\u00e9. 3) Continuit\u00e9 par l\u2019enrichissement des termes de vie. 4) L\u2019acte diplomatique assis sur la justice trouvera la vocation de l\u2019\u00e9quit\u00e9. 5) Le principe du soulagement de la peine pour ne pas la renforcer. 6) Divisibilit\u00e9 dans le but du renforcement pour mieux unir. 7) La r\u00e9g\u00e9n\u00e9ration de la pens\u00e9e pour l\u2019\u00e9volution (expansion) de la diversit\u00e9 (multiplication). Petite excursion\u00a0r\u00e9tro symbolique : le calcul de la valeur num\u00e9rologique concern\u00e9e ob\u00e9it-il au principe t\u00e9tragramme\u00a0: J=10, L=12, M=13, D=4, K=11, W=24, T=20. Les sp\u00e9cialistes doivent s\u2019en donner \u00e0 c\u0153ur joie<\/em>.<\/span><\/p>\n<p style=\"text-align: left;\"><span style=\"color: #000000;\">Dans les faits, l\u2019empreinte des canons m\u00e9taphysiques sugg\u00e9r\u00e9s n\u2019est pas un trac\u00e9 de superstitions ou de mysticisme pour des choses cach\u00e9es, r\u00e9v\u00e9l\u00e9es seulement \u00e0 des initi\u00e9s marchandeurs. C\u2019est de pr\u00e9f\u00e9rence pour l\u2019Ha\u00eftien cette capacit\u00e9 \u00e0 s\u2019agripper m\u00eame \u00e0 l\u2019invisible, pour redonner la vie, revitaliser, redynamiser, reconstruire, r\u00e9g\u00e9n\u00e9rer, r\u00e9duire les solitudes, red\u00e9marrer. L\u2019Ha\u00eftien doit \u00eatre <strong>UN<\/strong> (logique) dans cette diplomatie.<\/span><\/p>\n<p style=\"text-align: left;\"><span style=\"color: #000000;\">Un indice symbolique pour mieux analyser les besoins. L\u2019Acad\u00e9mie Fran\u00e7aise en \u00e9lisant \u00e0 l\u2019occasion Alain Finkielkraut apr\u00e8s Laferri\u00e8re a-t-elle r\u00e9pondu \u00e0 un besoin de ce symbolisme\u00a0ph\u00e9nom\u00e9nologique par la m\u00e9taphysique ?<\/span><\/p>\n<p style=\"text-align: left;\"><span style=\"color: #000000;\"><em>Si kabbale ha\u00eftienne il doit y avoir ou, \u00e9sot\u00e9risme pour ceux qui s\u2019y identifient, ce ne peut \u00eatre qu\u2019un moyen en terme de support d\u2019\u00e9tudes pour ceux qui pr\u00e9f\u00e8rent ce rituel qui ne doit en aucun cas aboutir \u00e0 une conservation obscurantiste, t\u00e9n\u00e9breuse, justifiant la peur et les pertes (produit du crime de l\u2019intelligence). \u00c7a\u00a0doit \u00eatre un processus clair de d\u00e9pouillement des scories mal\u00e9fices (je pense l\u00e0 \u00e0 l\u2019id\u00e9alisme politique de Ray Joseph) pour une lib\u00e9ration de l\u2019esprit qui doit \u00eatre de communion, la diversit\u00e9 \u00e9tant un axe de d\u00e9veloppement. Le r\u00e9sultat en langage diplomatique doit \u00eatre la d\u00e9monstration du savoir communiquer pour le d\u00e9veloppement des soci\u00e9t\u00e9s et pour la r\u00e9solution de crises. C\u2019est aussi une \u00e9conomie du savoir pour le pays. Le ph\u00e9nom\u00e8ne m\u00e9taphysique doit \u00eatre une hybridation \u00e9conomique n\u00e9cessaire \u00e0 la r\u00e9alisation de la d\u00e9marche nationale. C\u2019est-\u00e0-dire l\u2019herm\u00e9neutique de la d\u00e9marche des canons m\u00e9taphysiques doit \u0153uvrer pour la vie comme but et la clart\u00e9 des \u00e9tudes \u00e0 leur fin diplomatique transcendantale.<\/em><em>\u00a0<\/em><\/span><\/p>\n<p style=\"text-align: left;\"><span style=\"color: #000000;\">Je voudrais conclure par l\u2019aspect mat\u00e9riel, physique dure des canons ph\u00e9nom\u00e9naux car les besoins en mati\u00e8re de g\u00e9opolitique, autant en mati\u00e8re naturelle ont d\u00e9montr\u00e9s l\u2019importance extraordinaire de la position g\u00e9ographique d\u2019Ha\u00efti, ne fut-ce que par la pr\u00e9sence pass\u00e9e des navires de guerre de nations colonisatrices, ce qui a cr\u00e9\u00e9 un m\u00e9ta-fond(s) marin patrimonial en faveur de la R\u00e9publique d\u2019Ha\u00efti. Les \u00e9tudes g\u00e9o-sismiques n\u2019en d\u00e9mentent pas plus. Au contraire, moult besoins de l\u2019homme moderne et \u00e0 venir passant et passeront par notre voie, l\u2019avenir le prouvera. C\u2019est \u00e0 nous de g\u00e9rer, de projeter car ces deux empreintes sont disponibles..<\/span><\/p>\n<ul>\n<li style=\"text-align: left;\"><span style=\"color: #000000;\"><a style=\"color: #000000;\" href=\"mailto:dan@danalbertini.com\">dan@danalbertini.com<\/a><\/span><\/li>\n<\/ul>\n<hr \/>\n<p style=\"text-align: left;\"><span style=\"color: #000000;\">cet article est publi\u00e9 par l\u2019hebdomadaire Ha\u00efti-Observateur, \u00e9dition du 7 janvier 2015, <strong>VOL XXXXV No.2<\/strong>, New York et se trouve en <strong>P.8<\/strong> \u00e0\u00a0:<\/span><\/p>\n","protected":false},"excerpt":{"rendered":"<p>DIPLOMATIE INTERNATIONALE ET SOCI\u00c9T\u00c9 Par Dan Albertini LES CANONS PHENOM\u00c9NAUX ou HlDd\u2019A-3\/7 Entre (). Je prends le soin de souligner la diff\u00e9rence entre un constat sur un aspect diplomatique et des rapports politiques particuliers de l\u2019administration Martelly. Le constat n\u2019est&#8230; <\/p>\n","protected":false},"author":3,"featured_media":4265,"comment_status":"closed","ping_status":"closed","sticky":false,"template":"","format":"standard","meta":{"footnotes":""},"categories":[16,25,46],"tags":[398,615,862,1088,1566,2229],"class_list":["post-4289","post","type-post","status-publish","format-standard","has-post-thumbnail","hentry","category-diplomatieinternationale","category-haiti","category-sciences","tag-canons-phenomenaux","tag-dan-albertini","tag-expertise","tag-haiti-observateur","tag-mettan","tag-subiger"],"_links":{"self":[{"href":"https:\/\/haiti-observateur.news\/index.php?rest_route=\/wp\/v2\/posts\/4289","targetHints":{"allow":["GET"]}}],"collection":[{"href":"https:\/\/haiti-observateur.news\/index.php?rest_route=\/wp\/v2\/posts"}],"about":[{"href":"https:\/\/haiti-observateur.news\/index.php?rest_route=\/wp\/v2\/types\/post"}],"author":[{"embeddable":true,"href":"https:\/\/haiti-observateur.news\/index.php?rest_route=\/wp\/v2\/users\/3"}],"replies":[{"embeddable":true,"href":"https:\/\/haiti-observateur.news\/index.php?rest_route=%2Fwp%2Fv2%2Fcomments&post=4289"}],"version-history":[{"count":0,"href":"https:\/\/haiti-observateur.news\/index.php?rest_route=\/wp\/v2\/posts\/4289\/revisions"}],"wp:featuredmedia":[{"embeddable":true,"href":"https:\/\/haiti-observateur.news\/index.php?rest_route=\/"}],"wp:attachment":[{"href":"https:\/\/haiti-observateur.news\/index.php?rest_route=%2Fwp%2Fv2%2Fmedia&parent=4289"}],"wp:term":[{"taxonomy":"category","embeddable":true,"href":"https:\/\/haiti-observateur.news\/index.php?rest_route=%2Fwp%2Fv2%2Fcategories&post=4289"},{"taxonomy":"post_tag","embeddable":true,"href":"https:\/\/haiti-observateur.news\/index.php?rest_route=%2Fwp%2Fv2%2Ftags&post=4289"}],"curies":[{"name":"wp","href":"https:\/\/api.w.org\/{rel}","templated":true}]}}