{"id":4287,"date":"2014-12-31T16:06:39","date_gmt":"2014-12-31T21:06:39","guid":{"rendered":"http:\/\/haiti-observateur.ca\/?p=4287"},"modified":"2014-12-31T16:06:39","modified_gmt":"2014-12-31T21:06:39","slug":"les-canons-metaphysiques-ou-hldda-2-7","status":"publish","type":"post","link":"https:\/\/haiti-observateur.news\/?p=4287","title":{"rendered":"LES CANONS M\u00c9TAPHYSIQUES ou HlDd\u2019A-2\/7"},"content":{"rendered":"<p style=\"text-align: left;\"><span style=\"color: #000000;\"><strong>DIPLOMATIE INTERNATIONALE ET SOCI\u00c9T\u00c9 <\/strong><em><a style=\"color: #000000;\" href=\"mailto:dan@danalbertini.com\">Par Dan Albertini<\/a><\/em><\/span><\/p>\n<ul>\n<li style=\"text-align: left;\"><span style=\"color: #000000;\"><strong>LES CANONS M\u00c9TAPHYSIQUES <em>ou<\/em> H<em>l<\/em>D<em>d\u2019A<\/em>-2\/7<\/strong><\/span><\/li>\n<li style=\"text-align: left;\"><span style=\"color: #000000;\"><em>Entre (). Je comprends le degr\u00e9 d\u2019\u00e9tonnement du fait de la presse grande absente dans les canons cit\u00e9s. Je dirais tout de go, les sciences aussi \u2026etc. Il n\u2019y a en effet de presse ha\u00eftienne internationale \u00e9tablie \u00e0 l\u2019\u00e9tranger, h\u00e9bergeant des journalistes correspondants permanents attitr\u00e9s, si ce n\u2019est la pr\u00e9sence symbolique de H-O devenu marathonien. Le journalisme ha\u00eftien est en ce sens linguistique donc sous la coupe du dit canon.<\/em><em> Fermons-les ().<\/em><\/span><\/li>\n<\/ul>\n<p style=\"text-align: left;\"><span style=\"color: #000000;\"><strong>Que viennent donc faire de vieilles notions m\u00e9taphysiques comme <em>canon<\/em> en diplomatie ha\u00eftienne, au point de laisser des empreintes\u00a0?<\/strong><\/span><\/p>\n<p style=\"text-align: left;\"><span style=\"color: #000000;\">D\u2019abord, le Vatican est assis dessus. Puis, en a trafiqu\u00e9 un concordat. Il partage ces relations diplomatiques avec Ha\u00efti. Ceux, du Potomac comme de l\u2019Hexagone, partagent, relativisent sur la Franc-Ma\u00e7onnerie, le rose-croix, sur Nietzche. La Chine et les Indes bouddhistes d\u00e9bitent une pl\u00e9thore de <em>Rig Veda<\/em> \u00e0 l\u2019ombre <em>d\u2019un zen attitude<\/em>. La Russie ni l\u2019Allemagne ne sont des novices dans leur approche de Saint Empire perdu. J\u2019ai souvent remarqu\u00e9 \u00e0 travers les colonnes H-O, combien l\u2019\u00e9vang\u00e9lisation prend une tangente constante en mati\u00e8re philosophique. J\u2019oserais dire comme la pratique humaine le veut, on d\u00e9fendrait Dieu mieux qu\u2019il ne saurait le faire lui-m\u00eame. <em>En bon Ha\u00eftien, plus royaliste que le Roi.<\/em> J\u2019esp\u00e8re ne troubler la foi logique chez personne. L\u2019\u00e9diteur n\u2019est-il pas <em>enfant de la promesse dont un fr\u00e8re, diplomate<\/em>\u00a0! Je fais <em>en revanche<\/em> dans le domaine du temporel dans cette chronique. Tout le monde se cherche ainsi son \u00e9quilibre. Ou plut\u00f4t, son lot d\u2019influence, car l\u2019homme a plus que d\u00e9montrer sa nature de pr\u00e9dateur. De profiteur, d\u2019usurpateur tandis que d\u2019autres ont paradoxalement jet\u00e9 leur d\u00e9volu sur la formule pacifiste de pr\u00e9f\u00e9rence na\u00efve. Mouton de Panurge comme l\u2019Afrique.<\/span><\/p>\n<p style=\"text-align: left;\"><span style=\"color: #000000;\">Cela peut para\u00eetre excessif, hors sujet je l\u2019admets. Mais, la r\u00e9alit\u00e9 se retrouve l\u00e0 aussi. C\u2019est un canon qui se raccorde aux autres, qui ensuite, v\u00e9cu en terme r\u00e9aliste, constituerait comme je l\u2019ai mentionn\u00e9 la semaine derni\u00e8re un acquis. <em>L\u2019avenir des soci\u00e9t\u00e9s et de notre soci\u00e9t\u00e9<\/em> est concern\u00e9. Je reviens \u00e0 la charge avec <em>la nouvelle dict\u00e9e\u00a0:<\/em> des mots invisibles (non \u00e9crits). Je sugg\u00e8re la formule J.P. Le Glaunec pour dire que ces Elections-2014 posent d\u00e9sormais un probl\u00e8me d\u2019\u00e9criture pour Paris merveille, pour Paris <em>mag<\/em>, pour une ascendance historique des nouveaux \u00e9lus en termes d\u2019historicisme pour l\u2019opposition politique, se justifier, se rapporter, pour la philosophie fran\u00e7aise, car, derri\u00e8re Dany ce sont des millions de Noirs, plus nombreux que la population de la France en termes de Francophonie.<\/span><\/p>\n<p style=\"text-align: left;\"><span style=\"color: #000000;\">Souffrez que je m\u2019explique par <em>Andr\u00e9 Malraux Ministre de l\u2019irrationnel de Charles-Louis Foulon<\/em>\/Gallimard. <em>P.71<\/em>. Un orateur incomparable <strong>\u00ab <em>il continue de penser en 1952 que la mystique a plus d\u2019importance que la tactique<\/em> \u00bb. <\/strong>Plus loin citation de JFK en <em>P.338<\/em>\u00a0: \u00ab en <em>Malraux, la politique et l\u2019art, la vie de l\u2019action et la vie de la pens\u00e9e, le monde des \u00e9v\u00e8nements et le monde de l\u2019imaginaire sont UN <\/em><strong>\u00bb<\/strong><em>. <\/em>JFK n\u2019est-il toujours pas adul\u00e9 \u00e0 travers le monde, <em>lui qui voyait en Malraux de la m\u00e9taphysique<\/em>, un monument. <em>Ce dont Momplaisir se r\u00e9jouirait de la personne ha\u00eftienne,<\/em> invisible, en nous, <em>pour rapprocher Beauregard<\/em>. Je rajoute qu\u2019on a cru\u00a0: chass\u00e9e et \u00e9vad\u00e9e. \u00c9pargnez vos peurs je ne parle de mysticisme, <em>de lwa,<\/em> de sorcellerie, je parle de l\u2019esprit, de la conscience. Lisez M. Beauregard dans son analyse sur les pouvoirs de la conscience, on se comprendra mieux.<\/span><\/p>\n<p style=\"text-align: left;\"><span style=\"color: #000000;\">Puis, si je touche \u00e0 Nietzsche aussi en regard de cette nouvelle dict\u00e9e dont je parle, elle ne trouve m\u00eame pas ses explications en fran\u00e7ais, c\u2019est en anglais que John Ford nous dit\u00a0: \u00ab <em>when the legend becomes fact, print the legend<\/em> \u00bb. Dict\u00e9e\u00a0: <strong>Toussaint <em>doit quitter Pontarlier en uniforme<\/em>, muni de son \u00e9p\u00e9e.<\/strong> Dany v\u00eatu en acad\u00e9micien sort vivant du Ch\u00e2teau de Joux. C\u2019est l\u2019immortel qui ressort d\u2019une citadelle invisible. C\u2019est la l\u00e9gende. Je ne rime ni ne mime, mais c\u2019est <strong>Malraux en lutte avec l\u2019ange<\/strong> de Rapha\u00ebl Aubert, <em>2001 Labor et Fides, Gen\u00e8ve.<\/em> P.67 chap.3\u00a0: <em>L\u2019absolu et la M\u00e9tamorphose dans Art et m\u00e9taphysique<\/em>. Comment sur <strong>les voix du silence<\/strong>. Je retiens, P.68, Malraux\u00a0: <em>\u00ab<\/em><em> le g\u00e9mie grec sera mieux compris par l\u2019opposition d\u2019une statue grecque \u00e0 une statue \u00e9gyptienne<\/em> \u00bb donc, Ha\u00efti doit \u00e9riger ses propres canons m\u00e9taphysiques contre ceux impos\u00e9s, mais d\u00e9suets. L\u2019artiste-compositeur ha\u00eftien, Gifrants exag\u00e8re certes, mais se fait interpr\u00e9ter en musique, \u00e0 ce sujet.<\/span><\/p>\n<p style=\"text-align: left;\"><span style=\"color: #000000;\"><em>Relativisons\u00a0ce pass\u00e9 patrimoine de Malraux. Rituel : l\u2019effet symbiotique de la lumi\u00e8re a carr\u00e9ment confondu certains qui ont, soit achet\u00e9 pour dieu l\u2019objet de leur fantasme, soit se sont soumis \u00e0 celui de leur peur. L\u2019Afrique a pay\u00e9 le prix et cher. Par ascendance, Ha\u00efti a \u00e9t\u00e9 prise dans cette bataille cosmogonique, avec effets secondaires et collat\u00e9raux. Cependant, contrairement \u00e0 l\u2019Afrique endog\u00e8ne, Ha\u00efti a su d\u00e9velopper un instrument digne de fiction qui s\u2019inspire de Verti\u00e8res, mais ne l\u2019a pourtant jamais utilis\u00e9 \u00e0 son service. Mais la R\u00e9publique l\u2019a soumis \u00e0 la m\u00e9taphysique des autres. Quand ceux-ci viennent y puiser chez nous. \u00c9tonnant\u00a0; pour nous en revendre l\u2019expertise abr\u00e9g\u00e9e. Mais, bien plus cher que l\u2019original. Est-ce que je parle de vaudou\u00a0? Non\u00a0! Mais, les grands ph\u00e9nom\u00e8nes m\u00e9taphysiques chez cet Ha\u00eftien se lisent \u00e9loquemment bien \u00e0 cette adresse. Il est au service de la linguistique, de la politique, de l\u2019esth\u00e9tique, de la philosophie.<\/em><\/span><\/p>\n<p style=\"text-align: left;\"><span style=\"color: #000000;\">Je disais donc en semaine du 12 que L\u00e9vesque-Momplaisir-Beauregard serait d\u2019une grande utilit\u00e9 comme sp\u00e9cialiste en neurosciences. D\u00e9trompez-vous, la haute sph\u00e8re d\u00e9cisionnelle am\u00e9ricaine se fait accompagner, suivre, conseiller \u00e0 telle enseigne, tandis que souvent, ils nous lisent comme dans une bulle, malgr\u00e9, grand cr\u00e9ateur de confusion que nous sommes, cela leur donne du fil \u00e0 retordre. C\u2019est aujourd\u2019hui la grande mode, cette m\u00e9tamorphose ha\u00eftienne chez les chercheurs. Voil\u00e0 ce que je disais d\u00e9j\u00e0 \u00e0 ce sujet dans le livre Ha\u00efti 2001-2010 Reconstruction d\u2019apr\u00e8s Nous, <strong>P.173<\/strong> <em>in conclusion.<\/em> Je r\u00e9it\u00e8re\u00a0: Nous sommes tous Ha\u00eftiens, <em>Merci d\u2019y croire<\/em>\u00a0! C\u2019\u00e9tait dans la foul\u00e9e de \u00ab <em>1804 \u00e9tait un indicateur de R\u00e9ussite<\/em> \u00bb, que je disais\u00a0plus loin que notre litt\u00e9rature d\u00e9montre encore aujourd\u2019hui, combien l\u2019univers de la pens\u00e9e ha\u00eftienne contribue \u00e0 enrichir r\u00e9guli\u00e8rement le patrimoine de l\u2019humanit\u00e9. Pens\u00e9e, conscience, toujours Beauregard. Dany\/Michaelle, le ph\u00e9nom\u00e8ne vient de me confirmer. Je voyais d\u00e9j\u00e0 ce qui se situait dans l\u2019avenir pr\u00e9sent. Je dois avouer que le pr\u00e9sident Martelly a \u0153uvr\u00e9 assidument pour ne pas d\u00e9saxer le canon m\u00e9taphysique dans sa confirmation malgr\u00e9 ses faiblesses, pour un peuple de Glorieux. En P.56, je dis\u00a0: <em>\u00ab<\/em><em> c\u2019est une Nation adepte des Glorieux. Des Glorieux de 1804. Il nous en faut d\u2019autres \u00bb.<\/em> Et \u00e0 propos de ces Glorieux (1804) Le Glaunec explique dans Toussaint Louverture, Verti\u00e8res et ses dimensions.<\/span><\/p>\n<p style=\"text-align: left;\"><span style=\"color: #000000;\">C\u2019est donc pour ce faire que j\u2019\u00e9voquais, toujours dans Ha\u00efti 2001-2010\u2026 P.53, <em>\u00ab<\/em><em> la n\u00e9cessit\u00e9 de d\u00e9velopper une grande \u00e9cole de diplomatie pour l\u2019avenir <\/em>\u00bb, dans <strong>Ha\u00efti la Diplomatie d\u2019abord<\/strong>. Je crois que le moment est arriv\u00e9 pour Ha\u00efti de mieux comprendre le retour de Michaelle Jean sur la sc\u00e8ne internationale, pour accomplir le geste diplomatique symbolique, celui d\u2019honorer Paul Martin qui avait compris de son c\u00f4t\u00e9, le besoin de briser les solitudes. <em>Je citais en m\u00eame\u00a0 temps Wyclef Jean, Dr. Rony Fran\u00e7ois en relation avec Jeb Bush, il nous revient de voir \u00e0 travers l\u2019avenir pour concr\u00e9tiser nos ambitions.<\/em><\/span><\/p>\n<p style=\"text-align: left;\"><span style=\"color: #000000;\"><strong>Canons m\u00e9taphysiques<\/strong><\/span><\/p>\n<p style=\"text-align: left;\"><span style=\"color: #000000;\">J\u2019aurais jur\u00e9 vouloir pr\u00e9dire l\u2019avenir en introduisant la notion\u00a0: Ha\u00efti la Diplomatie d\u2019abord et par la suite dans l\u2019ouvrage, r\u00e9cidiver avec \u00ab <em>ce sont les canons artistiques et culturels, et, non le bras guerrier vindicatif<\/em> \u00bb qui allaient trouver vertu en 2015, incluant les notions de la Communaut\u00e9 Ha\u00eftienne Internationale (CHI) et, les Architectes de la politique, dans le contexte de l\u2019article <strong>Ha\u00efti Reconstruire Comment Aider sans se Tromper<\/strong>, o\u00f9 j\u2019\u00e9voquais la n\u00e9cessit\u00e9 de \u00ab <em>d\u2019abord reconstruire c\u2019est aussi r\u00e9tablir un fait\u00a0: la nationalit\u00e9 Ha\u00eftienne<\/em> \u00bb. Je disais plus loin\u00a0: \u00ab <em>qui sont nos architectes, qui sont nos ing\u00e9nieurs, quels sont grands chantiers<\/em> \u00bb. La citoyennet\u00e9 ha\u00eftienne est en passe de redevenir une r\u00e9alit\u00e9 qui s\u2019\u00e9tale comme un puissant axe de diplomatie, utilisant des codes m\u00e9talinguistiques comme cette ardeur m\u00e9taphysique que d\u00e9crit Jean-Pierre Le Glaunec dans <strong>L\u2019Arm\u00e9e indig\u00e8ne La d\u00e9faite de Napol\u00e9on en Ha\u00efti<\/strong>, dans son chapitre \u00ab <em>Le Symbole de la Force et de la survie d\u2019Ha\u00efti<\/em> \u00bb, pour d\u00e9crire Capois la Mort.<\/span><\/p>\n<p style=\"text-align: left;\"><span style=\"color: #000000;\">Je soutiens ainsi \u00e9nergiquement l\u2019importance des canons linguistiques et, avec f\u00e9brilit\u00e9 en <em>les essayant<\/em> sur les canons m\u00e9taphysiques. \u00c9coutons ce que dit le petit livre d\u2019histoire de J-.C Dorsinvil \u00ab <em>Br\u00e9da au haut du Cap vit na\u00eetre l\u2019immortel Toussait Louverture<\/em> \u00bb. Toussaint avait raison dans l\u2019\u00e9nonc\u00e9 de ses racines. Nombreuses, au point de p\u00e9n\u00e9trer l\u2019autre cosmographie.<\/span><\/p>\n<p style=\"text-align: left;\"><span style=\"color: #000000;\"><em>Les Lettres japonaises sont d\u00e9j\u00e0 l\u00e0. Je ne veux faire l\u2019apologie d\u2019un \u00e9crivain ni du sexe sous couvert m\u00e9taphysique. Mais Dany reviendra certainement dans les canons linguistiques qui interpelleront Eroshima, son roman. Je veux les soumettre, associ\u00e9s dans l\u2019\u00e9tude des canons m\u00e9taphysiques. N\u2019a-t-on pas su que le roman \u2018\u2019La Grenade\u2026.\u2019\u2019 a \u00e9t\u00e9 traduit en cor\u00e9en voisin tandis que l\u2019homme s\u2019ouvrait \u00e0 la patrie des mangas. Je l\u2019entends dire alors en entrevue (Outremont ann\u00e9es nonante)\u00a0: \u00ab richesse \u00bb. Quand il parlait du joual interdit chez les \u2018\u2019sav\u00e9\u2019\u2019 ha\u00eftiens de Montr\u00e9al. Pourquoi Dany avait-il quitt\u00e9 la cosmogonie des Lumi\u00e8res pour p\u00e9n\u00e9trer un monde nouveau\u00a0? C\u2019est en fait le Bouddhisme qui a achet\u00e9 ce cr\u00e9ole insulaire, une connexion des intelligences qui lui vaut aujourd\u2019hui admiration, m\u00eame en politique. Une fois de plus, je crois que la pens\u00e9e politique du pr\u00e9sident Martelly, n\u2019est pas indiff\u00e9rente \u00e0 cela. Lamothe a eu son titre ib\u00e9rique par cette voie. Liminaire dirait l\u2019autre\u00a0!<\/em><\/span><span style=\"color: #000000;\"><strong>\u00a0<\/strong><\/span><\/p>\n<p style=\"text-align: left;\"><span style=\"color: #000000;\">D\u00e9trompez-vous, nous sommes \u00e0 l\u2019\u00e9tude chez plus d\u2019un, d\u2019ailleurs De Cauna r\u00e9it\u00e8re diff\u00e9remment dans le contexte raciste de Moreau de St R\u00e9my. Le ph\u00e9nom\u00e8ne Toussaint Louverture oui, du c\u00f4t\u00e9 historique et politique, mais, ce n\u2019est \u00e0 ce point d\u2019\u00e9tude \u00e0 tort ou \u00e0 raison. N\u2019est-ce pas vrai que Jules Campion pr\u00eatre fait ses choux gras sur un pseudo exorcisme de 1804, <em>pour reprendre entre parenth\u00e8ses le Vatican cit\u00e9 plus haut<\/em>. Ce qui refl\u00e8te \u00e0 plus d\u2019un \u00e9gard, le pattern de ses ma\u00eetres \u00e0 penser (Vatican<sup>2<\/sup>), mais aussi de leurs concurrents, alli\u00e9s ou adeptes. Comment voient-ils Dany immortel litt\u00e9raire en 2015, le p\u00e8re Gustave Miracle \u00e0 St Angela Parish \u00e0 Boston, qui soutient une certaine libert\u00e9 de langage malgr\u00e9 l\u2019\u00e9thique catholique, pourrait s\u2019\u00e9taler.<\/span><\/p>\n<p style=\"text-align: left;\"><span style=\"color: #000000;\">Alors, Dany immortel donc racines profondes et nombreuses du tronc rentr\u00e9 pour se voir d\u00e9pouill\u00e9 de son uniforme, pour mourir de tristesse, de froid, d\u2019isolement. Dany retrouvant ainsi cet uniforme, digne, vivant, majestueux (<em>r\u00e9confortant Campion malgr\u00e9 tout, \u00ab les derniers seront les premiers et, beaucoup d\u2019appel\u00e9s, mais peu d\u2019\u00e9lu<\/em> \u00bb. Poursuivons, retrouvant vie, chaleur et joie, rentrant \u00e0 Paris dans un convoi Ha\u00eftien-Canadien-Fran\u00e7ais, symbolisant le regret \u00e0 revers de Napol\u00e9on \u00e0 St H\u00e9l\u00e8ne, et retrouvant son \u00e9p\u00e9e, ne serait-ce pas l\u00e0 hors de tout doute, l\u2019empreinte d\u2019un canon m\u00e9taphysique appuy\u00e9 sur le canon politique dans une quintessence du canon linguistique, tel que d\u00e9crit, ou sugg\u00e9r\u00e9 dans Ha\u00efti 2001-2010 Reconstruction d\u2019apr\u00e8s Nous\u00a0 d\u2019apr\u00e8s\u00a0\u00ab loin du bras guerrier vindicatif \u00bb ? D + T = 1.<\/span><\/p>\n<p style=\"text-align: left;\"><span style=\"color: #000000;\"><em>Remettez aux Ha\u00eftiens de New York ce calcul, de la num\u00e9rologie m\u00e9taphysique, vous verrez de quelle empreinte ils se chauffent. La peinture, la musique viendraient en grand renfort. Toussaint mort le 07-04-1803. 7-4=3 dans 1803, monde invers\u00e9 7+4=11. T=1+D=1, TDx1=1 retrouv\u00e9s dans 8+3=11 dans l\u2019ordre et dans le d\u00e9sordre.<\/em><\/span><\/p>\n<p style=\"text-align: left;\"><span style=\"color: #000000;\"><em>Dany 2014\u00bb 2+-vide=1 dans les 4 soit 3 perfection +1= 1. Installation 2015\u00a0: les deux sortants faisant 1 et d\u2019une extr\u00e9mit\u00e9 \u00e0 l\u2019autre 2+5=7 retrouv\u00e9 dans 2014. Ce sont l\u00e0 les num\u00e9rologistes, mais nous avions dit\u00a0citadelle invisible. <strong>L<\/strong> pour Louverture, <strong>L<\/strong> pour Laferri\u00e8re, amplifi\u00e9 dans les racines profondes et nombreuses, passant donc par Christophe Roi du nord avec sa citadelle, en provision pour Dany 2015.<\/em><\/span><\/p>\n<p style=\"text-align: left;\"><span style=\"color: #000000;\">M\u00e9taphysique, si Dany exigeait ce protocole, car, roi, il change les traditions. Immortel il ne court de risque. Invisible convoi, la Franc-ma\u00e7onnerie fran\u00e7aise grande sp\u00e9cialiste du genre, m\u00e9taphysique. L\u2019histoire du monde par cet aspect, par ce geste m\u00e9taphysique, frapperait encore plus fort qu\u2019au temps des Lumi\u00e8res. Plus fort que les relations Cuba-USA. La vraie r\u00e9conciliation historique marquant la diplomatie pour une nouvelle \u00e8re diplomatique. Rappelons-le, c\u2019est \u00e0 la faveur du canon m\u00e9taphysique, ces \u00e9cussons de la GG\/MJ, que la nomination avait lieu. Aujourd\u2019hui cela l\u2019a conduite au sommet de la francophonie mondiale. \u00ab <em>Marseillaise alti\u00e8re<\/em> \u00bb dirait l\u2019auteur, ce qui s\u2019est pass\u00e9 ne tient de l\u2019humain ordinaire.<\/span><\/p>\n<p style=\"text-align: left;\"><span style=\"color: #000000;\">Je termine cite P.55\u00a0: <em>\u00ab<\/em><em> Paul Martin a r\u00e9volutionn\u00e9 l\u2019Histoire du monde en faveur d\u2019Ha\u00efti. Mieux que moult dirigeants de l\u2019\u00eele, il a r\u00e9tabli la raison, la fiert\u00e9 de 1804<\/em> \u00bb. Raison pour laquelle je soutiens la pr\u00e9sidence Martelly malgr\u00e9 moi. Alors, <em>\u00ab<\/em><em>Ha\u00efti ne devra le nier au risque de subir les effets de l\u2019oubli de ses propres fils \u00e0 l\u2019\u00e9tranger, mais, mieux encore, de ne laisser aucune trace de le\u00e7on diplomatique \u00e0 ses fils\u00bb.<\/em> Car, si le pr\u00e9sident dit vrai, Castro-Obama aujourd\u2019hui, si \u00e9loquente en ce sens, c\u2019est une image. D\u2019ailleurs je plaide en P.60-61 <em>\u00ab<\/em><em>cr\u00e9er un triangle international entre Carrefour La Havane et Kingston\u2026. C\u2019est un besoin pressant, car la Havane risque de nous damer le pion si ce n\u2019est un r\u00e9veil de Kingston\u00bb.<\/em> Les canons m\u00e9taphysiques sont d\u2019un bon ordre, align\u00e9s en ce sens. C\u2019est du tourisme aussi.<\/span><\/p>\n<ul style=\"text-align: left;\">\n<li><span style=\"color: #000000;\"><a style=\"color: #000000;\" href=\"mailto:dan@danalbertini.com\">dan@danalbertini.com<\/a><\/span><\/li>\n<\/ul>\n<p style=\"text-align: left;\">\n<hr \/>\n<p style=\"text-align: left;\"><span style=\"color: #000000;\">cet article est publi\u00e9 par l\u2019hebdomadaire Ha\u00efti-Observateur, \u00e9dition du 31 d\u00e9cembre 2014, <strong>VOL XXXXV No.1<\/strong>, New York et se trouve en <strong>P.8<\/strong> \u00e0\u00a0:<\/span><\/p>\n","protected":false},"excerpt":{"rendered":"<p>DIPLOMATIE INTERNATIONALE ET SOCI\u00c9T\u00c9 Par Dan Albertini LES CANONS M\u00c9TAPHYSIQUES ou HlDd\u2019A-2\/7 Entre (). Je comprends le degr\u00e9 d\u2019\u00e9tonnement du fait de la presse grande absente dans les canons cit\u00e9s. Je dirais tout de go, les sciences aussi \u2026etc. Il&#8230; <\/p>\n","protected":false},"author":3,"featured_media":4265,"comment_status":"closed","ping_status":"closed","sticky":false,"template":"","format":"standard","meta":{"footnotes":""},"categories":[16,25],"tags":[397,615,783,1088,1516],"class_list":["post-4287","post","type-post","status-publish","format-standard","has-post-thumbnail","hentry","category-diplomatieinternationale","category-haiti","tag-canons-metaphysique","tag-dan-albertini","tag-ecusson","tag-haiti-observateur","tag-martelly"],"_links":{"self":[{"href":"https:\/\/haiti-observateur.news\/index.php?rest_route=\/wp\/v2\/posts\/4287","targetHints":{"allow":["GET"]}}],"collection":[{"href":"https:\/\/haiti-observateur.news\/index.php?rest_route=\/wp\/v2\/posts"}],"about":[{"href":"https:\/\/haiti-observateur.news\/index.php?rest_route=\/wp\/v2\/types\/post"}],"author":[{"embeddable":true,"href":"https:\/\/haiti-observateur.news\/index.php?rest_route=\/wp\/v2\/users\/3"}],"replies":[{"embeddable":true,"href":"https:\/\/haiti-observateur.news\/index.php?rest_route=%2Fwp%2Fv2%2Fcomments&post=4287"}],"version-history":[{"count":0,"href":"https:\/\/haiti-observateur.news\/index.php?rest_route=\/wp\/v2\/posts\/4287\/revisions"}],"wp:featuredmedia":[{"embeddable":true,"href":"https:\/\/haiti-observateur.news\/index.php?rest_route=\/"}],"wp:attachment":[{"href":"https:\/\/haiti-observateur.news\/index.php?rest_route=%2Fwp%2Fv2%2Fmedia&parent=4287"}],"wp:term":[{"taxonomy":"category","embeddable":true,"href":"https:\/\/haiti-observateur.news\/index.php?rest_route=%2Fwp%2Fv2%2Fcategories&post=4287"},{"taxonomy":"post_tag","embeddable":true,"href":"https:\/\/haiti-observateur.news\/index.php?rest_route=%2Fwp%2Fv2%2Ftags&post=4287"}],"curies":[{"name":"wp","href":"https:\/\/api.w.org\/{rel}","templated":true}]}}