{"id":4270,"date":"2014-10-29T11:25:18","date_gmt":"2014-10-29T15:25:18","guid":{"rendered":"http:\/\/haiti-observateur.ca\/?p=4270"},"modified":"2014-10-29T11:25:18","modified_gmt":"2014-10-29T15:25:18","slug":"sgph-les-apprecations-iii-et-fin","status":"publish","type":"post","link":"https:\/\/haiti-observateur.news\/?p=4270","title":{"rendered":"SGPH\u00a0: LES APPR\u00c9CATIONS (III et fin)"},"content":{"rendered":"<p style=\"text-align: left;\"><span style=\"color: #000000;\"><strong>DIPLOMATIE INTERNATIONALE ET SOCI\u00c9T\u00c9 <\/strong><em><a style=\"color: #000000;\" href=\"mailto:dan@danalbertini.com\">Par Dan Albertini<\/a><\/em><\/span><\/p>\n<ul>\n<li style=\"text-align: left;\"><span style=\"color: #000000;\"><strong>SGPH\u00a0: LES APPR\u00c9CATIONS <\/strong><em>(III et fin)<\/em><\/span><\/li>\n<li style=\"text-align: left;\"><span style=\"color: #000000;\"><em>Entre (). <\/em><em>Le Duvali\u00e9risme barbare est une cons\u00e9quence, la r\u00e9volution des comp\u00e8res son extension, et, non la cause. Ne pas la g\u00e9rer maintenant c\u2019est regretter plus tard. Je le dis ainsi sur la route du cin\u00e9ma\u00a0: le triomphe de la volont\u00e9 comme unique d\u00e9fi. La MINUSTAH de la MINUHA est un faux pr\u00e9texte. Le Canada en guerre en Irak aujourd\u2019hui devrait nous aider mieux comprendre ce qui serait \u00e0 venir si nous n\u2019agissons pas maintenant. Fermons-les ().<\/em><\/span><\/li>\n<\/ul>\n<p style=\"text-align: left;\"><span style=\"color: #000000;\"><strong>\u00c9nonc\u00e9 III. Nous enfant de 1804, r\u00e9cup\u00e9rons nos standards. Nous accusons la pens\u00e9e de feu l\u2019individu Eugene P. Lyla Jr. qui dans un de ses multiples articles, \u00e0 travers les colonnes du World Works Magazine proposait d\u00e9j\u00e0 la conception de 1915, dans un esprit colonialiste d\u00e9shumanisant en application en Am\u00e9rique s\u00e9gr\u00e9gationniste contre les Noirs, ce qui se concr\u00e9tisa par une invasion agressive dans le but d\u2019humilier par l\u2019imposition de sa pens\u00e9e r\u00e9ductrice tir\u00e9e des matrices du G\u00e9nie du Code noir accus\u00e9 sous ce m\u00eame chef, par devant le Parlement de la Pr\u00e9cieuse R\u00e9publique d\u2019Ha\u00efti.<\/strong><\/span><\/p>\n<p style=\"text-align: left;\"><span style=\"color: #000000;\">Nous citions Lyle dans son contexte, la semaine derni\u00e8re. Il ne faut pas que la descendance non repentie de ce monsieur d\u2019ascendance esclavagiste, vienne se r\u00e9habiliter \u00e0 nos d\u00e9pens, profitant de nos faiblesses institutionnelles pour se r\u00e9introduire et s\u2019y \u00e9taler. Surtout, et vous le remarquerez, la religion catholique romaine inscrite dans le Code noir comme garante des \u00e9dits du Roi, est encore pr\u00e9sente en Ha\u00efti m\u00eame et continue \u00e0 assassiner la pens\u00e9e de 1804 dans un exorcisme dit spirituel, en l\u2019accusant d\u2019\u00eatre d\u00e9moniaque <em>(voir Jules Campion, pr\u00eatre<\/em>) quand c\u2019est elle qui a conseill\u00e9 et cautionn\u00e9 cette d\u00e9shumanisation globale des Noirs au bonheur du Clerg\u00e9. Ce que nous avons d\u00e9j\u00e0 trait\u00e9 dans la Croix, la Banni\u00e8re, la R\u00e9publique.<\/span><\/p>\n<p style=\"text-align: left;\"><span style=\"color: #000000;\">C\u2019est pour nous l\u2019effet post traumatique de l\u2019Art. LVIII\u00a0: \u00ab<em>Commandons aux affranchis de porter un respect singulier \u00e0 leurs anciens Ma\u00eetres, \u00e0 leurs Veuves, &amp; \u00e0 leurs Enfants, en sorte que l\u2019injure qu\u2019ils auront faite soit punie plus gri\u00e8vement que si elle \u00e9tait faite \u00e0 une autre personne\u00bb<\/em>. Il se renforce en termes de d\u00e9shumanisation contre l\u2019esclave, dans l\u2019article LIX qui stipule\u00a0: \u00ab<em>Octroyons aux affranchis les m\u00eames droits, privil\u00e8ges &amp; immunitez dont jouissent les personnes nez libres\u00bb<\/em>. Ce qui ne saurait en notion de droits humains fondamentaux, constituer un gain pour l\u2019affranchi, mais une double condamnation pour l\u2019esclave maintenu sans droit. <strong>Sauf un cerveau malade, nazi, pouvait produire \u00e7a<\/strong>, avec la b\u00e9n\u00e9diction de l\u2019\u00c9glise Catholique Apostolique Romaine, comme avec Hitler. Alors, double personnalit\u00e9 pour l\u2019affranchi qui r\u00e9cup\u00e9rait en partie son standard, en ayant malgr\u00e9 cela pas le droit de d\u00e9fendre l\u2019autre, esclave dont il conna\u00eet la douleur. Car, dans l\u2019Article XLIV il est dit\u00a0: \u00ab<em>d\u00e9clarons les esclaves \u00eatre meubles, &amp; comme tels entrent en la communaut\u00e9\u00bb<\/em>. Ce dans le contexte \u00e9dict\u00e9 dans l\u2019Article XXXVIII. \u00ab<em>L\u2019esclave fugitif qui aura \u00e9t\u00e9 en fuite pendant un mois \u00e0 compter du jour que son Ma\u00eetre l\u2019aura d\u00e9nonc\u00e9 en Justice, aura les oreilles coup\u00e9es, &amp; sera marqu\u00e9 d\u2019une fleur de lys sur une \u00e9paule\u00a0: &amp; s\u2019il r\u00e9cidive un autre mois \u00e0 compter pareillement du jour de la d\u00e9nonciation, aura le jarret coup\u00e9 &amp; sera marqu\u00e9 d\u2019une fleur de lys sur l\u2019autre \u00e9paule, &amp; la troisi\u00e8me fois il sera puni de mort\u00bb<\/em>.<\/span><\/p>\n<p style=\"text-align: left;\"><span style=\"color: #000000;\">En r\u00e9capitulant, on admettra par comparaison que l\u2019axe DM risque de se dissoudre de par lui-m\u00eame, comme Mirlande M. titulaire assist\u00e9e en politique, en strat\u00e9gie politique experte, s\u2019est fait damer le pion par Martelly. Elle ne l\u2019aurait vu venir depuis plus de deux ans. <em>L\u2019hypoth\u00e8se, Martelly envoy\u00e9 par l\u2019\u00e9tranger n\u2019est cr\u00e9dible, car, je d\u00e9crivais ce potentiel dans l\u2019ouvrage Ha\u00efti 2001-2010 Reconstruction d\u2019apr\u00e8s Nous<\/em>. Ce qui serait malgr\u00e9 tout plus inqui\u00e9tant, et corroborerait cette th\u00e8se de l\u2019incapacit\u00e9 face \u00e0 l\u2019\u00e9tranger. Je n\u2019y crois, deux raisons \u00e0 cela. Chaque Ha\u00eftien est un candidat pr\u00e9sidentiable en puissance, mais peu font le pas, encore moins y arrivent. Le notaire C\u00e9ant par exemple qui confond sa client\u00e8le d\u2019affaires \u00e0 l\u2019\u00e9lectorat quand Martelly jouait sur les \u00e9motions du peuple. Nous ne sommes des incapables par la seule d\u00e9monstration de l\u2019\u00e9migration ha\u00eftienne. Elle fournit \u00e0 l\u2019immigration int\u00e9gr\u00e9e en Am\u00e9rique du Nord par exemple, des sujets d\u2019adaptation efficace de standard appr\u00e9ciable, pour une mise \u00e0 niveau dans un monde post-<em>post<\/em>-moderne. Option\u00a0: une grande capacit\u00e9 de prise en charge quand les enfants du pays d\u2019accueil n\u2019y arrivent carr\u00e9ment pas.<\/span><\/p>\n<p style=\"text-align: left;\"><span style=\"color: #000000;\">Poursuivons avec Mirlande M. Enseigne-t-elle sa science \u00e0 l\u2019universit\u00e9, pour quelle valeur\u00a0? A-t-elle \u00e9t\u00e9 simplement pour rehausser le standard de son statut personnel ou de l\u2019universit\u00e9\u00a0?\u00a0 Serait-ce le cas de DM \u00e0 travers la cause du collectif\u00a0? Alors le Co\u00fbt pour le public apr\u00e8s 30 ans\u00a0ou, dire simplement que Martelly porte l\u2019irresponsabilit\u00e9 de la paternit\u00e9, loi non encore promulgu\u00e9e par sa faute\u00a0! 1804 vaudrait plus que \u00e7a et c\u2019est se perdre en conjecture. Car, le Code noir a l\u00e9gu\u00e9 un mauvais h\u00e9ritage \u00e0 notre soci\u00e9t\u00e9. Je cite\u00a0l\u2019Article XIII : \u00ab<em>Voulons que si le mari esclave \u00e0 \u00e9pous\u00e9 une femme libre, les enfants tant m\u00e2les que filles suivent la condition de leur m\u00e8re, &amp; soient libres comme elle, nonobstant la servitude de leur p\u00e8re\u00a0; &amp; que si le p\u00e8re est libre &amp; la m\u00e8re esclave, les enfants seront esclaves pareillement\u00bb<\/em>. Voil\u00e0 des cons\u00e9quences qui ont \u00e9pous\u00e9 notre soci\u00e9t\u00e9. Il faudrait s\u2019en prendre d\u2019abord \u00e0 ce G\u00e9nie de pr\u00e9f\u00e9rence qu\u2019\u00e0 l\u2019homme ha\u00eftien. Peur du traumatisme ou du G\u00e9nie malade\u00a0?<\/span><\/p>\n<p style=\"text-align: left;\"><span style=\"color: #000000;\">Il est donc ridicule de lire la note de presse du 14 f\u00e9vrier 2014, de l\u2019expert ind\u00e9pendant des UN, Gustavo Galon r\u00e9agissant \u00e0 la d\u00e9cision de la Cour d\u2019appel ha\u00eftienne de commander des investigations suppl\u00e9mentaires dans les charges retenues contre Duvalier, \u00e0 savoir pour crime contre l\u2019humanit\u00e9, en plus de ceux financiers d\u00e9j\u00e0 en cours. Nous comprenons l\u00e0, \u00e0 la lueur des d\u00e9clarations de l\u2019actuel ministre des Affaires \u00e9trang\u00e8res fran\u00e7ais en entrevue pr\u00e9sent\u00e9e dans un documentaire de la SRC, l\u2019implication des \u00c9tats-Unis d\u2019Am\u00e9rique dans la protection de Duvalier en France, pendant plus de vingt, toujours en relation au point cit\u00e9 o\u00f9 ils ont livr\u00e9 Noriega \u00e0 la France et, de retour au Panama pour \u00eatre condamn\u00e9 encore, une troisi\u00e8me fois. Un tribunal am\u00e9ricain a-t-il confirm\u00e9 le pr\u00e9sident dans le droit de tuer un ennemi de la nation\u00a0? Mais, pas un autre pays souverain n\u2019aurait-il ce m\u00eame droit\u00a0?<\/span><\/p>\n<p style=\"text-align: left;\"><span style=\"color: #000000;\">Tandis que la m\u00eame organisation par sa voie p\u00e9nale r\u00e9clame \u00e0 corps et \u00e0 cris\u00a0: Gbagbo, Idris, Kenya, tandis que Duvalier \u00e9tait en exil complice \u00e0 Paris. La d\u00e9marche est vaine quand on laisse Henry Namphy, t\u00e9moin et acteur, se la couler douce en RD, m\u00eame chose pour C\u00e9dras au Panama, et Michel Joseph. Je r\u00e9it\u00e8re, il ne faut pas c\u00e9der un autre pan de souverainet\u00e9.<\/span><\/p>\n<p style=\"text-align: left;\"><span style=\"color: #000000;\"><em>O\u00f9 \u00e9tait donc Clinton pour n\u2019avoir pas r\u00e9cup\u00e9r\u00e9 le paquet am\u00e9ricain d\u00e9pos\u00e9 en France alors qu\u2019il \u00e9tait devenu pr\u00e9sident, et rentrait Aristide apr\u00e8s un putsch militaire barbare ? C\u2019est une question. L\u00e0, interrogeons Carol Felsenthal dans son ouvrage, <strong>Clinton in exile<\/strong>. <\/em><em>Je cite, P.20\u00a0: \u00abAs Bill Clinton\u2026 But it was purchased for one reason only, to give Hillary the Address she needed to run for senate\u00bb. \u00abin Washington where she had acquired a house with name, Whitehaven \u2013 it is located on white haven street\u00bb.<\/em><\/span><\/p>\n<p style=\"text-align: center;\"><img loading=\"lazy\" decoding=\"async\" class=\"size-medium wp-image-4264 aligncenter\" src=\"http:\/\/haiti-observateur.ca\/wp-content\/uploads\/2014\/10\/HaitiSerieGdsProces-300x300.jpg\" alt=\"\" width=\"300\" height=\"300\" \/><\/p>\n<p style=\"text-align: left;\"><span style=\"color: #000000;\">Quel sens accord\u00e9 quand elle aurait rappel\u00e9 face \u00e0 la mont\u00e9e de BHO, je cite le Figaro<em>\u00a0: <\/em>\u00abNous nous souvenons tous que Bobby Kennedy a \u00e9t\u00e9 assassin\u00e9 en juin\u00a01968, en Californie (alors qu&rsquo;il \u00e9tait candidat \u00e0 l&rsquo;investiture d\u00e9mocrate, NDLR)\u00bb <a style=\"color: #000000;\" href=\"http:\/\/www.lefigaro.fr\/elections-americaines-2008\/2008\/05\/26\/01017-20080526ARTFIG00380-l-incroyable-maladresse-de-hillary-clinton.php?pagination=3\">http:\/\/www.lefigaro.fr\/elections-americaines-2008\/2008\/05\/26\/01017-20080526ARTFIG00380-l-incroyable-maladresse-de-hillary-clinton.php?pagination=3<\/a><em>. <\/em>En pleine campagne au leadership d\u00e9mocrate<em>\u00a0?<\/em><\/span><\/p>\n<p style=\"text-align: left;\"><span style=\"color: #000000;\"><em>Autre consid\u00e9ration, P.22\u00a0: \u00abthose are where the master\u2019s of the universe live\u2026\u00bb. <\/em>Curieux, \u00e9missaire sp\u00e9cial (UN) plus post trauma s\u00e9isme n\u2019ont donn\u00e9 qu\u2019un Martelly 2014, r\u00e9el danger pour les institutions.<\/span><\/p>\n<p style=\"text-align: left;\"><span style=\"color: #000000;\">Le besoin du Parlement est donc de s\u2019armer de l\u2019autorit\u00e9 pour la cr\u00e9ation d\u2019un tribunal parlementaire extraordinaire pour la SGPH, en Ha\u00efti, non \u00e0 Nuremberg ni \u00e0 Washington que dire \u00e0 Paris. L\u2019Am\u00e9rique en \u00e9lisant Obama en 2008, a r\u00e9solu un grand probl\u00e8me, comme le Canada en brisant le protocole archa\u00efque en nommant volontairement une GG noire, ont acquis le droit de si\u00e9ger d\u2019office \u00e0 titre de membre observateur sur ce tribunal international. Oui international, car Ha\u00efti a ratifi\u00e9 des conventions internationales symboliques pour \u00e9tablir son autorit\u00e9 internationale de fait et en droit (reconsid\u00e9rons le Canada en guerre mondiale en Irak contre l\u2019EI).<\/span><\/p>\n<p style=\"text-align: left;\"><span style=\"color: #000000;\">Mais la France de Christophe Wargny dans Ha\u00efti n\u2019existe pas, P.26\u00a0: \u00abNe reste palus que deux classes\u00a0: les ma\u00eetres et les esclaves\u00bb. Cette phrase vient de l\u2019ouvrage qui tente de descendre Ha\u00efti plus bas que l\u2019esprit malade du colonialiste de l\u2019auteur se cherchant un coupable pour ses actes et se laver la conscience. Ce qui doit renforcer notre vigilance encore.<em>\u00a0<\/em><\/span><\/p>\n<p style=\"text-align: left;\"><span style=\"color: #000000;\"><em>J\u2019ai souvent le hoquet quand je me r\u00e9clame r\u00e9publicain par le statut international actuel d\u2019Ha\u00efti. R\u00e9cup\u00e9rer nos standards c\u2019est quoi\u00a0? Ce n\u2019est pas outre mesure, mais, Ha\u00efti prend de pr\u00e9f\u00e9rence la forme de la Communaut\u00e9 contrairement \u00e0 celle R\u00e9publique qui ne nous sied pas et pas du tout. Celle-ci a toujours \u00e9t\u00e9 une formule \u00e0 risque et le sera toujours, pire, en termes d\u2019inspiration post colonial. Nous sommes une f\u00e9d\u00e9ration de communaut\u00e9s tant \u00e0 l\u2019int\u00e9rieur du pays que dans notre mode de fonctionnement \u00e0 l\u2019ext\u00e9rieur. C\u2019est ce qui \u00e0 l\u2019ext\u00e9rieur constitue aussi une v\u00e9ritable base de d\u00e9veloppement national pour nous, c\u2019est \u00e0 l\u2019origine m\u00eame de notre fondation comme peuple ha\u00eftien, comme \u00c9tat. En commun. Loin de guerre.<\/em><\/span><\/p>\n<p style=\"text-align: left;\"><span style=\"color: #000000;\">Alors, r\u00e9cup\u00e9rons. Si Deras \u00e9rige ce Tribunal historique d\u2019office, c\u2019est qu\u2019il est un authentique enfant de 1804 loin du petit s\u00e9nateur de campagne, et m\u00e9rite son mandat de pr\u00e9sident du S\u00e9nat d\u2019abord, de s\u00e9nateur ensuite. Il devra s\u2019\u00e9taler cons\u00e9quemment dans cette histoire. C\u2019est aussi \u00e7a quand je lui disais \u00e0 travers mes articles, qu\u2019il devrait rester parlementaire \u00e0 tout prix, car cette d\u00e9claration n\u2019est pas des pr\u00e9rogatives du Pr\u00e9sident de la R\u00e9publique. Mais du Pr\u00e9sident du S\u00e9nat. C\u2019est un immense pouvoir qui d\u00e9passe celui de la Commission des Droits Humains qui en est une de constat et d\u2019ex\u00e9cution. La n\u00f4tre est de conception d\u2019un pouvoir souverain de 1804 \u00e0 r\u00e9cup\u00e9rer. Nous pouvons malgr\u00e9 les complots \u00e9trangers, g\u00e9rer notre destin politique et \u00e9tonner le monde une fois de plus. DM devrait peut-\u00eatre y songer.<\/span><\/p>\n<p style=\"text-align: left;\"><span style=\"color: #000000;\"><em>Nous \u00e9tions dans les appr\u00e9ciations<\/em><\/span><\/p>\n<p style=\"text-align: left;\"><span style=\"color: #000000;\"><a style=\"color: #000000;\" href=\"mailto:dan@danalbertini.com\">dan@danalbertini.com<\/a><\/span><\/p>\n<hr \/>\n<p style=\"text-align: left;\"><span style=\"color: #000000;\">cet article est publi\u00e9 par l\u2019hebdomadaire Ha\u00efti-Observateur, \u00e9dition du 29 octobre 2014, <strong>VOL XXXXIV No.44<\/strong>, New York et se trouve en <strong>P.8<\/strong> \u00e0\u00a0:<\/span><\/p>\n","protected":false},"excerpt":{"rendered":"<p>DIPLOMATIE INTERNATIONALE ET SOCI\u00c9T\u00c9 Par Dan Albertini SGPH\u00a0: LES APPR\u00c9CATIONS (III et fin) Entre (). Le Duvali\u00e9risme barbare est une cons\u00e9quence, la r\u00e9volution des comp\u00e8res son extension, et, non la cause. Ne pas la g\u00e9rer maintenant c\u2019est regretter plus tard&#8230;. <\/p>\n","protected":false},"author":3,"featured_media":4265,"comment_status":"closed","ping_status":"closed","sticky":false,"template":"","format":"standard","meta":{"footnotes":""},"categories":[2,16,18,21,25,51],"tags":[535,615,1081,1124,1974],"class_list":["post-4270","post","type-post","status-publish","format-standard","has-post-thumbnail","hentry","category-afrique-2","category-diplomatieinternationale","category-economie","category-europe","category-haiti","category-usa","tag-colonial","tag-dan-albertini","tag-haiti","tag-histoire","tag-proces"],"_links":{"self":[{"href":"https:\/\/haiti-observateur.news\/index.php?rest_route=\/wp\/v2\/posts\/4270","targetHints":{"allow":["GET"]}}],"collection":[{"href":"https:\/\/haiti-observateur.news\/index.php?rest_route=\/wp\/v2\/posts"}],"about":[{"href":"https:\/\/haiti-observateur.news\/index.php?rest_route=\/wp\/v2\/types\/post"}],"author":[{"embeddable":true,"href":"https:\/\/haiti-observateur.news\/index.php?rest_route=\/wp\/v2\/users\/3"}],"replies":[{"embeddable":true,"href":"https:\/\/haiti-observateur.news\/index.php?rest_route=%2Fwp%2Fv2%2Fcomments&post=4270"}],"version-history":[{"count":0,"href":"https:\/\/haiti-observateur.news\/index.php?rest_route=\/wp\/v2\/posts\/4270\/revisions"}],"wp:featuredmedia":[{"embeddable":true,"href":"https:\/\/haiti-observateur.news\/index.php?rest_route=\/"}],"wp:attachment":[{"href":"https:\/\/haiti-observateur.news\/index.php?rest_route=%2Fwp%2Fv2%2Fmedia&parent=4270"}],"wp:term":[{"taxonomy":"category","embeddable":true,"href":"https:\/\/haiti-observateur.news\/index.php?rest_route=%2Fwp%2Fv2%2Fcategories&post=4270"},{"taxonomy":"post_tag","embeddable":true,"href":"https:\/\/haiti-observateur.news\/index.php?rest_route=%2Fwp%2Fv2%2Ftags&post=4270"}],"curies":[{"name":"wp","href":"https:\/\/api.w.org\/{rel}","templated":true}]}}