{"id":4262,"date":"2014-10-08T10:53:19","date_gmt":"2014-10-08T14:53:19","guid":{"rendered":"http:\/\/haiti-observateur.ca\/?p=4262"},"modified":"2014-10-08T10:53:19","modified_gmt":"2014-10-08T14:53:19","slug":"sgph-ou-la-serie-des-grands-proces-de-lhistoire","status":"publish","type":"post","link":"https:\/\/haiti-observateur.news\/?p=4262","title":{"rendered":"SGPH ou la S\u00e9rie des Grands Proc\u00e8s de l&rsquo;Histoire"},"content":{"rendered":"<p style=\"text-align: left;\"><span style=\"color: #000000;\"><strong>DIPLOMATIE INTERNATIONALE &amp; SOCI\u00c9T\u00c9 <\/strong><em><a style=\"color: #000000;\" href=\"mailto:dan.albertini@reseauhem.com\">Par Dan Albertini<\/a><\/em><\/span><\/p>\n<ul>\n<li style=\"text-align: left;\"><span style=\"color: #000000;\"><strong>SGPH <em>OU<\/em> LA S\u00c9RIE DES GRANDS PROC\u00c8S DE L\u2019HISTOIRE<\/strong><\/span><\/li>\n<li style=\"text-align: left;\"><span style=\"color: #000000;\"><em>Entre (). Je salue d\u2019ores et d\u00e9j\u00e0 le courage de l\u2019\u00c9tat h\u00e9breu pour avoir mis en \u0153uvre toute une strat\u00e9gie dynamique pour assurer le jugement et\u00a0la condamnation \u00e0 long terme du nazisme, de l\u2019esprit du nazisme et des tendances n\u00e9onazis. Je comprends aussi Alain Finkelkraut qui, dans cet espace, ce segment de sa pens\u00e9e, r\u00e9clame aux Juifs d\u2019\u00eatres ouverts sur le monde, non ferm\u00e9s du monde coop\u00e9ratif. J\u2019insiste, coop\u00e9ratif dans le sens aigu du progr\u00e8s et de l\u2019humanit\u00e9 de l\u2019homme. Puisse les miens s\u2019en inspirer pour exorciser nos vieux d\u00e9mons, non dans le sens du verdict, mais de la justice. Alors, marchons\u00a0! Fermons-les ().<\/em><\/span><strong style=\"color: #000000;\">\u00a0<\/strong><\/li>\n<\/ul>\n<p style=\"text-align: left;\"><span style=\"color: #000000;\"><strong>Q<\/strong>uand j\u2019en avais parl\u00e9 \u00e0 Rony Gilot, alors en visite \u00e0 titre de secr\u00e9taire parlementaire de la R\u00e9publique d\u2019Ha\u00efti \u00e0 Gen\u00e8ve, en 2010, il paraissait emball\u00e9 et, entrain \u00e0 faire introduire cette nouvelle notion au sein de la <em>nouvelle<\/em> l\u00e9gislature en Ha\u00efti. <em>La politique partisane et le pain quotidien l\u2019ont probablement amen\u00e9 vers d\u2019autres rives, vers d\u2019autres espoirs \u00e0 courte vue pour un homme qui se voulait noiriste en termes de r\u00e9paration, je pr\u00e9sume, car il ne s\u2019est d\u00e9montr\u00e9 de la r\u00e9cup\u00e9ration de nos standards<\/em>. J\u2019avais \u00e0 l\u2019esprit, deux attributs pr\u00e9cis dans les faits, mais distincts en objectivit\u00e9. 1. La R\u00e9publique serait dans l\u2019incapacit\u00e9 technique de s\u2019assumer et de rassurer dans l\u2019exercice de l\u2019\u00c9conomie du Droit, toute proc\u00e9dure judiciaire p\u00e9nale, criminelle ou civile, soit-elle collective ou individuelle. Il fallait donc biaiser intelligemment et l\u00e9gitimement par des commissions parlementaires en apprentissage, sur une base p\u00e9dagogique de formation sur mesure en acc\u00e9l\u00e9r\u00e9. 2. J\u2019avais sous les mains, <em>non en lecture maladive et dans un but de d\u00e9tournement politique (autruche), mais, \u00e0 la lueur des effets du nazisme r\u00e9curent et r\u00e9surgent, et, la cons\u00e9quente prise de position d\u2019Isra\u00ebl dans son mode de protection et d\u2019alerte maximale permanent, dans cette temporalit\u00e9 aga\u00e7ante. Oui, le Code noir d\u00e9montre clairement l\u2019origine d\u2019un nazisme qui \u00e9tait \u00e0 venir ou \u00e0 revenir, depuis cette \u00e9poque de la traite des Noirs. Nous y reviendrons plus tard. <\/em>J\u2019avais un document du World News Magazine, produit par Eugene P. Lyle Jr. Il d\u00e9finissait sa pens\u00e9e r\u00e9ductrice sur les Ha\u00eftiens, \u00e0 savoir des fils d\u2019anciens <em>esclaves incapables<\/em>\u2026. Il ne fallait donc pas que la descendance non repentie de ce monsieur, comme ses ascendants esclavagistes, vienne nous faire la morale ni la le\u00e7on.<\/span><\/p>\n<p style=\"text-align: left;\"><span style=\"color: #000000;\">Alors, le dossier d\u2019Ha\u00efti est-il toujours entre les mains de Clinton\u00a0? Je reconnais avoir, sous GW. Bush, introduit la notion d\u2019un Clinton aux Nations Unies, ce dans le but d\u2019apaiser Bush en col\u00e8re apr\u00e8s Bin Laden, <em>qui dit-on chez les humoristes portugais, avait deux tours devant lui<\/em>. Puis, je r\u00e9clamais par la suite de Ki moon, l\u2019\u00e9quation Clinton en Ha\u00efti. Je ne le regrette pas, c\u2019\u00e9tait conjoncturel, Clinton nous devait pour avoir fait ce qu\u2019il nous a fait \u00e0 la Maison-Blanche, en 1994. <em>Ouvrage plus<\/em> <em>Talkative<\/em>. Mission accomplie, qu\u2019on le <em>foute<\/em> \u00e0 la porte, nous n\u2019avons plus besoin de lui, c\u2019est d\u2019ailleurs sa position quand il d\u00e9fend ses int\u00e9r\u00eats personnels. <em>Aucun scrupule<\/em>. Je r\u00e9it\u00e8re\u00a0: il faut auditionner Clinton en Ha\u00efti, sur la gestion onusienne confi\u00e9e. C\u2019est l\u00e9gitime, c\u2019est administratif, c\u2019est constitutionnel. Doit-on douter encore plus de lui quand on voit les stratag\u00e8mes de Martelly pour discr\u00e9diter le Parlement \u00e9lu ha\u00eftien, quand la CGI lui remet des satisfecit\u00a0? C\u2019est \u00e0 Clinton de d\u00e9montrer qu\u2019il n\u2019est pas de la pens\u00e9e am\u00e9ricaine d\u2019Eugene P. Lyle Jr. Voyons Isra\u00ebl. \u00c7a a d\u00e9fini une politique int\u00e9rieure, pour une politique \u00e9trang\u00e8re dans le but de limer sa diplomatie. Qu\u2019en est-il pour nous\u00a0?<\/span><\/p>\n<p style=\"text-align: left;\"><span style=\"color: #000000;\"><strong>Eugene P. Lyle Jr <\/strong>&#8211; <em>Le World Works Magazine serait aujourd\u2019hui l\u2019\u00e9quivalent du magazine officiel des Nations Unies, avec la force du symbole. Remarquons que depuis et bien avant la WWI, ce Missourian menait large tandis qu\u2019il a fallu toute cette lutte jusqu\u2019\u00e0 King, pour commencer \u00e0 \u00e9vincer la discrimination raciale contre les Noirs aux \u00c9tats-Unis m\u00eame.<\/em><\/span><span style=\"color: #000000;\"><em>\u00a0<\/em><\/span><\/p>\n<p style=\"text-align: left;\"><span style=\"color: #000000;\"><strong>Pr\u00e9diction sur l\u2019\u00e9conomie du droit <\/strong>&#8211; <em>Symbolisme. D\u2019une part, Duvalier inculp\u00e9, mise en attente. Aristide inculp\u00e9, mode pause. Aveux de Brandt, incertitude judiciaire. Vorbe inculp\u00e9, formulation paresseuse. Et, d\u2019autre part, Montas accuse, fondement l\u00e9gal erron\u00e9. Duval accuse, formule l\u00e9gale passive. Bloncourt accuse: l\u00e9gislation \u00e9trang\u00e8re. <\/em>Voil\u00e0 en r\u00e9sum\u00e9 ce que je disais de l\u2019\u00e9conomie du droit. La R\u00e9publique n\u2019est outill\u00e9e pour des proc\u00e9dures judiciaires, soit au niveau du <em>criminel<\/em>, soit au niveau des proc\u00e8s civils, sans prendre le risque de c\u00e9der un autre pan de souverainet\u00e9. Et ceci, sans espoir de r\u00e9solution que dire d\u2019obligation de r\u00e9sultat. R\u00e9sultat\u00a0: Il est mort avec un statut d\u2019immunit\u00e9 charismatique. De plus, comment comprendre, comme pour le cas du nazisme contre les Juifs, toute vertu de s\u2019asseoir avec le non repenti, sous pr\u00e9texte de coop\u00e9ration, alors que nous voulons <em>d\u00e9moniser<\/em> nos coupables qui ont \u00e9t\u00e9 d\u2019ailleurs, comme dans le cas de Duvalier, des ex\u00e9cuteurs de la politique de Kissinger. D\u2019o\u00f9 viendrait une telle perception Kissinger, surtout contre les Noirs\u00a0?<\/span><span style=\"color: #000000;\"><strong>\u00a0<\/strong><\/span><\/p>\n<p style=\"text-align: left;\"><span style=\"color: #000000;\"><strong>Situation actuelle <\/strong>&#8211; Le PM a \u00e9chou\u00e9 \u00e0 m\u00eame les prescriptions obligataires pour un gouvernement selon la Loi fondamentale, tous les enfants de 1804 ne sont \u00e0 l\u2019\u00e9cole en ce mois d\u2019octobre 2014, apr\u00e8s son temps de gouvernance. <em>Je l\u2019avais soulign\u00e9 depuis Garry Conille. Ce n\u2019est pas un hoquet frivole d\u2019opposant.<\/em> S\u2019il est encore l\u00e0, ce n\u2019est par gain de nouveaux acquis, c\u2019est la faute des parlementaires qui ont toujours mal instruit ses auditions, soit pour accepter\u2026, collusions tant d\u00e9nonc\u00e9es, soit se plier par incomp\u00e9tence -1. Le Pr\u00e9sident a tout fait pour mettre le Parlement en \u00e9tat de dysfonction, contrairement \u00e0 ses obligations constitutionnelles inscrites dans la pr\u00e9servation, dans la protection des institutions. C\u2019est un \u00e9chec national tandis que l\u2019\u00e9tranger lui accorde par le biais de ce PM, un support contre l\u2019institution parlementaire r\u00e9publicain. <em>Ce n\u2019est non plus un d\u00e9faut d\u2019opposition contre le pr\u00e9sident, contre le premier ministre, contre le gouvernement. Je me r\u00e9clame toujours du statut de journaliste, j\u2019avais \u00e9t\u00e9 si loin \u00e0 ce titre en r\u00e9clamant de SDD, de rester s\u00e9nateur, Parlementaire dans cet esprit pour que la R\u00e9publique gagne. Et, m\u2019investir <strong>depuis l\u2019Ambition Benoit<\/strong>, jusqu\u2019\u00e0 la trahison de ce s\u00e9nateur, en allant vendre Ha\u00efti au Congr\u00e8s am\u00e9ricain \u00e0 DC, contre le Pr\u00e9sident. 2. <\/em>Le Parlement est en crise de d\u00e9finition au point o\u00f9 le pr\u00e9sident Martelly en crise d\u2019identit\u00e9 lui-m\u00eame, essaie d\u00e9j\u00e0, mena\u00e7ant de gouverner par d\u00e9cret en 2015 alors que l\u2019autre institution existe, d\u2019\u00e9tablir un climat de la peur comme \u00e0 l\u2019\u00e9poque de Duvalier 62\u2019. <em>Sommes-nous tous atteints de c\u00e9cit\u00e9\u00a0?<\/em> Le Pr\u00e9sident Martelly avait promis que la MINUSTAH ne serait permanente au pays, tel que devrait \u00eatre le CEP par contre, c\u2019est lui qui demande \u00e0 l\u2019\u00e9tranger d\u2019y perp\u00e9tuer. M\u00eame formule Aristide-Pr\u00e9val, n\u2019ayant r\u00e9ussi \u00e0 instaurer le climat de confiance en Ha\u00efti, il y a instaur\u00e9\u00a0: peur, discrimination, contre la majorit\u00e9, contre les autres \u00e9lus. <em>J\u2019ai m\u00eame r\u00e9clam\u00e9 \u00e0 ce titre, la r\u00e9cup\u00e9ration par les ex\u00e9cutifs locaux, de leurs pouvoirs constitutionnels<\/em>. Le pays traverse toujours une crise \u00e9conomique et financi\u00e8re tandis que les \u00e9quipes multiples gouvernementales proches de Martelly-Lamothe traversent les continents aux frais de l\u2019\u00c9tat, alors que nous avons des repr\u00e9sentations diplomatiques \u00e0 l\u2019\u00e9tranger pour ce faire. Lamothe s\u2019est accapar\u00e9 de tous les p\u00f4les d\u2019expertise \u00e0 son seul profit, contre celui des fonctionnaires de l\u2019\u00c9tat. La Commission s\u00e9natoriale du Parlement se plie contre les int\u00e9r\u00eats de la R\u00e9publique. L\u2019Opposition \u00e0 titre d\u2019institution n\u2019existe pas malgr\u00e9 nos conseils avis\u00e9s, <em>ce depuis 2001, apr\u00e8s le Sommet des Am\u00e9riques de Qu\u00e9bec, o\u00f9 j\u2019avais annonc\u00e9 soit les imp\u00e9ratifs pour Aristide, soit sa chute av\u00e9r\u00e9e en 2004 et depuis<\/em>.<\/span><\/p>\n<p style=\"text-align: left;\"><span style=\"color: #000000;\"><strong>La faute du Parlement ha\u00eftien &#8211; <\/strong><em>Rony Gilot s\u2019est en effet perdu en conjecture, surtout quand il campait Duvalier-Duvalier en h\u00e9ros. <\/em>Mais le Parlement est le premier coupable \u00e0 titre d\u2019institution r\u00e9publicaine. Par exemple, le s\u00e9nateur Bastien \u00e9tait-il au courant, le d\u00e9put\u00e9 Jacinthe \u00e9tait-il au courant, le Bureau du Parlement \u00e9tait-il au courant\u00a0? Allons encore plus loin, en dehors du Parlement. Jacques Jules Nicolas qui dans ses contacts de Gen\u00e8ve \u00e9tant, l\u2019avait-il partag\u00e9 avec la s\u00e9natrice Bauzile, avec l\u2019opposant R\u00e9bu, avec le S\u00e9nateur Lambert, avec le maire Zenny\u00a0? Poussons encore plus loin \u00e0 titre de r\u00e9flexion. L\u2019aurait-il partag\u00e9 avec \u00c9douard Francis\u00a0? La corporation constitutionnelle que constitue le Parlement qui a caus\u00e9 les d\u00e9fauts d\u2019interpr\u00e9tation de l\u2019amendement constitutionnel avait-elle des experts cons\u00e9quents en fonction, habile \u00e0 r\u00e9cup\u00e9rer ou \u00e0 transformer pour la R\u00e9publique\u00a0?<\/span><\/p>\n<p style=\"text-align: left;\"><span style=\"color: #000000;\"><strong>Qu\u2019en est-il de la diplomatie ha\u00eftienne\u00a0? &#8211; <\/strong>Lamothe se cherche-t-il un mandat pr\u00e9sidentiel r\u00e9publicain ou, \u00e0 la lueur de nos \u00e9crits, se veut-il d\u2019une personnalit\u00e9 internationale, une qu\u00eate de chair globale influente en Ha\u00efti, quand il se cherche de plus en plus des titres outremer ? Si (1) ce serait l\u00e9gitime, mais dommage, mais si (2) quel impact sur nos politiques int\u00e9rieure et \u00e9trang\u00e8re \u00e0 venir, \u00e0 un niveau diplomatique si \u00e9lev\u00e9. \u00c9tonnant\u00a0!<\/span><\/p>\n<p style=\"text-align: left;\"><span style=\"color: #000000;\">Mais oui, le monde va mal et les institutions se cherchent\u00a0: nouvelles formules, nouvelles inspirations et nouveaux visages. Dany n\u2019est-il pas en effet, au grand dam des contestataires, un nouvel espoir pour l\u2019Acad\u00e9mie fran\u00e7aise \u00e0 Paris\u00a0?<\/span><\/p>\n<p style=\"text-align: left;\"><span style=\"color: #000000;\"><strong>Existe-t-il une alternative ha\u00eftienne dans cet \u00e9tat de gestion de l\u2019\u00e9conomie du droit\u00a0? &#8211; <\/strong>La Justice ha\u00eftienne n\u2019a plus le choix que de boucler JBA de suite, <em>JCD n\u2019est plus,<\/em> le constituer prisonnier en libert\u00e9 en attendant un proc\u00e8s renvoy\u00e9 sine die, dans l\u2019espace d\u2019avoir renforc\u00e9 le syst\u00e8me judiciaire r\u00e9publicain. Cela ressemblerait en effet \u00e0 une gestion politique de la Justice, mais c\u2019est une <em>technicalit\u00e9<\/em> judiciaire conjoncturelle qui permettrait d\u2019avoir une paix en m\u00eame temps de faire casser le caract\u00e8re intouchable face \u00e0 l\u2019impunit\u00e9 des premiers magistrats de la nation. <em>Les sp\u00e9cialistes de la magouille trouveront bien un modus operandi en ce sens. Cela rassurerait le pr\u00e9sident Martelly dans sa crainte de voir JBA se porter candidat au S\u00e9nat pour jouir temporairement de l\u2019immunit\u00e9 parlementaire. Je savais que \u00e7a allait se produire en pr\u00e9sentant une telle proposition. Ce pour quoi je dis souvent que Martelley-Lamothe ne poss\u00e8de pas le g\u00e9nie de leurs actions, mais ex\u00e9cute une partition sans comprendre m\u00eame s\u2019ils b\u00e9n\u00e9ficient d\u2019une certaine opportunit\u00e9. Mais il faut savoir bousculer les \u00e9v\u00e8nements quand l\u2019avenir de la R\u00e9publique est en jeu. Martelly dans sa peur croit en une \u00e9toile qui brille, mais rien de \u00e7a n\u2019est. C\u2019est une induction citoyenne qui a suivi l\u2019erreur historique du peuple en votant Martelly contre la r\u00e9paration \u00e9lectorale de la Constitution qui aurait donn\u00e9 une femme comme pr\u00e9sident \u00e9lu. Cependant, il revient aux gestionnaires de la Justice ind\u00e9pendante ha\u00eftienne d\u2019agir, de r\u00e9parer et de r\u00e9\u00e9quilibrer un \u00c9tat. L\u2019\u00c9tat de 1804. Car, le Parlement n\u2019est plus en mesure de le faire dans l\u2019imm\u00e9diat.<\/em><\/span><\/p>\n<p style=\"text-align: left;\"><span style=\"color: #000000;\">Ce qui pour l\u2019opposition aussi serait une garantie, mais un avis en m\u00eame temps pour chacun, Martelly ne serait pas intouchable non plus, mais la Justice ha\u00eftienne pourrait r\u00e9cup\u00e9rer en cr\u00e9dibilit\u00e9 par ce biais. Comme un moratoire sans l\u2019\u00e9noncer. La R\u00e9publique se serait sortie du mauvais pas en acc\u00e9l\u00e9r\u00e9 par la vertu l\u00e9gale de la justice qui \u00e9noncerait par cette voie, sa souverainet\u00e9 alors qu\u2019elle relance la formation de ses magistrats \u00e0 qui il ne faut l\u00e9guer un imbroglio constitutionnel qui ne les concerne. <em>Sinon, il faut avoir le courage d\u2019auditionner Clinton en Commission parlementaire.<\/em><\/span><\/p>\n<p style=\"text-align: center;\"><img loading=\"lazy\" decoding=\"async\" class=\"size-medium wp-image-4264 aligncenter\" src=\"http:\/\/haiti-observateur.ca\/wp-content\/uploads\/2014\/10\/HaitiSerieGdsProces-300x300.jpg\" alt=\"\" width=\"300\" height=\"300\" \/><\/p>\n<p style=\"text-align: left;\"><span style=\"color: #000000;\">L\u2019immunit\u00e9 charismatique n\u2019existe pas dans la Constitution, soit on passe aux arr\u00eats, soit on s\u2019inscrit en immunit\u00e9 parlementaire, en politique par l\u2019action. Il ne faut croire par imagination que le mal est en nous et que le malheur arrivera cons\u00e9quemment. Non JBA et JCD \u00e9taient en Ha\u00efti contre l\u2019avis de plus d\u2019un qui ont perdu ce pari de la violence. Nous ne pouvons rester au processus de constat sans fin, soit fermer le dossier par non-lieu, soit agir contre cette immunit\u00e9 charismatique qui est de l\u2019impunit\u00e9.<\/span><\/p>\n<ul style=\"text-align: left;\">\n<li><span style=\"color: #000000;\"><a style=\"color: #000000;\" href=\"mailto:dan@danalbertini.com\">dan@danalbertini.com<\/a><\/span><\/li>\n<\/ul>\n<hr \/>\n<p style=\"text-align: left;\"><span style=\"color: #000000;\">[Insertion d\u2019une autre parenth\u00e8se issue d\u2019une version d\u2019International Diplomat\u00a0: <em>Entre (). \u00c0 qui ressemblait Duvalier quand on oublie Mich\u00e8le Bennett\u00a0? De qui r\u00e9pondait Duvalier, quand un texte de H-O relate une entrevue de l\u2019ancien ambassadeur Salomon avec son interlocuteur am\u00e9ricain\u00a0: \u00abvous avez des supporteurs \u00e0 Washington\u00bb. Fermons-les ().<\/em>]<\/span><\/p>\n<hr \/>\n<p style=\"text-align: left;\"><span style=\"color: #000000;\">cet article est publi\u00e9 par l\u2019hebdomadaire Ha\u00efti-Observateur, \u00e9dition du 17 septembre 2014, <strong>VOL XXXXIV No.41<\/strong>, New York et se trouve en <strong>P.8<\/strong> \u00e0\u00a0:<\/span><\/p>\n","protected":false},"excerpt":{"rendered":"<p>DIPLOMATIE INTERNATIONALE &amp; SOCI\u00c9T\u00c9 Par Dan Albertini SGPH OU LA S\u00c9RIE DES GRANDS PROC\u00c8S DE L\u2019HISTOIRE Entre (). Je salue d\u2019ores et d\u00e9j\u00e0 le courage de l\u2019\u00c9tat h\u00e9breu pour avoir mis en \u0153uvre toute une strat\u00e9gie dynamique pour assurer le&#8230; <\/p>\n","protected":false},"author":3,"featured_media":4265,"comment_status":"closed","ping_status":"closed","sticky":false,"template":"","format":"standard","meta":{"footnotes":""},"categories":[16,18,25,51],"tags":[615,851,1045,1088,1124,1319],"class_list":["post-4262","post","type-post","status-publish","format-standard","has-post-thumbnail","hentry","category-diplomatieinternationale","category-economie","category-haiti","category-usa","tag-dan-albertini","tag-eugene-p-lyle-jr","tag-grand-proces","tag-haiti-observateur","tag-histoire","tag-ki-moon"],"_links":{"self":[{"href":"https:\/\/haiti-observateur.news\/index.php?rest_route=\/wp\/v2\/posts\/4262","targetHints":{"allow":["GET"]}}],"collection":[{"href":"https:\/\/haiti-observateur.news\/index.php?rest_route=\/wp\/v2\/posts"}],"about":[{"href":"https:\/\/haiti-observateur.news\/index.php?rest_route=\/wp\/v2\/types\/post"}],"author":[{"embeddable":true,"href":"https:\/\/haiti-observateur.news\/index.php?rest_route=\/wp\/v2\/users\/3"}],"replies":[{"embeddable":true,"href":"https:\/\/haiti-observateur.news\/index.php?rest_route=%2Fwp%2Fv2%2Fcomments&post=4262"}],"version-history":[{"count":0,"href":"https:\/\/haiti-observateur.news\/index.php?rest_route=\/wp\/v2\/posts\/4262\/revisions"}],"wp:featuredmedia":[{"embeddable":true,"href":"https:\/\/haiti-observateur.news\/index.php?rest_route=\/"}],"wp:attachment":[{"href":"https:\/\/haiti-observateur.news\/index.php?rest_route=%2Fwp%2Fv2%2Fmedia&parent=4262"}],"wp:term":[{"taxonomy":"category","embeddable":true,"href":"https:\/\/haiti-observateur.news\/index.php?rest_route=%2Fwp%2Fv2%2Fcategories&post=4262"},{"taxonomy":"post_tag","embeddable":true,"href":"https:\/\/haiti-observateur.news\/index.php?rest_route=%2Fwp%2Fv2%2Ftags&post=4262"}],"curies":[{"name":"wp","href":"https:\/\/api.w.org\/{rel}","templated":true}]}}