{"id":4255,"date":"2014-09-17T09:41:41","date_gmt":"2014-09-17T13:41:41","guid":{"rendered":"http:\/\/haiti-observateur.ca\/?p=4255"},"modified":"2014-09-17T09:41:41","modified_gmt":"2014-09-17T13:41:41","slug":"haiti-le-facteur-brandt","status":"publish","type":"post","link":"https:\/\/haiti-observateur.news\/?p=4255","title":{"rendered":"HA\u00cfTI le Facteur Brandt"},"content":{"rendered":"<p style=\"text-align: left;\"><span style=\"color: #000000;\"><strong>DIPLOMATIE INTERNATIONALE ET SOCI\u00c9T\u00c9\u00a0<\/strong><strong>Par Dan Albertini<\/strong><strong>\u00a0<\/strong><\/span><\/p>\n<ul style=\"text-align: left;\">\n<li><span style=\"color: #000000;\"><strong>HA\u00cfTI LE FACTEUR BRANDT<\/strong><\/span><\/li>\n<li><span style=\"color: #000000;\"><em>Entre (). Si vous viviez au Qu\u00e9bec dans le grand Canada et que vous n\u2019y \u00eates plus, c\u2019est que vous aviez d\u00fb partir pour une raison ou pour une autre. Soit, la raison importe peu si vous \u00eates toujours en dehors du Canada, il y avait donc eu un probl\u00e8me ou un choix. En outre, vous ne pourriez nier les avantages de la R\u00e9volution tranquille m\u00eame si des autres probl\u00e8mes existent encore, ou sont demeur\u00e9s entiers, l\u2019arrogance d\u2019Ottawa par exemple. Si le Parti Qu\u00e9b\u00e9cois pr\u00e9tend toujours d\u00e9tenir une certaine l\u00e9gitimit\u00e9 pour faire aboutir, mais quoi, et que, Couillard se propose \u00e0 signer la Constitution canadienne, quand Paul Martin et Joe Clark s\u2019unissent en faveur de meilleures relations avec les autochtones, il y existe toujours un profond malaise. D\u2019ailleurs, on en parlait lors des Commissions sur l\u2019Avenir du Qu\u00e9bec o\u00f9 je soulevais dans un m\u00e9moire, un autre risque discriminatoire original dans la formule propos\u00e9e, qui privil\u00e9giait les Premi\u00e8res Nations aux d\u00e9pens de la client\u00e8le politique des communaut\u00e9s dites allophones. Martin\/Clark d\u00e9montre aujourd\u2019hui, la vicissitude canadienne persistante \u00e0 l\u2019effet de profondes discriminations sociales. L\u2019esprit colonisateur rapace, avare vit encore malgr\u00e9 des amalgames trompeurs pour camoufler. Comment croire nous autres en ce Canada dit d\u2019ouverture\u00a0? Ce monarchiste nous le connaissons tous, lui et ses privil\u00e8ges prot\u00e9g\u00e9s. Par des armes. Il est transcontinental et insulaire aussi dans le cas d\u2019Ha\u00efti. Saint-Louis Missouri le d\u00e9nonce aujourd\u2019hui aux \u00c9tats-Unis (Am\u00e9rique). Industriel sous couvert, banquier,\u00a0 financier, commer\u00e7ant, etc. La Commission Charbonneau au Qu\u00e9bec le d\u00e9nonce, en Ha\u00efti, c\u2019est le Facteur Brandt. Clifford, on s\u2019entend. Si Ha\u00efti en 1804 avait r\u00e9voqu\u00e9 un g\u00e9nie, la r\u00e9cente capture de l\u2019homme en cavale qu\u2019est Clifford Brandt devient ce sens, le Facteur Brandt qui d\u00e9range \u00e9norm\u00e9ment l\u2019Occident. L\u2019image. C\u2019est en ce sens, \u00e0 la lueur de Charbonneau, de Martin\/Clark, qu\u2019on ne peut s\u2019y fier \u00e0 la bont\u00e9 canadienne en Ha\u00efti. Revenons aux Commissions sur l\u2019avenir du Qu\u00e9bec. Il y avait nous aussi \u00e0 cette \u00e9poque, nous sommes encore l\u00e0. Ailleurs, un peu plus loin que le Qu\u00e9bec et beaucoup plus nombreux qu\u2019au Canada ou aux \u00c9tats. \u00c0 comprendre Jo\u00ebl Des Rosiers dans son essai, il y aurait d\u00fb y avoir une diplomatie de la M\u00e9taspora. Je le comprends sans d\u00e9tour puisque je le pr\u00e9cise de mon c\u00f4t\u00e9 comme \u00e9tant la Communaut\u00e9 Ha\u00eftienne Internationale non comme Robin Cohen l\u2019\u00e9tudie dans Global Diasporas an Introduction-1997, mais une diplomatie qui depuis le PM Latortue en Ha\u00efti, n\u2019a pas su faire entendre sa voix puissante. Elle a pay\u00e9 en Ha\u00efti, ceux avec qui elle vit pourtant de mani\u00e8re inclusive, dans leurs pays d\u2019origine. Fin de ().<\/em><\/span><\/li>\n<\/ul>\n<p style=\"text-align: left;\"><span style=\"color: #000000;\"><strong>Les th\u00e9oriciens de notre diplomatie<\/strong><\/span><\/p>\n<p style=\"text-align: left;\"><span style=\"color: #000000;\">\u00c0 une certaine \u00e9poque, nous avions connu en Ha\u00efti les bons conseils de Jean-Robert H\u00e9rard, un ancien de H-O d\u2019ailleurs. \u00c9tait-ce un lecteur de protocole ou un strat\u00e8ge de la diplomatie internationale\u00a0et pour quel h\u00e9ritage\u00a0?<\/span><\/p>\n<p style=\"text-align: left;\"><span style=\"color: #000000;\"><strong>Les praticiens de notre diplomatie.<\/strong><\/span><\/p>\n<p style=\"text-align: left;\"><span style=\"color: #000000;\">Voice en r\u00e9sum\u00e9 la traduction du communiqu\u00e9 du 21 ao\u00fbt dernier, de la R\u00e9publique du Canton de Gen\u00e8ve c\u00e9l\u00e9brant le cent cinquantenaire de la premi\u00e8re convention. <em>La Gen\u00e8ve Internationale est aujourd\u2019hui avec ses 30 organisations internationales, ses 250 organisations non gouvernementales enregistr\u00e9es aux Nations Unies, et ses 173 \u00c9tats repr\u00e9sent\u00e9s par une mission permanente, est l\u2019un des plus attractifs centres de la gouvernance mondiale. Gen\u00e8ve est la place o\u00f9 plusieurs de ces aspects sont disponibles par association. Comme l\u2019aide aux victimes des catastrophes naturelles et de conflits, des r\u00e9ponses aux d\u00e9fis environnementaux ou des accords au niveau des \u00e9changes, des t\u00e9l\u00e9communications ou de propri\u00e9t\u00e9 intellectuelle. C\u2019est aussi \u00e0 Gen\u00e8ve qu\u2019on arrive \u00e0 trouver des solutions de paix aux disputes entre nations en conflits\u00a0: Ukraine, Syrie ou l\u2019Iran, pour ne citer que ceux-l\u00e0\u00bb.<\/em><\/span><\/p>\n<p style=\"text-align: left;\"><span style=\"color: #000000;\">Le communiqu\u00e9 pr\u00e9cise au d\u00e9but qu\u2019une r\u00e9plique de l\u2019ambulance de la Croix-Rouge sera expos\u00e9e au public, tandis que cela se passait le 22 ao\u00fbt 1864, r\u00e9unissant 16 \u00c9tats internationaux signataires invit\u00e9s par la Suisse. Le fait n\u2019est pour nous \u00e0 ce stade-ci, de critiquer sur le nombre de fois que cette convention a \u00e9t\u00e9 viol\u00e9e, mais, que s\u2019\u00e9tait-il pass\u00e9 par exemple \u00e0 Port-au-Prince en ce mois d\u2019ao\u00fbt 1864, apr\u00e8s l\u2019empire de Soulouque, soit <strong>soixante<\/strong> ans de la cr\u00e9ation d\u2019un \u00e9tat ind\u00e9pendant, et ce qui devrait rappeler hors de tout doute, le <strong>soixante-quinzi\u00e8me<\/strong> anniversaire du grand soul\u00e8vement g\u00e9n\u00e9ral des Esclaves \u00e0 Saint-Domingue noirs. Aujourd\u2019hui nous sommes au niveau du Facteur Brandt sous pression internationale.<\/span><\/p>\n<p style=\"text-align: left;\"><span style=\"color: #000000;\">Nous sommes retomb\u00e9s \u00e0 l\u2019\u00e2ge de la pierre, <em>africaine<\/em>, dans la diplomatie ha\u00eftienne tandis que cette occasion aurait d\u00fb \u00eatre un symbole de rencontre nationale que Des Rosiers soul\u00e8ve dans on ouvrage M\u00e9taspora P.274, je cite : \u00abPrice-Mars, h\u00e9ritier du triomphe de la R\u00e9volution ha\u00eftienne, c\u2019est-\u00e0-dire de la victoire de l\u2019Esclave sur le Ma\u00eetre, savait que l\u2019origine \u00e9tait une maison vide et que la t\u00e2che scientifique qui nous incombe consiste \u00e0 \u00e9laborer cette absence plut\u00f4t que donner subsistance \u00e0 leur virulente opposition. Puisqu\u2019il s\u2019agissait de passer de la condition d\u2019esclave \u00e0 celle de citoyen, et de relever la dignit\u00e9 de toute une part de l\u2019humanit\u00e9 longtemps d\u00e9nigr\u00e9e, la R\u00e9volution ha\u00eftienne n\u2019avait de sens que si tous les n\u00e8gres touchant les rivages de l\u2019\u00eele pouvaient devenir ha\u00eftiens. Tous les Blancs, eux aussi, pourvu qu\u2019ils adh\u00e9rassent aux id\u00e9aux de la nouvelle R\u00e9publique, pouvaient se muter en <em>n\u00e8gres <\/em>\u00e0 leur tour, nom g\u00e9n\u00e9rique donn\u00e9 \u00e0 tous les citoyens du nouvel Etat, quelle que soit la couleur de leur peau, selon la belle \u00e9tymologie de la racine s\u00e9mitique du mot <em>niger. <\/em>Aujourd\u2019hui alors\u00a0!<\/span><span style=\"color: #000000;\"><em>\u00a0<\/em><\/span><\/p>\n<p style=\"text-align: left;\"><span style=\"color: #000000;\">Bien alors non\u00a0! Par exemple \u00e0 Montr\u00e9al avec le consul g\u00e9n\u00e9ral Viard, c\u2019est la trahison de l\u2019esprit de 1791-1804 \u00e0 deux niveaux. D\u2019une part, administrative, la section des communications n\u2019a accompli sa t\u00e2che, informant, invitant m\u00e9dias et journalistes, ha\u00eftiens par surcroit, sans discrimination aucune, pour promouvoir. Incomp\u00e9tence grave. Et, d\u2019autre part, patriotique, l\u2019Ha\u00eftien d\u2019apr\u00e8s Price-Mars est d\u00e9fini sans d\u00e9tour, tandis que Viard prend un d\u00e9tour partisan fanatique crasseux rose pour \u00e9carter des Ha\u00eftiens au profit de sa petite carri\u00e8re. Ottawa n\u2019en a fait mieux, pas plus que New York avec Forbin les ann\u00e9es pr\u00e9c\u00e9dentes, ni Boston\u2026, etc. Consigne de Lamothe\/Martelly, exc\u00e8s de z\u00e8le, ignorance ou ignorance de Brutus, les qualificatifs seraient \u00e9tal\u00e9s que cela n\u2019est acceptable, pas m\u00eame dans cette laine de poussi\u00e8res boueuses de la diplomatie des affaires depuis, tue la r\u00e9putation de l\u2019\u00c9tat de 1804. Nous ne l\u2019avons su, l\u2019\u00e9tranger ne sait par la voie des missions consulaires et diplomatiques ha\u00eftiennes \u00e0 travers le monde, ce qui s\u2019\u00e9tait pass\u00e9 en ao\u00fbt 1864 \u00e0 Port-au-Prince, \u00e0\u2026, etc. pour ce 75<sup>e<\/sup> anniversaire d\u2019ao\u00fbt 1789. Il n\u2019y a donc de praticien dans cette diplomatie.<\/span><\/p>\n<p style=\"text-align: left;\"><span style=\"color: #000000;\"><strong>Les rh\u00e9toriciens de notre diplomatie<\/strong><\/span><\/p>\n<p style=\"text-align: left;\"><span style=\"color: #000000;\">Le point de vue n\u2019est pas de faire comme dans une rh\u00e9torique lourde qui friserait l\u2019imitation des autres. Non. Cependant, notre pass\u00e9 n\u2019a jamais \u00e9t\u00e9 sympathique aux yeux des autres, nous avions d\u00fb croiser les fers pour le droit \u00e0 l\u2019existence. Les autres vendent leurs acquis du pass\u00e9 \u00e0 co\u00fbt de promotion au pr\u00e9sent quand nous nous livrons une guerre de bottine en ouvrant les flancs \u00e0 ceux qui comme je le soulignais il y a deux ans, comme ce raciste am\u00e9ricain qui nous d\u00e9crivaient \u00e0 l\u2019image d\u2019anciens esclaves incapables, bons \u00e0 montrer le blanc des dents et le blanc des yeux quand on mentait\u2026, etc..<\/span><\/p>\n<p style=\"text-align: left;\"><span style=\"color: #000000;\">Cela se comprend, vous de <em>cette diplomatie<\/em> n\u2019aimiez peut-\u00eatre pas l\u2019Affaire Clifford Brandt qui cl\u00f4turait ainsi la s\u00e9rie d\u2019analyses Haollywood pour l\u2019exon\u00e9rer de Stockholm, de Clark, en posant la question suivante\u00a0: qui serions-nous dans un tel sc\u00e9nario\u00a0?<\/span><\/p>\n<p style=\"text-align: left;\"><span style=\"color: #000000;\">Surtout au niveau de la diplomatie ha\u00eftienne qui se retrouverait tellement embarrass\u00e9e dans ses explications face \u00e0 ses bailleurs de fonds, ses patrons, avec une image qui d\u00e9range l\u2019Occident. <em>Rappelez-vous de l\u2019affaire des infirmi\u00e8res bulgares rapatri\u00e9es en France par Sarkozy qui en ce moment m\u00eame en France fait l\u2019objet d\u2019inculpations pour corruption<\/em>. N\u2019y a-t-il pas lieu de s\u2019interroger d\u2019une part sur des implications diplomatiques internationales directes dans l\u2019organisation de la fuite de Clifford Brandt, d\u00e9guis\u00e9e par l\u2019\u00e9vasion de plus d\u2019une centaine de d\u00e9tenus. Le chef de la PNH fixe une temporalit\u00e9 restreinte pour les rattraper. Et, alors dans ce cas, d\u2019autre part, ne devrait-on pas dire merci \u00e0 la RD d\u2019avoir captur\u00e9 Clifford Brandt, rendant ainsi comme en 1804, les droits de la poup\u00e9e noire, face aux d\u00e9rapages de la poup\u00e9e blanche\u00a0?<\/span><\/p>\n<p style=\"text-align: left;\"><span style=\"color: #000000;\">Certes que la RD avait p\u00e9ch\u00e9 dans le cas de ses citoyens d\u00e9naturalis\u00e9s par leur ascendance ha\u00eftienne, mais, que savait la diplomatie ha\u00eftienne de ce qui avait ou aurait pu d\u00e9clencher une telle hostilit\u00e9\u00a0?<\/span><\/p>\n<p style=\"text-align: left;\"><span style=\"color: #000000;\">Quelle r\u00e9ponse par d\u00e9faut, ont pu donner ces Dominicains \u00e0 ceux qui auraient pu organiser l\u2019extradition hors convention, par son territoire, de Clifford Brandt\u00a0? Que disent les rh\u00e9toriciens de la diplomatie ha\u00eftienne, puisque les praticiens sont encore embourb\u00e9s et, les th\u00e9oriciens, en mal de projet quand la lumi\u00e8re luit au grand jour\u00a0? Pourrait-on aller encore plus loin, citant la couleur de la main du Canada serait-il mal commode ou justifi\u00e9 puisqu\u2019il a livr\u00e9 une prison pour \u00e9vad\u00e9s. Colombiens s\u2019attardera-t-on pour le moins. L\u2019arrogance post rattrapage de Clifford Brandt est tellement \u00e9loquente. Curieux \u00e9v\u00e8nement apr\u00e8s Coderre en Ha\u00efti.<\/span><\/p>\n<ul>\n<li style=\"text-align: left;\"><span style=\"color: #000000;\"><a style=\"color: #000000;\" href=\"mailto:dan@danalbertini.com\">dan@danalbertini.com<\/a><\/span><\/li>\n<\/ul>\n<hr \/>\n<p style=\"text-align: left;\"><span style=\"color: #000000;\">cet article est publi\u00e9 par l\u2019hebdomadaire Ha\u00efti-Observateur, \u00e9dition du 17 septembre2014, <strong>VOL XXXXIV No.37<\/strong>, New York et se trouve en <strong>P.8<\/strong> \u00e0\u00a0:<\/span><\/p>\n","protected":false},"excerpt":{"rendered":"<p>DIPLOMATIE INTERNATIONALE ET SOCI\u00c9T\u00c9\u00a0Par Dan Albertini\u00a0 HA\u00cfTI LE FACTEUR BRANDT Entre (). Si vous viviez au Qu\u00e9bec dans le grand Canada et que vous n\u2019y \u00eates plus, c\u2019est que vous aviez d\u00fb partir pour une raison ou pour une autre&#8230;. <\/p>\n","protected":false},"author":3,"featured_media":2669,"comment_status":"closed","ping_status":"closed","sticky":false,"template":"","format":"standard","meta":{"footnotes":""},"categories":[16,25,47],"tags":[338,519,615,711,933,1110,2266],"class_list":["post-4255","post","type-post","status-publish","format-standard","has-post-thumbnail","hentry","category-diplomatieinternationale","category-haiti","category-societe","tag-brandt","tag-coderre","tag-dan-albertini","tag-diplomatie","tag-france","tag-herard","tag-theoricien"],"_links":{"self":[{"href":"https:\/\/haiti-observateur.news\/index.php?rest_route=\/wp\/v2\/posts\/4255","targetHints":{"allow":["GET"]}}],"collection":[{"href":"https:\/\/haiti-observateur.news\/index.php?rest_route=\/wp\/v2\/posts"}],"about":[{"href":"https:\/\/haiti-observateur.news\/index.php?rest_route=\/wp\/v2\/types\/post"}],"author":[{"embeddable":true,"href":"https:\/\/haiti-observateur.news\/index.php?rest_route=\/wp\/v2\/users\/3"}],"replies":[{"embeddable":true,"href":"https:\/\/haiti-observateur.news\/index.php?rest_route=%2Fwp%2Fv2%2Fcomments&post=4255"}],"version-history":[{"count":0,"href":"https:\/\/haiti-observateur.news\/index.php?rest_route=\/wp\/v2\/posts\/4255\/revisions"}],"wp:featuredmedia":[{"embeddable":true,"href":"https:\/\/haiti-observateur.news\/index.php?rest_route=\/"}],"wp:attachment":[{"href":"https:\/\/haiti-observateur.news\/index.php?rest_route=%2Fwp%2Fv2%2Fmedia&parent=4255"}],"wp:term":[{"taxonomy":"category","embeddable":true,"href":"https:\/\/haiti-observateur.news\/index.php?rest_route=%2Fwp%2Fv2%2Fcategories&post=4255"},{"taxonomy":"post_tag","embeddable":true,"href":"https:\/\/haiti-observateur.news\/index.php?rest_route=%2Fwp%2Fv2%2Ftags&post=4255"}],"curies":[{"name":"wp","href":"https:\/\/api.w.org\/{rel}","templated":true}]}}