{"id":4211,"date":"2020-01-08T18:52:23","date_gmt":"2020-01-08T23:52:23","guid":{"rendered":"http:\/\/haiti-observateur.ca\/?p=4211"},"modified":"2020-01-08T18:52:23","modified_gmt":"2020-01-08T23:52:23","slug":"boulos-confirme-le-jaune-du-hezbollah-cubain","status":"publish","type":"post","link":"https:\/\/haiti-observateur.news\/?p=4211","title":{"rendered":"Boulos Confirme le Jaune Du Hezbollah Cubain"},"content":{"rendered":"<p style=\"text-align: left;\"><span style=\"color: #000000;\"><strong>DIPLOMATIE INTERNATIONALE &amp; SOCI\u00c9T\u00c9 <\/strong><em><a style=\"color: #000000;\" href=\"mailto:dan.albertini@reseauhem.ca\">par Dan Albertini<\/a><\/em><\/span><\/p>\n<ul style=\"text-align: left;\">\n<li style=\"text-align: left;\"><span style=\"color: #000000;\"><strong><em>Boulos Confirme le Jaune Du Hezbollah Cubain<\/em><\/strong><\/span><\/li>\n<li style=\"text-align: left;\"><span style=\"color: #000000;\"><strong>OU L\u2019\u00ceLE DU DOCTEUR BOULOS DE LA 3<sup>E<\/sup> VOIE<\/strong><\/span><\/li>\n<li style=\"text-align: left;\"><span style=\"color: #000000;\"><em>Entre (), Oh, que j\u2019aime la politique\u00a0: <\/em><em>\u00ablo ou ap neye, ou kenbe branch ou jwenn\u00bb<\/em><em>. Fermons ().<\/em><strong><em>\u00a0<\/em><\/strong><\/span><\/li>\n<\/ul>\n<p style=\"text-align: left;\"><span style=\"color: #000000;\"><strong>Q<\/strong>uand j\u2019ai commenc\u00e9 \u00e0 observer la tendance d\u00e9crite de R\u00e9ginald Boulos, j\u2019avoue souhaiter me tromper, car je crois devoir accorder la chance au coureur par principe. Je me suis m\u00eame reproch\u00e9 une certaine apathie contre ce qui naturellement devrait attirer dans ce pays de slogan<em>. Et, de meringues m\u00eames en p\u00e9riode hors carnaval<\/em>. Un ami expert en droit, au Canada, m\u2019avouait de son c\u00f4t\u00e9 un penchant pour le module de la 3<sup>e<\/sup> voie qui d\u00e9coulerait bien avant Boulos, d\u2019Anthony Giddens. Garry Dieuveille Romulus est adepte inconditionnel de l\u2019\u00e9thique. Postulat oui, car il ne conna\u00eet pas r\u00e9ellement R\u00e9ginald Boulos au point de jurer sur un copain universitaire depuis les tendances qui seront av\u00e9r\u00e9es plus tard, Garry a tent\u00e9 de me vendre le produit Boulos. <em>C\u2019est la guerre des mots contre celle du silence rebelle, toute la dialectique, car nous avions l\u2019habitude<\/em>. Les neurosciences en seraient ravies de la d\u00e9monstration\u00a0: <em>vendu<\/em>.<\/span><\/p>\n<p style=\"text-align: left;\"><span style=\"color: #000000;\"><img loading=\"lazy\" decoding=\"async\" class=\"size-medium wp-image-4665 aligncenter\" src=\"http:\/\/haiti-observateur.ca\/wp-content\/uploads\/2020\/01\/hezbollahBOULOS1Modif-300x189.jpg\" alt=\"\" width=\"300\" height=\"189\" \/><\/span><\/p>\n<p style=\"text-align: left;\"><span style=\"color: #000000;\"><em>Garry est un pacifiste n\u00e9 ou d\u2019\u00e9ducation, mais surtout un penseur et grand d\u00e9batteur dipl\u00f4m\u00e9, faisant partie de la meute universitaire du m\u00eame genre qui attendait souvent l\u2019automatisme proverbial de Frank\u00e9tienne pour l\u2019\u00e9prouver \u00e0 l\u2019ar\u00e9opage de l\u2019UQAM ou de l\u2019UDM. C\u2019est \u00e0 cette mesure que j\u2019ai approch\u00e9 la 3<sup>e<\/sup> voie de Boulos qui s\u2019affichait d\u00e9j\u00e0 dans la m\u00e9moire d\u2019\u00e9diteur de L\u00e9opold Joseph. C\u2019est ainsi que L\u00e9o Joseph de la plume du journaliste avait tent\u00e9 rencontrer Dr Boulos \u00e0 New York si je ne me trompe pas. Un rendez-vous qui suscita un autre qui n\u2019arrivera pas. Je ne veux pas dire jamais, \u00e0 en croire une critique famili\u00e8re, car Boulos se prononce seulement en terrain acquis ou apprivois\u00e9. La critique est ais\u00e9e dit-on. On reconnait l\u2019arbre \u00e0 ses fruits par contre. Boulos se voulait d\u2019un Castro d\u2019Ha\u00efti, pi\u00e9tinant de Louverture \u00e0 Dessalines jusqu\u2019\u00e0 offenser <a style=\"color: #000000;\" href=\"http:\/\/internationaldiplomat.ca\/international\/haiti\/ilel-du-dr-boulos-sous-la-loupe-dernest-leon-ou-la-plaidoirie-de-leon\/\">Ernest L\u00e9on<\/a> que j\u2019ai d\u00e9fendu alors. Pour nous offrir quoi\u00a0? Je percevais un Hezbollah cubain d\u2019apr\u00e8s le langage. C\u2019est de bonne guerre. Mais l\u00e0, ce sont les couleurs qui m\u2019ont carr\u00e9ment convaincu de la proph\u00e9tie de la grande turbulence \u00e0 venir, des proph\u00e8tes du terroir. Garry Romulus ne viendra pas me vendre du Libanais pour l\u2019Ouverture de Dessalines, par Castro aliment\u00e9 du Bolivarisme nourri en Ha\u00efti. <strong>Ola\u00a0: NON\u00a0!<\/strong><\/em><em>\u00a0\u00a0<\/em><\/span><\/p>\n<p style=\"text-align: left;\"><span style=\"color: #000000;\"><strong>B<\/strong>oulos s\u2019est vendu tout seul. <em>Trahi m\u00eame avec le jaune du Hezbollah<\/em>. <em>Le bleu int\u00e9gr\u00e9 n\u2019est pas celui d\u2019Ha\u00efti, mais celui de Cuba.<\/em> Tel qu\u2019il l\u2019avait promis, mais \u00e9vite le vert libanais dans le jaune. Un Hezbollah cubain. La bataille est rude en R\u00e9publique, je comprends\u00a0: \u00ab<strong><em>ti mapou pa grandi anba gwo mapou<\/em><\/strong><strong>\u00bb<\/strong>. Il veut \u00eatre aussi grand. Je dis alors \u00e0 R\u00e9ginald Boulos\u00a0: Ha\u00efti, \u00ab<strong><em>si ou renmen grenn Ii, ou dwe renmen pye a<\/em><\/strong><strong>\u00bb<\/strong>.<\/span><\/p>\n<p style=\"text-align: left;\"><span style=\"color: #000000;\"><em>Note particuli\u00e8re \u00e0 ce lecteur de la globalit\u00e9. Souffrez de l\u2019insertion cr\u00e9ole sans la traduction acad\u00e9mique. Appelez alors au quai Conti pour r\u00e9clamer la mise \u00e0 jour ex aequo du latin.<\/em><\/span><\/p>\n<hr \/>\n<p style=\"text-align: left;\"><span style=\"color: #000000;\">cet article est publi\u00e9 par l\u2019hebdomadaire Ha\u00efti-Observateur, <strong>VOL.1 No 1<\/strong> New York, \u00e9dition du 8 janvier 2020, et se trouve en <strong>P. 12<\/strong> \u00e0\u00a0: <a style=\"color: #000000;\" href=\"http:\/\/haiti-observateur.info\/wp-content\/uploads\/2020\/01\/H-O-8-January-2020.pdf\">http:\/\/haiti-observateur.info\/wp-content\/uploads\/2020\/01\/H-O-8-January-2020.pdf<\/a><\/span><\/p>\n","protected":false},"excerpt":{"rendered":"<p>DIPLOMATIE INTERNATIONALE &amp; SOCI\u00c9T\u00c9 par Dan Albertini Boulos Confirme le Jaune Du Hezbollah Cubain OU L\u2019\u00ceLE DU DOCTEUR BOULOS DE LA 3E VOIE Entre (), Oh, que j\u2019aime la politique\u00a0: \u00ablo ou ap neye, ou kenbe branch ou jwenn\u00bb. Fermons&#8230; <\/p>\n","protected":false},"author":3,"featured_media":4212,"comment_status":"closed","ping_status":"closed","sticky":false,"template":"","format":"standard","meta":{"footnotes":""},"categories":[16,25],"tags":[330,599,615,974,1088,1115],"class_list":["post-4211","post","type-post","status-publish","format-standard","has-post-thumbnail","hentry","category-diplomatieinternationale","category-haiti","tag-boulos","tag-cubain","tag-dan-albertini","tag-garry-romulus","tag-haiti-observateur","tag-hezbollah"],"_links":{"self":[{"href":"https:\/\/haiti-observateur.news\/index.php?rest_route=\/wp\/v2\/posts\/4211","targetHints":{"allow":["GET"]}}],"collection":[{"href":"https:\/\/haiti-observateur.news\/index.php?rest_route=\/wp\/v2\/posts"}],"about":[{"href":"https:\/\/haiti-observateur.news\/index.php?rest_route=\/wp\/v2\/types\/post"}],"author":[{"embeddable":true,"href":"https:\/\/haiti-observateur.news\/index.php?rest_route=\/wp\/v2\/users\/3"}],"replies":[{"embeddable":true,"href":"https:\/\/haiti-observateur.news\/index.php?rest_route=%2Fwp%2Fv2%2Fcomments&post=4211"}],"version-history":[{"count":0,"href":"https:\/\/haiti-observateur.news\/index.php?rest_route=\/wp\/v2\/posts\/4211\/revisions"}],"wp:featuredmedia":[{"embeddable":true,"href":"https:\/\/haiti-observateur.news\/index.php?rest_route=\/"}],"wp:attachment":[{"href":"https:\/\/haiti-observateur.news\/index.php?rest_route=%2Fwp%2Fv2%2Fmedia&parent=4211"}],"wp:term":[{"taxonomy":"category","embeddable":true,"href":"https:\/\/haiti-observateur.news\/index.php?rest_route=%2Fwp%2Fv2%2Fcategories&post=4211"},{"taxonomy":"post_tag","embeddable":true,"href":"https:\/\/haiti-observateur.news\/index.php?rest_route=%2Fwp%2Fv2%2Ftags&post=4211"}],"curies":[{"name":"wp","href":"https:\/\/api.w.org\/{rel}","templated":true}]}}