{"id":4092,"date":"2019-06-03T14:39:06","date_gmt":"2019-06-03T18:39:06","guid":{"rendered":"http:\/\/haiti-observateur.ca\/?p=4092"},"modified":"2019-06-03T14:39:06","modified_gmt":"2019-06-03T18:39:06","slug":"mon-frere-comment-allez-vous-dheidi-fortune-fin4-d","status":"publish","type":"post","link":"https:\/\/haiti-observateur.news\/?p=4092","title":{"rendered":"\u2039\u2039Mon fr\u00e8re, comment allez-vous\u203a\u203a, d\u2019Heidi Fortun\u00e9. Fin4 d"},"content":{"rendered":"<p style=\"text-align: left;\"><span style=\"color: #000000;\"><strong>DIPLOMATIE INTERNATIONALE ET SOCI\u00c9T\u00c9 <\/strong><em>par Dan Albertini<\/em><\/span><\/p>\n<ul>\n<li style=\"text-align: left;\"><span style=\"color: #000000;\"><strong>\u2039\u2039Mon fr\u00e8re, comment allez-vous\u203a\u203a, d\u2019Heidi Fortun\u00e9. <\/strong><strong>Fin<sup>4<\/sup> de\u00a0:<\/strong><\/span><\/li>\n<li style=\"text-align: left;\"><span style=\"color: #000000;\"><strong><em>Dessalines est-il revenu d\u2019outre-tombe crier revanche par personne de Jovenel Mo\u00efse\u00a0?<\/em><\/strong><\/span><\/li>\n<\/ul>\n<p style=\"text-align: left;\"><span style=\"color: #000000;\"><em>Entre (). Nancy Pelosi ne doit pas demander \u00e0 Mueller d\u2019avoir termin\u00e9 au pr\u00e9alable les d\u00e9buts d\u2019une t\u00e2che qui revient au Congr\u00e8s. Ni au peuple d\u2019aller aux \u00e9lections pour renverser Donald J Trump. Ni aux R\u00e9publicains du S\u00e9nat de faire le travail du DNC au Congr\u00e8s Fermons ().<\/em><\/span><\/p>\n<hr \/>\n<p><strong>DIPLOMATIE INTERNATIONALE ET SOCI\u00c9T\u00c9\u00a0<\/strong><em>Par Dan Albertini<\/em><\/p>\n<ul>\n<li><strong>\u2039\u2039Mon fr\u00e8re, comment allez-vous\u203a\u203a, d\u2019Heidi Fortun\u00e9.\u00a0<\/strong><strong>Fin<sup>4<\/sup>\u00a0de\u00a0:<\/strong><\/li>\n<li><strong><em>Dessalines est-il revenu d\u2019outre-tombe crier revanche par personne de Jovenel Mo\u00efse\u00a0?<\/em><\/strong><\/li>\n<li>version compl\u00e8te d\u00e9pos\u00e9e le 5 juin 2019 14H36<\/li>\n<\/ul>\n<p><em>Entre (). Nancy Pelosi ne doit pas demander \u00e0 Mueller d\u2019avoir termin\u00e9 au pr\u00e9alable les d\u00e9buts d\u2019une t\u00e2che qui revient au Congr\u00e8s. Ni au peuple d\u2019aller aux \u00e9lections pour renverser Donald J Trump. Ni aux R\u00e9publicains du S\u00e9nat de faire le travail du DNC au Congr\u00e8s Fermons ().<\/em><\/p>\n<p>Voil\u00e0 ce par quoi j\u2019ai expos\u00e9 le 29\/05\/2019 afin de conclure en ce jour-ci la s\u00e9rie\u00a0<strong>Dessalines<\/strong>\u00a0:\u00a0<em><u>Arr\u00eatons alors la b\u00eatise, la r\u00e9ponse\u00a0est non pas Dessalines, c\u2019est un statut d\u00e9missionnaire<\/u><\/em>. Je pars d\u2019un\u00a0<em>bref<\/em>\u00a0avec l\u2019ancien ministre de la Justice, Heidi Fortun\u00e9 en l\u2019occurrence, permettez que je la situe dans le contexte global ha\u00eftien. Question\u00a0:\u00a0<strong>Dessalines revenu d\u2019outre-tombe, en Jovenel Mo\u00efse\u00a0?\u00a0<\/strong>Heidi Fortun\u00e9\u00a0: pourquoi ne le reconnaitrait-il pas, et pourquoi Himmler Rebu l\u2019aurait-il pu\u00a0? Je rassure, je simule sur des faits sans pr\u00e9juger, dans le conditionnel.<\/p>\n<p><strong>F<\/strong>ortun\u00e9 d\u2019abord, voici ses commentaires sur la situation qui part de l\u2019\u00e9vocation d\u2019un policier effray\u00e9, en fuite vers le Canada.\u00a0<em>Je l\u2019avais re\u00e7ue par Whatsap<\/em>.\u00a0<strong>HF<\/strong>.<\/p>\n<p><strong>\u2039\u2039<\/strong><em>Mon fr\u00e8re, comment allez-vous<\/em><strong>\u203a\u203a<\/strong>\u00a0?<strong>\u00a0\u2039\u2039<\/strong><em>J\u2019ai \u00e9cout\u00e9 l\u2019enregistrement\u2026, mais malheureusement je ne peux pas commenter les all\u00e9gations de quelqu\u2019un qui se dit policier d\u00e9non\u00e7ant la situation d\u2019ins\u00e9curit\u00e9 et les d\u00e9rives autoritaires et malsaines auxquelles s\u2019adonnent le pouvoir en place, mais se cache le visage<\/em><strong>\u203a\u203a<\/strong>.\u00a0<strong>\u2039\u2039<\/strong>Le type dit en plus avoir pr\u00e9f\u00e9r\u00e9 laisser le pays et partir pour l\u2019exil (rejoindre sa femme r\u00e9sidant au Canada) laissant derri\u00e8re lui une institution ch\u00e8re \u00e0 lui, mais malgr\u00e9 tout, il refuse de s\u2019identifier; ce qui aurait donn\u00e9 beaucoup plus de cr\u00e9dibilit\u00e9 \u00e0 sa d\u00e9claration<strong>\u203a\u203a<\/strong>.\u00a0<strong>\u2039\u2039<\/strong>Pour moi c\u2019est un l\u00e2che, un pleutre qui veut jouer aux martyrs en s\u2019exilant volontairement<strong>\u203a\u203a<\/strong>.<\/p>\n<p><strong>\u2039\u2039<\/strong><em><u>Je dois dire en passant que la situation socio-\u00e9conomique du pays est, on ne peut plus, insupportable<\/u><\/em><em>.\u00a0<u>\u00c7a, je le conc\u00e8de<\/u>. Et, je comprendrais son d\u00e9part sur cet angle-l\u00e0. Mais d\u00e9biter des histoires sans pouvoir les assumer n\u2019est autre que de la fanfaronnade<\/em><strong>\u203a\u203a<\/strong>.<\/p>\n<p><strong>\u2039\u2039<\/strong><em>Le combat est sur le terrain. Ceux qui veulent vraiment le changement doivent rester et se battre pour l\u2019avoir.\u00a0<u>Le pays cherche des h\u00e9ros, des guerriers, de v\u00e9ritables combattants<\/u>\u2026 pas des opportunistes qui prennent la cl\u00e9 des champs \u00e0 la premi\u00e8re occasion<\/em><strong>\u203a\u203a<\/strong>.<\/p>\n<p><strong>\u2039\u2039<\/strong><em>D\u00e9sol\u00e9 Dan, vous me trouverez un peu dur avec le personnage, mais je suis comme \u00e7a. Il n\u2019est pas digne d\u2019admiration<\/em><strong>\u203a\u203a<\/strong>.<\/p>\n<p>En effet,\u00a0<strong>HF<\/strong>\u00a0a choisi de rester au pays, ce malgr\u00e9 ses positions et d\u00e9clarations qui lui ont valu des menaces depuis\u00a0<em>gwo<\/em>\u00a0G\u00e9rard. Sous Pr\u00e9val ensuite, et le reste cela va de soi. Notons tout de m\u00eame que si l\u2019agronome JY M\u00e9dard (<em>Rassoul Labuchin<\/em>) n\u2019avait pas quitt\u00e9 le pays, il ne serait encore vivant et je crois \u00e0 ce titre que\u00a0<strong>HF<\/strong>\u00a0a g\u00e9n\u00e9ralis\u00e9 un peu trop. En outre,\u00a0<strong>HF<\/strong>\u00a0a gard\u00e9 la toge pour d\u00e9fendre, disons-le dans le symbolisme\u00a0:\u00a0<strong>\u2039\u2039<\/strong><em>la veuve et l\u2019orphelin<\/em><strong>\u203a\u203a<\/strong>,\u00a0<em>le justiciable et l\u2019opprim\u00e9, le droit et les faits<\/em>. Je dois rajouter \u00e0 son cr\u00e9dit, au point o\u00f9 Jovenel Mo\u00efse envers qui il a gard\u00e9 toute sa loyaut\u00e9 par principe tandis qu\u2019il \u00e9tait ministre, ce au point de ne pas r\u00e9pondre \u00e0 mes requ\u00eates d\u2019information suivies d\u2019articles publi\u00e9s qui sans merci, l\u2019attaquaient personnellement. Je me rappelle fort bien de sa r\u00e9action (<em>calme<\/em>) en apprenant que j\u2019avais re\u00e7u des communications internes du minist\u00e8re de la Justice, dans l\u2019affaire Clam\u00e9 O Dam\u00e9us (commissaire). C\u2019est par contre Jovenel Mo\u00efse qui l\u2019a trahi tandis qu\u2019il \u00e9tait en mission pour l\u2019\u00c9tat d\u2019Ha\u00efti, \u00e0 New York. Il a appris del\u00e0 le coup bas du pr\u00e9sident (Jovenel). Alors, Jovenel par Heidi Fortun\u00e9, n\u2019est certainement pas Dessalines revenu d\u2019outre-tombe crier vengeance par\u00a0<em>exeat<\/em>. Je garde en r\u00e9serve d\u2019autres communications non ludiques. Cela ne suffit en outre pas pour \u00e9valuer les indices car, chacun de nous renfermerait une part de Desalines, comme la portion de l\u2019\u00e9tourdissement de Fran\u00e7ois Duvalier.\u00a0<strong>FD<\/strong>\u00a0a d\u00e9vor\u00e9 par\u00a0\u00ab<em>la reconnaissance est une l\u00e2chet\u00e9<\/em>\u00bb.\u00a0<strong>Il<\/strong>\u00a0avait oubli\u00e9 de prononcer ainsi face \u00e0\u00a0<em>ton<\/em>\u00a0Sam.\u00a0<em>Rebu.<\/em><\/p>\n<p><strong>R<\/strong>ebu ensuite. Je ne suis pas plac\u00e9 pour \u00eatre d\u00e9\u00e7u ou satisfait d\u2019un symbole, d\u2019un citoyen. Je le suis pour une r\u00e9ponse \u00e0 une question pos\u00e9e. Rebu en ce sens-ci d\u00e9\u00e7oit \u00e9norm\u00e9ment pour l\u2019ancien de son niveau d\u2019expertise(s) qui ressemble tellement \u00e0 celui du s\u00e9nateur Latortue. On compte\u00a0: juriste, officier militaire, conseiller politique,<em>\u00a0tentation<\/em>\u00a0de coup d\u2019\u00c9tat\u2026, s\u00e9curit\u00e9 publique. Il est tout \u00e0 fait singulier que ce m\u00eame\u00a0<em>major<\/em>\u00a0Rebu perde ses capacit\u00e9s en mars 2019, dans l\u2019exercice de consid\u00e9rations entourant un besoin afin de fixer une question, de la r\u00e9clamer plus simple. Mieux, cette sensation de faire sur le sujet expos\u00e9 \u00e0\u00a0<strong>HF<\/strong>\u00a0par\u00a0<em>postnotion<\/em>\u00a0d\u00e9coulant d\u2019un postulat d\u2019H\u00e9rold Jean-Fran\u00e7ois coordonnateur dans sa lettre du 2\/05\/2019, intitul\u00e9e\u00a0: \u00ab<em>rassire ayaiti<\/em>\u00bb\u00a0; \u00ab<em>Ha\u00efti est en danger<\/em>\u00bb. On parle de Rebu l\u2019homme d\u2019une capacit\u00e9 de synth\u00e8se rapide sur la notion de s\u00e9curisation demand\u00e9e par le pr\u00e9sident Martelly. Non je n\u2019ach\u00e8te pas. Rebu l\u2019aurait reconnu en lui, seulement \u00e0 travers le processus qui l\u2019a orient\u00e9 et conduit vers un clan, ce par rapport avec le douteux pr\u00e9sident Martelly jusqu\u2019au pr\u00e9sident Mo\u00efse\u00a0dont le dernier rapport cit\u00e9 par les pr\u00e9cautions de la presse \u00e9trang\u00e8re, fixe telle une source de double facturation contre l\u2019\u00c9tat ?<\/p>\n<p>H Rebu est-il le m\u00eame homme qui sous la pr\u00e9sidence de R Pr\u00e9val entretenait des relations \u00e9pistolaires \u00e0 saveur de<em>\u00a0tentation<\/em>\u00a0de coup d\u2019\u00c9tat, avec Jacques Jules Nicolas (en Suisse), Edmonde Supplice Beauzile (s\u00e9natrice), \u00c9velyne J Proph\u00e8te (ONG\/radio \u00e0 New York)\u2026,\u00a0<em>etc.<\/em>\u00a0?<\/p>\n<p>Je ne condamne pas\u00a0<strong>HR<\/strong>\u00a0en faveur du personnage de\u00a0<strong>HF<\/strong>, je suis ici dans le comparatif bas\u00e9 sur des faits qui \u00e9clairent d\u00e9voilent. Rebu est ici absent sans besoins de commentaires.<\/p>\n<p><strong>R<\/strong>evenons alors \u00e0 Fortun\u00e9 dans sa derni\u00e8re capsule sur le module Twiter\u00a0: \u00ab<em>\u00c0 l\u2019instar de Otto Perez (Guatemala), Pedro Pablo Kuczynski (P\u00e9rou), Jacob Zuma (Afrique du Sud), englu\u00e9s dans des scandales de corruption, Jovenel Moise doit d\u00e9missionner pour se mettre \u00e0 la disposition de la justice. Sois un Homme pour une fois, M. le Pr\u00e9sident! Pa fe lach !<\/em>\u00bb<\/p>\n<p>C\u2019est un ministre de la justice qui remet la monnaie de sa pi\u00e8ce \u00e0 Jovenel Mo\u00efse par une invitation \u00e0 d\u00e9missionner de la pr\u00e9sidence. On ne sait demander cela \u00e0 Dessalines, m\u00eame apr\u00e8s 217 ans. Il en a fallu beaucoup pour qu\u2019Heidi Fortun\u00e9 d\u00e9mente la th\u00e8se Dessalines en Jovenel, ce sans connivence, mais par le dernier rapport publi\u00e9.<\/p>\n<p>Point n\u2019est besoin de multiplier les requ\u00eates ni les postulats. Dessalines a eu le courage de rompre avec l\u2019\u00e9tat colonialiste esclavagiste qui violait sans vergogne les droits fondamentaux de l\u2019humain qu\u2019\u00e9tait le cr\u00e9ole de Saint-Domingue. Jovenel ne peut faire si peu quand il s\u2019agit de rompre avec la corruption h\u00e9rit\u00e9e de Martelly, mieux, la raison du cri d\u2019alarme d\u2019Heidi Fortun\u00e9 d\u00e9montre suffisamment le niveau d\u2019implication d\u2019un pr\u00e9sident, dans la corruption alors qu\u2019il se plaignait en France d\u2019\u00eatre forc\u00e9 de nommer des juges corrompus.<\/p>\n<p>Vendre le pays une fois de plus \u00e0 la France.\u00a0<em>Jamais Dessalines ne l\u2019aurait<\/em>\u00a0!<\/p>\n<hr \/>\n<p>cet article est publi\u00e9 par l\u2019hebdomadaire Ha\u00efti-Observateur, \u00e9dition du 5 juin No.23\u00a0<strong>P.13<\/strong>\u00a0 et se trouve \u00e0 :\u00a0<a href=\"http:\/\/haiti-observateur.ca\/wp-content\/uploads\/2019\/06\/H-O-5-juin-2019.pdf\">http:\/\/haiti-observateur.ca\/wp-content\/uploads\/2019\/06\/H-O-5-juin-2019.pdf<\/a><\/p>\n","protected":false},"excerpt":{"rendered":"<p>DIPLOMATIE INTERNATIONALE ET SOCI\u00c9T\u00c9 par Dan Albertini \u2039\u2039Mon fr\u00e8re, comment allez-vous\u203a\u203a, d\u2019Heidi Fortun\u00e9. Fin4 de\u00a0: Dessalines est-il revenu d\u2019outre-tombe crier revanche par personne de Jovenel Mo\u00efse\u00a0? Entre (). Nancy Pelosi ne doit pas demander \u00e0 Mueller d\u2019avoir termin\u00e9 au pr\u00e9alable&#8230; <\/p>\n","protected":false},"author":3,"featured_media":4093,"comment_status":"closed","ping_status":"closed","sticky":false,"template":"","format":"standard","meta":{"footnotes":""},"categories":[16,25],"tags":[386,569,615,676,871,1088,1106,1120,1282,1299,1775,1836,2318,2407],"class_list":["post-4092","post","type-post","status-publish","format-standard","has-post-thumbnail","hentry","category-diplomatieinternationale","category-haiti","tag-canada","tag-corruption","tag-dan-albertini","tag-dessalines","tag-fanfaronade","tag-haiti-observateur","tag-heidi-fortune","tag-himmler-rebu","tag-jovenel","tag-justice","tag-outre-tombe","tag-pelosi","tag-trump","tag-whatsap"],"_links":{"self":[{"href":"https:\/\/haiti-observateur.news\/index.php?rest_route=\/wp\/v2\/posts\/4092","targetHints":{"allow":["GET"]}}],"collection":[{"href":"https:\/\/haiti-observateur.news\/index.php?rest_route=\/wp\/v2\/posts"}],"about":[{"href":"https:\/\/haiti-observateur.news\/index.php?rest_route=\/wp\/v2\/types\/post"}],"author":[{"embeddable":true,"href":"https:\/\/haiti-observateur.news\/index.php?rest_route=\/wp\/v2\/users\/3"}],"replies":[{"embeddable":true,"href":"https:\/\/haiti-observateur.news\/index.php?rest_route=%2Fwp%2Fv2%2Fcomments&post=4092"}],"version-history":[{"count":0,"href":"https:\/\/haiti-observateur.news\/index.php?rest_route=\/wp\/v2\/posts\/4092\/revisions"}],"wp:featuredmedia":[{"embeddable":true,"href":"https:\/\/haiti-observateur.news\/index.php?rest_route=\/"}],"wp:attachment":[{"href":"https:\/\/haiti-observateur.news\/index.php?rest_route=%2Fwp%2Fv2%2Fmedia&parent=4092"}],"wp:term":[{"taxonomy":"category","embeddable":true,"href":"https:\/\/haiti-observateur.news\/index.php?rest_route=%2Fwp%2Fv2%2Fcategories&post=4092"},{"taxonomy":"post_tag","embeddable":true,"href":"https:\/\/haiti-observateur.news\/index.php?rest_route=%2Fwp%2Fv2%2Ftags&post=4092"}],"curies":[{"name":"wp","href":"https:\/\/api.w.org\/{rel}","templated":true}]}}