{"id":4087,"date":"2019-05-29T18:10:32","date_gmt":"2019-05-29T22:10:32","guid":{"rendered":"http:\/\/haiti-observateur.ca\/?p=4087"},"modified":"2019-05-29T18:10:32","modified_gmt":"2019-05-29T22:10:32","slug":"il-y-a-urgence-jovenel-moise-ne-peut-continuer-le-reste-de-son-mandat","status":"publish","type":"post","link":"https:\/\/haiti-observateur.news\/?p=4087","title":{"rendered":"Il y a urgence ! Jovenel Mo\u00efse ne peut continuer le reste de son mandat."},"content":{"rendered":"<p style=\"text-align: left;\"><span style=\"color: #000000;\"><strong>\u00c9DITORIAL<\/strong><\/span><\/p>\n<ul style=\"text-align: left;\">\n<li><span style=\"color: #000000;\"><strong>Il y a urgence ! Jovenel Mo\u00efse ne peut continuer le reste de son mandat.<\/strong><\/span><\/li>\n<\/ul>\n<p style=\"text-align: left;\"><span style=\"color: #000000;\">Cela fait d\u00e9j\u00e0 quelque temps qu\u2019ici, \u00e0 Ha\u00efti-Observateur, nous exhortions le peuple ha\u00eftien \u00e0 faire le geste ultime pour chasser Jovenel Mo\u00efse du Palais national. Une position extr\u00e9miste, pour certains, anticonstitutionnelle pour d\u2019autres, franchement partisane pour ceux qui souhaitent maintenir le statu quo. Suite aux \u00e9v\u00e9nements de cette derni\u00e8re semaine, on se demande qui pourra tol\u00e9rer N\u00e8g Bannann nan \u00e0 la t\u00eate des destin\u00e9s du pays pour encore quelques heures. Car la situation du pays est arriv\u00e9e au point o\u00f9 elle de vient insupportable.<\/span><\/p>\n<p style=\"text-align: left;\"><span style=\"color: #000000;\">Le tweet \u00e9mis, le lundi 27 mai 2019, par le Dr R\u00e9ginald Boulos, homme d\u2019affaires jadis proche du pr\u00e9sident de la R\u00e9publique, qui s\u2019est totalement d\u00e9solidaris\u00e9 de lui, est annonciateur de l\u2019humeur du pays. C\u2019est franchement le cri d\u2019alarme. \u00abHa\u00efti n\u2019est m\u00eame plus en mode autopilote telle qu\u2019elle a \u00e9t\u00e9 les 20 derni\u00e8res ann\u00e9es, \u00e9crit-il. L\u2019avion est en chute libre avec tous les passagers \u00e0 bord. Classe premi\u00e8re et \u00e9conomique. Il y a danger. Il faut changer de pilote, et le mode de pilotage et le plan de vol. Urgent \u00bb.<\/span><\/p>\n<p style=\"text-align: left;\"><span style=\"color: #000000;\">Apr\u00e8s tout ce qu\u2019on ne cesse de r\u00e9p\u00e9ter, par rapport aux d\u00e9rives de M. Mo\u00efse ayant engendr\u00e9 des crises \u00e0 rebondissements, l\u2019ins\u00e9curit\u00e9 galopante, la d\u00e9gradation de la vie des citoyens et la d\u00e9gringolade de la gourde, aujourd\u2019hui \u00e9chang\u00e9e au taux de 95 pour un dollar, le pays est parvenu \u00e0 son seuil de tol\u00e9rance. Le bilan des derni\u00e8res cons\u00e9quences de la male gouvernance de Jovenel Mo\u00efse semble mettre quasiment tous les citoyens sur pied de guerre contre lui.<\/span><\/p>\n<p style=\"text-align: left;\"><span style=\"color: #000000;\">En effet, au cours d\u2019une m\u00eame semaine, imm\u00e9diatement apr\u00e8s l\u2019\u00e9nonc\u00e9 du discours du pr\u00e9sident, \u00e0 l\u2019occasion de la comm\u00e9moration de la cr\u00e9ation du Bilocore ha\u00eftien, le 18 mai, les citoyens se rendent compte que Mo\u00efse et son \u00e9quipe ne font rien pour ma\u00eetriser les criminels, alli\u00e9s du pouvoir, ou pour r\u00e9soudre les crises qui hantent la nation. Les kidnappings, les braquages, les assassinats, les vols et les viols se sont multipli\u00e9s, comme s\u2019ils \u00e9taient d\u00e9clench\u00e9s sur un signal donn\u00e9.<\/span><\/p>\n<p style=\"text-align: left;\"><span style=\"color: #000000;\">On apprenait que des coll\u00e9giennes \u00e9taient viol\u00e9es \u00e0 Port-au-Prince, alors qu\u2019elles laissaient l\u2019universit\u00e9 qu\u2019elles fr\u00e9quentent pour rentrer chez elles. Presque en m\u00eame temps a \u00e9t\u00e9 annonc\u00e9 le d\u00e9c\u00e8s d\u2019Alix Gaillard, professeur de construction civile de la quatri\u00e8me ann\u00e9e de g\u00e9nie civil de la Facult\u00e9 des Sciences, apr\u00e8s avoir effectu\u00e9 une transaction bancaire. Au cours de la m\u00eame semaine, deux inspecteurs de Police sont tomb\u00e9s sous les balles assassines de gens non identifi\u00e9s. Il s\u2019agit d\u2019Alix Jean Ren\u00e9 affect\u00e9 au d\u00e9partement de la Grand\u2019Anse, et de Dominique Jacques, qui \u00e9tait cantonn\u00e9 \u00e0 P\u00e9tion-Ville. Comme pour signaler que l\u2019ins\u00e9curit\u00e9 est bien \u00e0 l\u2019\u00e9chelle nationale.<\/span><\/p>\n<p style=\"text-align: left;\"><span style=\"color: #000000;\">En m\u00eame temps, s\u2019est r\u00e9v\u00e9l\u00e9 le r\u00f4le jou\u00e9 par l\u2019Arm\u00e9e vietnamienne d\u00e9nonc\u00e9e comme \u00e9tant \u00e0 l\u2019origine des armes hybrides trouv\u00e9es en possession des barons du PHTK et des gangs arm\u00e9s qui s\u00e8ment la mort et le deuil au sein des familles. On affirme, de surcroit, que l\u2019ex-pr\u00e9sident Michel Martelly serait \u00e0 l\u2019origine de l\u2019accord pass\u00e9 avec les Vietnamiens aux termes duquel des membres de cette Arm\u00e9e, en accord avec le gouvernement Mo\u00efse, viennent s\u00e9journer en Ha\u00efti, sous couvert de techniciens de la compagnie de t\u00e9l\u00e9phone Natcom, ci-devant T\u00e9l\u00e9co, d\u00e9tentrice de 61% des actions de celle-ci, aux fins d\u2019entra\u00eener des Ha\u00eftiens dans la technique de modification d\u2019armes. De telle sorte qu\u2019il devient impossible d\u2019identifier les armes utilis\u00e9es dans la commission de certains crimes.<\/span><\/p>\n<p style=\"text-align: left;\"><span style=\"color: #000000;\">Cette derni\u00e8re information est d\u2019autant plus alarmante qu\u2019a \u00e9t\u00e9 d\u00e9nonc\u00e9, la semaine pr\u00e9c\u00e9dente, le r\u00f4le jou\u00e9 par cette m\u00eame Arm\u00e9e vietnamienne, dans la fourniture de munitions aux gangs arm\u00e9s, une op\u00e9ration men\u00e9e par des personnalit\u00e9s proches du pr\u00e9sident ha\u00eftien, dont la responsabilit\u00e9 consiste \u00e0 d\u00e9douaner tranquillement les caisses de munitions destin\u00e9es aux gangs proches du gouvernement.<\/span><\/p>\n<p style=\"text-align: left;\"><span style=\"color: #000000;\">La s\u00e9rie noire, qui caract\u00e9rise cette derni\u00e8re semaine, a rivalis\u00e9 avec la rubrique des scandales, sur tout de la corruption constat\u00e9e par la Commission \u00e9thique et anticorruption du S\u00e9nat. L\u2019enqu\u00eate men\u00e9e par celle-ci sur le contrat octroy\u00e9 \u00e0 la firme allemande Dermalog a conclu \u00e0 une op\u00e9ration ill\u00e9gale orchestr\u00e9e par le gouvernement. D\u2019o\u00f9 sa recommandation que l\u2019\u00abaction judiciaire soit mise en mouvement\u00bb contre des hautes autorit\u00e9s de l\u2019\u00c9tat, notamment, le pr\u00e9sident et la premi\u00e8re dame ainsi que le directeur g\u00e9n\u00e9ral de l\u2019Office national d\u2019identification (ONI), en sus d\u2019autres membres de l\u2019administration ayant particip\u00e9 au processus d\u2019attribution du contrat \u00e0 la compagnie allemande.<\/span><\/p>\n<p style=\"text-align: left;\"><span style=\"color: #000000;\">Dans leur analyse du dossier, les s\u00e9nateurs enqu\u00eateurs ont d\u00e9couvert que Martine Mo\u00efse, la premi\u00e8re da me, avait effectivement effectu\u00e9 le voyage \u00e0 Cannes, en France, avec le directeur g\u00e9n\u00e9ral de l\u2019ONI et la d\u00e9l\u00e9gation qui avait accompagn\u00e9 ce der nier. Non seulement Mme Mo\u00efse a particip\u00e9 aux n\u00e9gociations ayant port\u00e9 sur le choix de Dermalog, elle avait pris, sans aucune qualit\u00e9 l\u00e9gale et constitutionnelle, la d\u00e9cision d\u2019octroyer ledit contrat \u00e0 cette derni\u00e8re. Sans tenir compte de l\u2019exigence l\u00e9 gale relative \u00e0 la passation du march\u00e9 public. Appuy\u00e9e par son mari, le pr\u00e9sident de la R\u00e9publique, Martine Mo\u00efse a pris la responsabilit\u00e9 de faire le choix de la compagnie allemande pour ex\u00e9cuter le projet d\u2019\u00e9mission des cartes de citoyennet\u00e9, moyennant une ristourne sous le boisseau.<\/span><\/p>\n<p style=\"text-align: left;\"><span style=\"color: #000000;\">La Commission \u00e9thique et anticorruption du S\u00e9nat ne s\u2019est pas pench\u00e9e sur d\u2019autres dossiers relatifs \u00e0 la corruption qui ont \u00e9t\u00e9 d\u00e9nonc\u00e9s \u00e9galement, au cours de cette derni\u00e8re semaine. Il s\u2019agit de l\u2019affaire des kits scolaires, un autre cr\u00e9neau que s\u2019offrent les r\u00e9sidents du Palais national pour grossir leurs comptes en banque.<\/span><\/p>\n<p style=\"text-align: left;\"><span style=\"color: #000000;\">En effet, par le biais des kits scolaires, alimentaires, sanitaires, humanitaires, de No\u00ebl et autres, la pr\u00e9sidence r\u00e9alise des millions avec la complicit\u00e9 de leurs amis dans le secteur des affaires. Selon les derni\u00e8res informations disponibles, la famille pr\u00e9sidentielle, dans le cadre de son programme humanitaire, fait d\u00e9caisser des millions de dollars de la caisse publique pour payer les kits, qui sont vendus \u00e0 plus de sept fois le prix qu\u2019ils co\u00fbtent sur le march\u00e9.<\/span><\/p>\n<p style=\"text-align: left;\"><span style=\"color: #000000;\">Autre scandale financier d\u00e9nonc\u00e9 : Jovenel Mo\u00efse, l\u2019ex-pr\u00e9sident Michel Martelly, l\u2019ancien Premier ministre Laurent Lamothe et le fils a\u00een\u00e9 de Martelly, Olivier, ont plac\u00e9 au total USD 1,21 milliard $ dans des paradis fiscaux, savoir des institutions bancaires, o\u00f9 l\u2019argent qu\u2019ils ont vol\u00e9 au peuple ha\u00eftien est \u00e0 l\u2019abri d\u2019imp\u00f4ts. Les r\u00e9v\u00e9lations faites sur ces placements ont indiqu\u00e9 que Mo\u00efse poss\u00e8de USD 257 millions $, Martelly, USD 331 $ et Lamothe, USD 450 millions $ en r\u00e9sidence \u00e0 FBS Banking, sous la rubrique VIP, c\u2019est-\u00e0-dire b\u00e9n\u00e9ficiaires d\u2019immunit\u00e9 fiscale. Tandis que le magot d\u2019Olivier est plac\u00e9 dans un autre paradis fis cal non encore identifi\u00e9 de la Cara\u00efbe. Ce qui repr\u00e9sente \u00e0 peu pr\u00e8s le quart du fonds PetroCaribe, soit USD 4,2 milliards $ vol\u00e9 et\/ou d\u00e9 tourn\u00e9 par les dirigeants, entre 2008 et 2016.<\/span><\/p>\n<p style=\"text-align: left;\"><span style=\"color: #000000;\">Dans la mesure o\u00f9 les fonds vol\u00e9s \u00e0 Ha\u00efti par les Duvalier se chiffrent r\u00e9ellement \u00e0 USD 900 millions $, il faut admettre qu\u2019il a fallu 29 ans \u00e0 la famille de Fran\u00e7ois Duvalier pour ramasser une telle fortune, qui a disparu avec Jean-Claude Duvalier et Mich\u00e8le Bennett Duvalier en 1986.<\/span><\/p>\n<p style=\"text-align: left;\"><span style=\"color: #000000;\">La toute derni\u00e8re nouvelle relative \u00e0 la situation financi\u00e8re du pays, au d\u00e9but de cette semaine, fait \u00e9tat d\u2019un nouveau recul de la monnaie nationale face au billet vert. Dans une affiche exhib\u00e9e sur WhatsApp, lundi 27 mai, on pouvait lire : \u00ab95 gourdes pour 1 dollar\u00bb. \u00c0 ce rythme, la d\u00e9cote de la gourde continuera de s\u2019acc\u00e9l\u00e9rer avec Jovenel Mo\u00efse au pouvoir. Cela vaudra autant pour tous les autres indices caract\u00e9ristiques de l\u2019incapacit\u00e9 de ce dernier \u00e0 diriger le pays. Au train o\u00f9 l\u2019on va, la gourde risque de passer \u00e0 200 gourdes pour un dollar, si N\u00e8g Bannann nan est maintenu jusqu\u2019\u00e0 la fin l\u00e9gale de son mandat.<\/span><\/p>\n<p style=\"text-align: left;\"><span style=\"color: #000000;\">Dans de telles conditions, peuple ha\u00eftien, votre jeu !<\/span><\/p>\n<hr \/>\n<p style=\"text-align: left;\"><span style=\"color: #000000;\">cet article est publi\u00e9 par l\u2019hebdomadaire Ha\u00efti-Observateur, \u00e9dition du 29 mai 2019 No.22, et se trouve en\u00a0<strong>P.10<\/strong>\u00a0\u00e0 :\u00a0<a style=\"color: #000000;\" href=\"http:\/\/haiti-observateur.ca\/wp-content\/uploads\/2019\/05\/H-O-29-mai-2019.pdf\">http:\/\/haiti-observateur.ca\/wp-content\/uploads\/2019\/05\/H-O-29-mai-2019.pdf<\/a><\/span><\/p>\n","protected":false},"excerpt":{"rendered":"<p>\u00c9DITORIAL Il y a urgence ! Jovenel Mo\u00efse ne peut continuer le reste de son mandat. Cela fait d\u00e9j\u00e0 quelque temps qu\u2019ici, \u00e0 Ha\u00efti-Observateur, nous exhortions le peuple ha\u00eftien \u00e0 faire le geste ultime pour chasser Jovenel Mo\u00efse du Palais&#8230; <\/p>\n","protected":false},"author":1,"featured_media":4067,"comment_status":"closed","ping_status":"closed","sticky":false,"template":"","format":"standard","meta":{"footnotes":""},"categories":[19,25],"tags":[123,241,729,1088,1283,1516,1665,1877],"class_list":["post-4087","post","type-post","status-publish","format-standard","has-post-thumbnail","hentry","category-editorial","category-haiti","tag-alix-jean-rene","tag-bannann","tag-dollar","tag-haiti-observateur","tag-jovenel-moise","tag-martelly","tag-natcom","tag-phtk"],"_links":{"self":[{"href":"https:\/\/haiti-observateur.news\/index.php?rest_route=\/wp\/v2\/posts\/4087","targetHints":{"allow":["GET"]}}],"collection":[{"href":"https:\/\/haiti-observateur.news\/index.php?rest_route=\/wp\/v2\/posts"}],"about":[{"href":"https:\/\/haiti-observateur.news\/index.php?rest_route=\/wp\/v2\/types\/post"}],"author":[{"embeddable":true,"href":"https:\/\/haiti-observateur.news\/index.php?rest_route=\/wp\/v2\/users\/1"}],"replies":[{"embeddable":true,"href":"https:\/\/haiti-observateur.news\/index.php?rest_route=%2Fwp%2Fv2%2Fcomments&post=4087"}],"version-history":[{"count":0,"href":"https:\/\/haiti-observateur.news\/index.php?rest_route=\/wp\/v2\/posts\/4087\/revisions"}],"wp:featuredmedia":[{"embeddable":true,"href":"https:\/\/haiti-observateur.news\/index.php?rest_route=\/"}],"wp:attachment":[{"href":"https:\/\/haiti-observateur.news\/index.php?rest_route=%2Fwp%2Fv2%2Fmedia&parent=4087"}],"wp:term":[{"taxonomy":"category","embeddable":true,"href":"https:\/\/haiti-observateur.news\/index.php?rest_route=%2Fwp%2Fv2%2Fcategories&post=4087"},{"taxonomy":"post_tag","embeddable":true,"href":"https:\/\/haiti-observateur.news\/index.php?rest_route=%2Fwp%2Fv2%2Ftags&post=4087"}],"curies":[{"name":"wp","href":"https:\/\/api.w.org\/{rel}","templated":true}]}}