{"id":4039,"date":"2019-05-22T21:10:53","date_gmt":"2019-05-23T01:10:53","guid":{"rendered":"http:\/\/haiti-observateur.ca\/?p=4039"},"modified":"2019-05-22T21:10:53","modified_gmt":"2019-05-23T01:10:53","slug":"president-de-la-republique-parlementaires-tout-le-monde-personne-nest-epargne","status":"publish","type":"post","link":"https:\/\/haiti-observateur.news\/?p=4039","title":{"rendered":"Pr\u00e9sident de la R\u00e9publique, parlementaires, tout le monde, personne n\u2019est \u00e9pargn\u00e9"},"content":{"rendered":"<p style=\"text-align: left;\"><span style=\"color: #000000;\"><strong>LE DISCOURS DE LA MAIRESSE D\u2019ARCHA\u00cfE POUR LA C\u00c9L\u00c9BRATION DE LA F\u00caTE DU DRAPEAU\u00a0<\/strong><em>par L\u00e9o Joseph<\/em><\/span><\/p>\n<ul>\n<li style=\"text-align: left;\"><span style=\"color: #000000;\"><strong><em>Pr\u00e9sident de la R\u00e9publique, parlementaires, tout le monde, personne n\u2019est \u00e9pargn\u00e9<\/em><\/strong><\/span><\/li>\n<\/ul>\n<p style=\"text-align: left;\"><span style=\"color: #000000;\">Jamais, auparavant, les plus hauts fonctionnaires de l\u2019\u00c9tat, regroup\u00e9s sous le m\u00eame toit, n\u2019avaient essuy\u00e9 une vol\u00e9e aussi humiliante que les propos \u00e0 eux adress\u00e9s directement par la mairesse d\u2019Arcaha\u00efe, berceau du Bicolore ha\u00eftien. Pr\u00e9sident de la R\u00e9publique, s\u00e9nateurs et d\u00e9put\u00e9s, autorit\u00e9s judiciaires, ministres, membres de la soci\u00e9t\u00e9 civile, etc., il y en avait pour tout le monde. Mais c\u2019est surtout le pr\u00e9sident Jovenel Mo\u00efse qui a d\u00fb se sentir individuellement concern\u00e9.<\/span><\/p>\n<p style=\"text-align: left;\"><span style=\"color: #000000;\">En, effet, apr\u00e8s les salutations d\u2019urgence adress\u00e9es au pr\u00e9sident de la R\u00e9publique et \u00e0 la premi\u00e8re dame, au Premier ministre, les parlementaires, ministres et autres autorit\u00e9s pr\u00e9sentes, les dirigeants locaux, les Archelois, en particulier, et le public en g\u00e9n\u00e9ral, Mme Sainvil-Petit-Fr\u00e8re commence ainsi son discours : \u00abNotre drapeau crie au secours ! ! ! Notre drapeau est en p\u00e9ril. Apr\u00e8s ce que nous avons v\u00e9cu durant ces derniers mois, ces derniers jours, ces derni\u00e8res heures, le Drapeau est en p\u00e9ril. Le Drapeau est en p\u00e9ril quand la nation va mal, notre Drapeau tr\u00e9passe lorsque les filles et les fils de la nation se mitraillent et se donnent en spectacle au sommet m\u00eame de l\u2019\u00c9tat, aux yeux de tout le monde !!!<\/span><\/p>\n<p style=\"text-align: left;\"><span style=\"color: #000000;\">\u00ab Notre Drapeau implore notre piti\u00e9. [Oui] Notre Drapeau implore notre piti\u00e9, quand il est souill\u00e9, foul\u00e9 aux pieds de la corruption. Ce Drapeau qui, jadis, \u00e9tait le symbole d\u2019une nation fi\u00e8re et libre, digne et honorable, laborieuse et courageuse !<\/span><\/p>\n<p style=\"text-align: left;\"><span style=\"color: #000000;\">\u00abCh\u00e8res concitoyennes, chers concitoyens, le Drapeau est plus qu\u2019un symbole. Le Drapeau c\u2019est une d\u00e9claration. Le Drapeau est plus qu\u2019une d\u00e9claration. Le Dra peau est la religion d\u2019une nation. Le Drapeau est plus qu\u2019une religion. Le Drapeau est l\u2019essence m\u00eame de la NATION.<\/span><\/p>\n<p style=\"text-align: left;\"><span style=\"color: #000000;\">\u00ab<em>Chers concitoyennes, chers concitoyens, chak fwa drapo en sekirie a monte dis\u00e8t wot\u00e8, drapo devlopman an desann byen ba. Chak fwa drapo mov\u00e8z gouv\u00e8nans lan monte dis\u00e8t wot\u00e8, nan Pal\u00e8 nasyonal ak nan Primati, dra po dezespwa, drapo r\u00e8v j\u00e8n yo chire an miy\u00e8t moso. Chak fwa drapo enjistis monte dis\u00e8t wot\u00e8, enpinite, koripsyon, kontrebann koule chanpay<\/em>\u00bb.<\/span><\/p>\n<p style=\"text-align: left;\"><span style=\"color: #000000;\"><strong>\u00c0 vous, m le Pr\u00e9sident !<\/strong><\/span><\/p>\n<p style=\"text-align: left;\"><span style=\"color: #000000;\"><img loading=\"lazy\" decoding=\"async\" class=\" wp-image-4030 alignleft\" src=\"http:\/\/haiti-observateur.ca\/wp-content\/uploads\/2019\/05\/ho22mai2019mairerosemila.jpg\" alt=\"\" width=\"207\" height=\"181\" \/>Tout cela dit, le num\u00e9ro un du cartel municipal de l\u2019Arcaha\u00efe a comme chang\u00e9 de vitesse. Tournant son regard vers le chef de l\u2019\u00c9tat, elle lui parlait, directement, en ces termes :<\/span><\/p>\n<p style=\"text-align: left;\"><span style=\"color: #000000;\">\u00abMonsieur le Pr\u00e9sident, vous \u00eates comptable de la joie et de la peine, de l\u2019espoir et du d\u00e9sespoir, de la confiance et de la m\u00e9fiance du peuple ha\u00eftien. Vous avez, envers ce vaillant peuple, une obligation de r\u00e9sultat et non de moyens; une obligation de changement, pas de promesse de changement; une obligation de v\u00e9rit\u00e9 et pas de contre-v\u00e9rit\u00e9.<\/span><\/p>\n<p style=\"text-align: left;\"><span style=\"color: #000000;\">\u00abVous avez la haute responsabilit\u00e9 de dire la v\u00e9rit\u00e9 \u00e0 la nation ha\u00eftienne. Le peuple a besoin d\u2019espoir et non des promesses ! Le peuple a le droit de vivre en s\u00e9curit\u00e9 ! Tel est le cri de tous les Ha\u00eftiens. Les Ha\u00eftiens vivent au quotidien, dans leur chair et dans leur sang, le co\u00fbt en vies humaines de cette ins\u00e9curit\u00e9 galopante qui emporte tout sur son passage. Tel est aussi le cri des Ha\u00eftiens de l\u2019ext\u00e9rieur, eux qui souhaitent revenir passer des vacances, faire des retrouvailles en famille, eux qui ne font qu\u2019esp\u00e9rer des lendemains meilleurs.<\/span><\/p>\n<p style=\"text-align: left;\"><span style=\"color: #000000;\">\u00ab<em>Tant que le souverain peuple se plaint, tant qu\u2019il craint l\u2019avenir, qui lui para\u00eet de moins en moins prometteur, de plus en plus ravageur, <strong>le Drapeau est souill\u00e9 et profan\u00e9<\/strong>. Et vous n\u2019avez rien compris du bicolore<\/em>\u00bb.<\/span><\/p>\n<p style=\"text-align: left;\"><span style=\"color: #000000;\"><strong>\u00c0 votre tour, messieurs les parlementaires !<\/strong><\/span><\/p>\n<p style=\"text-align: left;\"><span style=\"color: #000000;\">Quelle meilleure tribune que sa propre ville natale pour flageller ces dirigeants irresponsables qui se moquent souverainement de la nation ? Et quelle meilleure occasion que celle comm\u00e9morative du Drapeau o\u00f9 ils se rassemblent tous, en m\u00eame temps, pour encaisser l\u2019humiliante le\u00e7on d\u2019un leader de troisi\u00e8me, quatri\u00e8me ou m\u00eame cinqui\u00e8me cat\u00e9gorie. En tout cas, Rosemila Sainvil Petit-Fr\u00e8re ne s\u2019est pas laiss\u00e9 intimider ni inhiber par les hautes personnalit\u00e9s du r\u00e9gime T\u00e8t Kale pr\u00e9sentes. Tr\u00eave de commentaires ! Mme la Mairesse continue son discours, cette partie adress\u00e9e aux s\u00e9nateurs et d\u00e9put\u00e9s :<\/span><\/p>\n<p style=\"text-align: left;\"><span style=\"color: #000000;\">Mesdames, messieurs les parlementaires, avez-vous oubli\u00e9 vos promesses de campagne ? <strong>Moi<\/strong>, parlementaire, je voterais des lois au profit du plus grand nombre. <strong>Moi<\/strong>, parlementaire, je contr\u00f4lerais les actions du gouvernement. <strong>Moi<\/strong>, parlementaire, je ne nommerais pas des ministres au sein du gouvernement. <strong>Moi<\/strong>, parlementaire, je ne prot\u00e9gerais pas de pr\u00e9sum\u00e9s criminels. <strong>Moi<\/strong>, parlementaire, je participerais aux s\u00e9ances pour lesquelles je suis pay\u00e9e. <strong>Moi<\/strong>, parlementaire, je n\u2019organiserais pas de s\u00e9ances que pour sanctionner des ministres. Tant que vous ne servez pas la R\u00e9publique avec dignit\u00e9, avec fougue, avec diligence, avec amour, avec passion, vous n\u2019avez donc rien compris.<\/span><\/p>\n<p style=\"text-align: left;\"><span style=\"color: #000000;\"><strong>\u00ab<em>Et le Drapeau est souill\u00e9, le Drapeau est profan\u00e9.<\/em><\/strong><\/span><\/p>\n<p style=\"text-align: left;\"><span style=\"color: #000000;\"><em>Le peuple vous suit, le peuple a compris, le peuple a not\u00e9. La jeunesse vous suit, la jeunesse a compris, la jeunesse a not\u00e9. Le onzi\u00e8me d\u00e9partement vous suit, le onzi\u00e8me d\u00e9partement a compris, le onzi\u00e8me d\u00e9partement a not\u00e9<\/em>\u00bb.<\/span><\/p>\n<p style=\"text-align: left;\"><span style=\"color: #000000;\"><strong>\u00c0 tous en g\u00e9n\u00e9ral<\/strong><\/span><\/p>\n<p style=\"text-align: left;\"><span style=\"color: #000000;\">Dans son discours \u00e0 plusieurs volets, qui s\u2019adresse \u00e0 diff\u00e9rentes cat\u00e9gories politiques et sociales, Mme Sainvil-Petit-Fr\u00e8re affiche une allure plus conciliante que sentencieuse, elle est en mode de dialogue avec messieurs et mesdames tout le monde. Aussi continue-t-elle, en langue vernaculaire :<\/span><\/p>\n<p style=\"text-align: left;\"><span style=\"color: #000000;\">\u00abMesdames, messieurs ! Van divizyon an kraze enstitisyon nou yo. Van divizyon an kofre pwogr\u00e8 sosyal, ekonomik peyi a. Van divizyon an leve w\u00f2b gouv\u00e8nman an, w\u00f2b Palman an, w\u00f2b opozisyon an, w\u00f2b sekt\u00e8 prive a, ata w\u00f2b Lapr\u00e8s.<\/span><\/p>\n<p style=\"text-align: left;\"><span style=\"color: #000000;\">\u00abSe nan chita, se nan pale, se nan sakrifis pou peyi n, se lanmou pou Ayiti k ap ede n rezoud pwobl\u00e8m sosyal yo. Van divizyon bay goud la kout men nan monte 90 goud pou youn dola. Ens tabilite ak enpinite se degouden ak senkant k\u00f2b. Ensekirite ak devl\u00f2pman se chyen ak chat.<\/span><\/p>\n<p style=\"text-align: left;\"><span style=\"color: #000000;\">\u00abGran paran nou yo te konprann van divizyon bay tout kalite maladi. Li bay kans\u00e8, li bay kolera. Sa k pi mal la, li bay soudevlopman. Yo te chita. Yo te reyini nan lakou Akay\u00e8 pou met t\u00e8t an sanm pou vanse sou chimen pwogr\u00e8. K\u00f2m majistra komin nan, m deside bay gouv\u00e8nman an kle vil la pou k\u00f2manse vr\u00e8 dyal\u00f2g nasyonal la nan komin nan.<\/span><\/p>\n<p style=\"text-align: left;\"><span style=\"color: #000000;\">\u00abMounn Akay\u00e8, pa gen mounn sou lat\u00e8, k\u00e8lke swa kote l ye, ki pi atache ak vil yo pase w. Ou ta renmen l b\u00e8l. Ou ta renmen l toujou pw\u00f2p. Ou ta renmen l gen bon jan enfrankstrikti pou bon jan devlopman. E w sansib pou imaj ou. Ou se site drapo. Se pa ti jalou ou jalou pou drapo sa a. Men sa pa anpeche w mande otorite Leta santral yo : Pouki wout St ard la pa fini ? Pouki yo pa konstwi youn sant pwofesyon\u00e8l pou j\u00e8n yo, yo menm ki se pitit pitit Katrin Flon. \u00ab Pouki jis jounen jodi a pitit Akay\u00e8 ap mouri paske yo pa gen LOPITAL ? Pouki sa se konsa yo trete moniman Katrin Flon an, li menm ki te koud b\u00e8l drapo sa a ? Pouki se Akay\u00e8 ? \u00bb<\/span><\/p>\n<p style=\"text-align: left;\"><span style=\"color: #000000;\"><strong>Rosemila Sainvil-PetitFr\u00e8re en avait encore pour les voleurs et leur protecteur<\/strong><\/span><\/p>\n<p style=\"text-align: left;\"><span style=\"color: #000000;\">La mairesse d\u2019Arcaha\u00efe en avait encore pour ceux qui ont abandonn\u00e9 la Cit\u00e9 du drapeau \u00e0 son sort et laiss\u00e9 nos villes dans le d\u00e9nuement. \u00c0 ceux-l\u00e0 s\u2019adresse cette partie de son discours :<\/span><\/p>\n<p style=\"text-align: left;\"><span style=\"color: #000000;\">\u00abMessieurs, mesdames. Je vous le dis <strong>sinc\u00e8rement<\/strong>, on ne traite pas ainsi une ville historique, une ville symbolique. Tant que la ville est humili\u00e9e, maltrait\u00e9e, vous n\u2019avez rien compris de la c\u00e9l\u00e9bration du bicolore ha\u00eftien.<\/span><\/p>\n<p style=\"text-align: left;\"><span style=\"color: #000000;\">\u00ab<em>Mesdames, messieurs ! La voix du peuple [c\u2019est] la voix de Dieu ! Ce que le peuple veut, Dieu le veut. Le peuple r\u00e9clame le <strong>proc\u00e8s PetroCaribe<\/strong> ! Et il devra se tenir, le <strong>proc\u00e8s PetroCaribe<\/strong>. Et ce sera justice ! ! ! Ou la justice sera, ou elle ne sera pas. Que la justice soit faite ! Au nom du people et du progr\u00e8s et de la sainte reddition des comptes<\/em>\u00bb.<\/span><\/p>\n<p style=\"text-align: left;\"><span style=\"color: #000000;\">\u00abChers concitoyens, ch\u00e8res concitoyennes ! Le miracle ha\u00eftien est possible. Le r\u00eave ha\u00eftien est possible. Ce r\u00eave est codifi\u00e9 dans notre bicolore. Ce miracle d\u00e9coulera de notre bicolore. Notre Dra peau est le plus beau, le plus fier, le plus inspirant, le plus lib\u00e9rateur. Nos \u00e9lites politiques, \u00e9conomiques, administratives, m\u00e9diatiques, intellectuelles, artistiques doivent cesser de le pi\u00e9tiner, de cracher, de souiller, de profaner ce beau drapeau. Tant qu\u2019ils n\u2019assument pas la mission qui est la leur, ces \u00e9lites n\u2019auront rien compris de la F\u00eate du Drapeau\u00bb.<\/span><\/p>\n<p style=\"text-align: left;\"><span style=\"color: #000000;\">Mme Sainvil-Petit-Fr\u00e8re termine son discours en s\u2019adressant ainsi \u00e0 la Police nationale : \u00ab<strong><em>Je voudrais publiquement remercier la Police nationale d\u2019Ha\u00efti pour son support \u00e0 la population archeloise. Vous nous avez prot\u00e9g\u00e9s. Vous nous avez servis. Chapo, mesye. Mounn Akay\u00e8 renmen n. Quand la politique veut, la Police PEUT !<\/em><\/strong> \u00bb<\/span><\/p>\n<p style=\"text-align: left;\"><span style=\"color: #000000;\"><strong>Le discours de Jovenel Mo\u00efse distribu\u00e9 en catimini<\/strong><\/span><\/p>\n<p style=\"text-align: left;\"><span style=\"color: #000000;\">Pour la premi\u00e8re fois, dans l\u2019histoire r\u00e9cente d\u2019Ha\u00efti, le discours comm\u00e9moratif de la F\u00eate du Drapeau du chef de l\u2019\u00c9tat n\u2019a pas re\u00e7u sa couverture de presse traditionnelle. Cela contraste avec celui de la mairesse d\u2019Arcaha\u00efe, Rosemila Sainvil-Petit-Fr\u00e8re dont font \u00e9cho les radios tandis qu\u2019il fait l\u2019objet d\u2019une large distribution en vid\u00e9o sur les r\u00e9seaux sociaux.<\/span><\/p>\n<p style=\"text-align: left;\"><span style=\"color: #000000;\">En effet, d\u00e8s le lendemain de la c\u00e9l\u00e9bration de la F\u00eate du Drapeau, le discours du pr\u00e9sident peut \u00eatre lu dans tous les m\u00e9dias \u00e9crits, tant en Ha\u00efti qu\u2019en diaspora, et largement diffus\u00e9 sur les radios. Tel n\u2019a pas \u00e9t\u00e9 le cas, cette ann\u00e9e. Il semble que Jovenel Mo\u00efse et son \u00e9quipe aient d\u00e9cid\u00e9 d\u2019\u00e9viter que les d\u00e9tracteurs du pr\u00e9sident n\u2019utilisent le document \u00e0 des fins politiques. Surtout que celui de la mairesse d\u2019Arcaha\u00efe fait p\u00e2lir le sien.<\/span><\/p>\n<p style=\"text-align: left;\"><span style=\"color: #000000;\">D\u2019ailleurs, fait-on remarquer, dans les milieux politiques, \u00e0 Port-au-Prince, Jovenel Mo\u00efse n\u2019a pas grand-chose \u00e0 dire. Sinon \u00e0 l\u00e2cher, quand fut venu son tour de prendre la parole, apr\u00e8s avoir entendu le discours de Rosemila Saintil Petit-Fr\u00e8re, que celle-ci appartient \u00e0 un parti politique rival. Comme pour dire que les d\u00e9nonciations faites par la mairesse s\u2019inspirent de l\u2019opposition qu\u2019elle lui voue. Les rares personnes qui auraient pu visionner la vid\u00e9o du pr\u00e9sident Mo\u00efse faisant son discours \u00e0 l\u2019Arcaha\u00efe ont soulign\u00e9 le fait qu\u2019il s\u2019en prend \u00e0 ceux qui \u00ab ont le monopole\u00bb des privil\u00e8ges.<\/span><\/p>\n<p style=\"text-align: left;\"><span style=\"color: #000000;\">Pour ces raisons, on affirme que le Palais national aurait pass\u00e9 des instructions pour que le discours du pr\u00e9sident ne soit pas distribu\u00e9 aux organes de presse, comme \u00e0 l\u2019ordinaire. N\u2019est-ce pas le cas de dire que le discours de Jovenel Mo\u00efse est distribu\u00e9 en catimini ?<\/span><\/p>\n<hr \/>\n<p style=\"text-align: left;\"><span style=\"color: #000000;\">cet article est publi\u00e9 par l&rsquo;hebdomadaire Ha\u00efti-Observateur No. 21, \u00e9dition du 22 mai 2019 et se trouve en <strong>P. 1, 2<\/strong> \u00e0 :\u00a0<a style=\"color: #000000;\" href=\"http:\/\/haiti-observateur.ca\/wp-content\/uploads\/2019\/05\/H-O-22-mai-2019.pdf\">http:\/\/haiti-observateur.ca\/wp-content\/uploads\/2019\/05\/H-O-22-mai-2019.pdf<\/a><\/span><\/p>\n<p>&nbsp;<\/p>\n","protected":false},"excerpt":{"rendered":"<p>LE DISCOURS DE LA MAIRESSE D\u2019ARCHA\u00cfE POUR LA C\u00c9L\u00c9BRATION DE LA F\u00caTE DU DRAPEAU\u00a0par L\u00e9o Joseph Pr\u00e9sident de la R\u00e9publique, parlementaires, tout le monde, personne n\u2019est \u00e9pargn\u00e9 Jamais, auparavant, les plus hauts fonctionnaires de l\u2019\u00c9tat, regroup\u00e9s sous le m\u00eame toit,&#8230; <\/p>\n","protected":false},"author":1,"featured_media":4023,"comment_status":"closed","ping_status":"closed","sticky":false,"template":"","format":"standard","meta":{"footnotes":""},"categories":[25,30,39],"tags":[58,109,173,435,456,748,1088,1409,1851,1909,1954,2091],"class_list":["post-4039","post","type-post","status-publish","format-standard","has-post-thumbnail","hentry","category-haiti","category-leo-joseph","category-politique","tag-18-mai","tag-akaye","tag-arcahaie","tag-catimini","tag-chapo","tag-drapeau","tag-haiti-observateur","tag-leo-joseph","tag-petit-frere","tag-pnh","tag-presse","tag-rosemila-saintil"],"_links":{"self":[{"href":"https:\/\/haiti-observateur.news\/index.php?rest_route=\/wp\/v2\/posts\/4039","targetHints":{"allow":["GET"]}}],"collection":[{"href":"https:\/\/haiti-observateur.news\/index.php?rest_route=\/wp\/v2\/posts"}],"about":[{"href":"https:\/\/haiti-observateur.news\/index.php?rest_route=\/wp\/v2\/types\/post"}],"author":[{"embeddable":true,"href":"https:\/\/haiti-observateur.news\/index.php?rest_route=\/wp\/v2\/users\/1"}],"replies":[{"embeddable":true,"href":"https:\/\/haiti-observateur.news\/index.php?rest_route=%2Fwp%2Fv2%2Fcomments&post=4039"}],"version-history":[{"count":0,"href":"https:\/\/haiti-observateur.news\/index.php?rest_route=\/wp\/v2\/posts\/4039\/revisions"}],"wp:featuredmedia":[{"embeddable":true,"href":"https:\/\/haiti-observateur.news\/index.php?rest_route=\/"}],"wp:attachment":[{"href":"https:\/\/haiti-observateur.news\/index.php?rest_route=%2Fwp%2Fv2%2Fmedia&parent=4039"}],"wp:term":[{"taxonomy":"category","embeddable":true,"href":"https:\/\/haiti-observateur.news\/index.php?rest_route=%2Fwp%2Fv2%2Fcategories&post=4039"},{"taxonomy":"post_tag","embeddable":true,"href":"https:\/\/haiti-observateur.news\/index.php?rest_route=%2Fwp%2Fv2%2Ftags&post=4039"}],"curies":[{"name":"wp","href":"https:\/\/api.w.org\/{rel}","templated":true}]}}