{"id":3963,"date":"2019-05-15T07:01:44","date_gmt":"2019-05-15T11:01:44","guid":{"rendered":"http:\/\/haiti-observateur.ca\/?p=3963"},"modified":"2019-05-15T07:01:44","modified_gmt":"2019-05-15T11:01:44","slug":"dessalines-est-il-revenu-doutre-tombe-crier-revanche-par-personne-de-jovenel-moise","status":"publish","type":"post","link":"https:\/\/haiti-observateur.news\/?p=3963","title":{"rendered":"Dessalines est-il revenu d\u2019outre-tombe crier revanche par personne de Jovenel Mo\u00efse\u00a0?"},"content":{"rendered":"<p style=\"text-align: left;\"><span style=\"color: #000000;\"><strong>DIPLOMATIE INTERNATIONAL ET SOCI\u00c9T\u00c9 <\/strong><em>Par Dan Albertini<\/em><\/span><\/p>\n<ul>\n<li style=\"text-align: left;\"><span style=\"color: #000000;\"><strong>Dessalines est-il revenu d\u2019outre-tombe crier revanche par personne de Jovenel Mo\u00efse\u00a0?<\/strong><\/span><\/li>\n<li style=\"text-align: left;\"><span style=\"color: #000000;\"><strong><em>Ce n\u2019est pas un certifi\u00e9, mais une interrogation contre toute attente.<\/em><\/strong><\/span><\/li>\n<\/ul>\n<p style=\"text-align: left;\"><span style=\"color: #000000;\"><em>Entre (). Le p\u00e8re <a style=\"color: #000000;\" href=\"https:\/\/www.miamiherald.com\/news\/local\/crime\/article228030614.html\">Jean Claude Jean-Philippe<\/a> arr\u00eat\u00e9 et incarc\u00e9r\u00e9 \u00e0 Miami pour abus sexuel par entremise de drogue sur une paroissienne invit\u00e9e \u00e0 prendre du th\u00e9. Une fois de plus, de cette \u00e9cole, combien sont-ils en Ha\u00efti, cach\u00e9s sous le couvert de l\u2019omerta\u00a0? Fermons ().<\/em><\/span><span style=\"color: #000000;\"><em>\u00a0<\/em><\/span><\/p>\n<p style=\"text-align: left;\"><span style=\"color: #000000;\"><strong>Voil\u00e0 ce que j\u2019ai retenu d\u2019une lecture r\u00e9cente \u00e0 l\u2019IADB<\/strong><\/span><\/p>\n<p style=\"text-align: left;\"><span style=\"color: #000000;\">le <a style=\"color: #000000;\" href=\"http:\/\/www.jid.org\/?p=3220&amp;lang=en\">Ministre de la D\u00e9fense<\/a> \u00c9nold Joseph en l\u2019occurrence, signait le 29 janvier 2019 au l\u2019Inter American Defense Board (IADB) dans le cadre de sa premi\u00e8re r\u00e9union extraordinaire du Conseil des D\u00e9l\u00e9gu\u00e9s. Le but\u00a0: recevoir la visite du ministre titulaire ha\u00eftien. \u00c7a concernait l\u2019assurance qu\u2019offrait Ha\u00efti pour la promotion, pour le renforcement croissant de la confiance et de la s\u00e9curit\u00e9 de l\u2019h\u00e9misph\u00e8re. Il est not\u00e9 que le Corps des d\u00e9l\u00e9gu\u00e9s souligne que le pays et le 19<sup>e<\/sup> pays \u00e0 avoir d\u00e9pos\u00e9 un tel document sur la s\u00e9curit\u00e9 de l\u2019H\u00e9misph\u00e8re.<\/span><\/p>\n<p style=\"text-align: left;\"><span style=\"color: #000000;\">[<em>Fait curieux de l\u2019IADB, le <\/em><strong><em>Brigadier General S.M. Lacroix, CD, est l\u2019actuel directeur g\u00e9n\u00e9ral du secr\u00e9tariat de l\u2019organisme et se trouvait tout pr\u00e8s d\u2019Ha\u00efti, soit en mission de supervision de l\u2019ONU au Salvador en 1992, et envoy\u00e9 en 1994 en Ha\u00efti, \u00e0 titre d\u2019observateur militaire et d\u2019officier de liaison entre la RD et les forces onusiennes stationn\u00e9es en RD voisine. Il est form\u00e9 entre autres \u00e0 la National Security Program (War school) et un degr\u00e9 en d\u00e9fense nationale du Coll\u00e8ge Royal Militaire<\/em><\/strong><strong><em>]. <\/em><\/strong>Et, d\u2019autre part<em> [<\/em><strong><em>Luis Rodr\u00ecguez Bucio est le Chairman du conseil des d\u00e9l\u00e9gu\u00e9s de l\u2019IADB et Brigadier G\u00e9n\u00e9ral de l\u2019Arm\u00e9e mexicaine qui a accueilli et ensuite rapatrier les jeunes recrues ha\u00eftiens r\u00e9cemment par le vol 617 Fuerza Aera Mexicanam, Avion militaire de ce pays].<\/em><\/strong><\/span><\/p>\n<p style=\"text-align: left;\"><span style=\"color: #000000;\">La question n\u2019est pas de savoir qui ou par qui a \u00e9t\u00e9 r\u00e9alis\u00e9 un tel document d\u00e9pos\u00e9 au livre blanc de Junte interam\u00e9ricaine de D\u00e9fense, que le Minist\u00e8re de la D\u00e9fense de la R\u00e9publique d\u2019Ha\u00efti dont L\u00e9on Charles est l\u2019ambassadeur d\u00e9l\u00e9gu\u00e9 d\u00fbment accr\u00e9dit\u00e9. J\u2019ai not\u00e9 que le Salvador, le Honduras, le Nicaragua, Surinam, le Venezuela, n\u2019ont pas de d\u00e9l\u00e9gu\u00e9s accr\u00e9dit\u00e9s. Mais Ha\u00efti est absente le 10 avril 2018 \u00e0 la rencontre extraordinaire 001-2018 m\u00eame si la RD voisine fait partie des 17 pays membres pr\u00e9sents et 3 \u00e9tats observateurs dont le Portugal. Il fallait voter pour la direction de l\u2019IADC. Nous avons appris par ailleurs que ce sont des experts externes en collaboration avec la Junte et l\u2019IADB qui ont en fait r\u00e9alis\u00e9 le document pour Ha\u00efti. Ha\u00efti est donc reconnu dans la nomenclature de la d\u00e9fense interam\u00e9ricaine. Priv\u00e9, mercenaire, r\u00e9gulier, peu importe, Ha\u00efti a un plan de d\u00e9fense probablement ignor\u00e9 de G\u00e9d\u00e9on.<\/span><\/p>\n<p style=\"text-align: left;\"><span style=\"color: #000000;\">Le Minist\u00e8re de la D\u00e9fense est donc bel et bien vivant, mieux qu\u2019on aurait tendance \u00e0 le croire d\u2019apr\u00e8s le langage populaire et m\u00eame parfois initi\u00e9, qui pr\u00e9tend cette institution inexistante.<\/span><\/p>\n<p style=\"text-align: left;\"><span style=\"color: #000000;\">De ce fait, Youri Latortue travaille-t-il comme consultant soit avec le Minist\u00e8re de la D\u00e9fense pour ne pas l\u2019avoir convoqu\u00e9 au S\u00e9nat, \u00e0 titre de s\u00e9nateur, ou avec l\u2019Arm\u00e9e r\u00e9guli\u00e8re pour ne pas l\u2019avoir fait pour la m\u00eame raison tandis que G\u00e9d\u00e9on a \u00e9t\u00e9 convoqu\u00e9. <em>Le contraire ferait de Youri Latortue au S\u00e9nat, un incomp\u00e9tent et un grand bavard avide de succ\u00e8s politique personnel pour une hypoth\u00e9tique candidature en 2022<\/em>. Surtout avec un poids sur l\u2019\u00e9pine que nous appellerons ONA, plus tard.<\/span><\/p>\n<p style=\"text-align: left;\"><span style=\"color: #000000;\">Pourquoi\u00a0: les r\u00e9cents \u00e9v\u00e9nements de juillet 2018 \u00e0 aujourd\u2019hui interpellent sur la pr\u00e9sence de ce qui contre toute attente, n\u2019\u00e9tait pas celle de la PNH, d\u2019apr\u00e8s le DG G\u00e9d\u00e9on. Omerta\u00a0!<\/span><span style=\"color: #000000;\"><em>\u00a0<\/em><\/span><\/p>\n<p style=\"text-align: left;\"><span style=\"color: #000000;\">J\u2019ai de ce fait, contact\u00e9 l\u2019ancien colonel Himmler Rebu dans le cadre de son expertise militaire afin de mieux discerner les silences, car il y en aurait plus d\u2019un. La diplomatie m\u2019a ainsi ramen\u00e9 vers 1986, date \u00e0 laquelle Himmler Rebu repr\u00e9senta les FADH \u00e0 l\u2019IADB. Alors, pourquoi\u00a0? Si les armes d\u00e9nonc\u00e9es par G\u00e9d\u00e9on ne sont pas de la Police, il n\u2019est en outre, pas le porte-parole de l\u2019Arm\u00e9e (fantassins militaires) au besoin puisque du m\u00e9tier des armes. Il faut donc interroger <strong>c<\/strong> Fontane Beaubien, car <em>l\u2019arm\u00e9e<\/em> <u>aurait-elle coop\u00e9r\u00e9<\/u> sur demande du pr\u00e9sident Mo\u00efse, dans les termes de la constitution (chap. &amp; art.), sur la d\u00e9fense du territoire, l\u00e0 face \u00e0 l\u2019ignorance et \u00e0 la raison, de plus d\u2019un\u00a0? Affaire trop sensible, Himmler Rebu par un silence cod\u00e9 a parl\u00e9 pour nous qui devrons alors interpr\u00e9ter, bien plus loin que le Directeur de cabinet du pr\u00e9sident, en l\u2019occurrence Nahomme Dorvil. <em>Dossier \u00e0 suivre.<\/em><\/span><\/p>\n<hr \/>\n<p>Cet article est publi\u00e9 par l\u2019hebdomadaire Ha\u00efti-Observateur No. 19, \u00e9dition du 15 mai 2019 et se trouve en <strong>P.14<\/strong> \u00e0\u00a0: <a href=\"http:\/\/haiti-observateur.ca\/wp-content\/uploads\/2019\/05\/H-O-15-mai-2019.pdf\">http:\/\/haiti-observateur.ca\/wp-content\/uploads\/2019\/05\/H-O-15-mai-2019.pdf<\/a><\/p>\n","protected":false},"excerpt":{"rendered":"<p>DIPLOMATIE INTERNATIONAL ET SOCI\u00c9T\u00c9 Par Dan Albertini Dessalines est-il revenu d\u2019outre-tombe crier revanche par personne de Jovenel Mo\u00efse\u00a0? Ce n\u2019est pas un certifi\u00e9, mais une interrogation contre toute attente. Entre (). Le p\u00e8re Jean Claude Jean-Philippe arr\u00eat\u00e9 et incarc\u00e9r\u00e9 \u00e0&#8230; <\/p>\n","protected":false},"author":3,"featured_media":3960,"comment_status":"closed","ping_status":"closed","sticky":false,"template":"","format":"standard","meta":{"footnotes":""},"categories":[16,25],"tags":[615,676,917,1088,1380,1751,2018,2400,2430],"class_list":["post-3963","post","type-post","status-publish","format-standard","has-post-thumbnail","hentry","category-diplomatieinternationale","category-haiti","tag-dan-albertini","tag-dessalines","tag-fontane-beaubien","tag-haiti-observateur","tag-latortue","tag-ona","tag-rd","tag-war-school","tag-youri"],"_links":{"self":[{"href":"https:\/\/haiti-observateur.news\/index.php?rest_route=\/wp\/v2\/posts\/3963","targetHints":{"allow":["GET"]}}],"collection":[{"href":"https:\/\/haiti-observateur.news\/index.php?rest_route=\/wp\/v2\/posts"}],"about":[{"href":"https:\/\/haiti-observateur.news\/index.php?rest_route=\/wp\/v2\/types\/post"}],"author":[{"embeddable":true,"href":"https:\/\/haiti-observateur.news\/index.php?rest_route=\/wp\/v2\/users\/3"}],"replies":[{"embeddable":true,"href":"https:\/\/haiti-observateur.news\/index.php?rest_route=%2Fwp%2Fv2%2Fcomments&post=3963"}],"version-history":[{"count":0,"href":"https:\/\/haiti-observateur.news\/index.php?rest_route=\/wp\/v2\/posts\/3963\/revisions"}],"wp:featuredmedia":[{"embeddable":true,"href":"https:\/\/haiti-observateur.news\/index.php?rest_route=\/"}],"wp:attachment":[{"href":"https:\/\/haiti-observateur.news\/index.php?rest_route=%2Fwp%2Fv2%2Fmedia&parent=3963"}],"wp:term":[{"taxonomy":"category","embeddable":true,"href":"https:\/\/haiti-observateur.news\/index.php?rest_route=%2Fwp%2Fv2%2Fcategories&post=3963"},{"taxonomy":"post_tag","embeddable":true,"href":"https:\/\/haiti-observateur.news\/index.php?rest_route=%2Fwp%2Fv2%2Ftags&post=3963"}],"curies":[{"name":"wp","href":"https:\/\/api.w.org\/{rel}","templated":true}]}}