{"id":3959,"date":"2019-05-15T07:02:14","date_gmt":"2019-05-15T11:02:14","guid":{"rendered":"http:\/\/haiti-observateur.ca\/?p=3959"},"modified":"2019-05-15T07:02:14","modified_gmt":"2019-05-15T11:02:14","slug":"14-mai-2019-ou-freda-dantor-8-ans-361-jours-18-mai-2012","status":"publish","type":"post","link":"https:\/\/haiti-observateur.news\/?p=3959","title":{"rendered":"14 Mai 2019 ou Fr\u00e9da Dantor 8 Ans 361 Jours 18 Mai 2012"},"content":{"rendered":"<p style=\"text-align: left;\"><span style=\"color: #000000;\"><strong>SUR LA ROUTE DU CIN\u00c9MA\u00a0<\/strong><em><a style=\"color: #000000;\" href=\"mailto:dan.albertini@reseauhem.ca\">Par Dan Albertini<\/a><\/em><\/span><\/p>\n<ul>\n<li style=\"text-align: left;\"><span style=\"color: #000000;\"><strong>14 Mai 2019 ou <a style=\"color: #000000;\" href=\"http:\/\/divainternational.ch\/sur-la-route-du-cinema-par-dan-albertini-dan-albertini-reseauhem-ca-freda-dantor-4ieme-fiction-sur-la-politique-haitienne-et-le-cinema-mettant-en-vedette-freda-dans-le-role-de-frida-une-production-2-contes-production.html\">Fr\u00e9da Dantor<\/a> 8 Ans 361 Jours 18 Mai 2012<\/strong><\/span><\/li>\n<li style=\"text-align: left;\"><span style=\"color: #000000;\"><em><strong>Histoire,\u00a0drame et d\u00e9rive d\u2019une r\u00e9publique \u00e9tourdie qui fait appel au grand \u00e9cran<\/strong><\/em><\/span><\/li>\n<\/ul>\n<p style=\"text-align: left;\"><span style=\"color: #000000;\"><em>Le co\u00fbt du traumatisme est de ce qui est insolvable, on doit citer \u00e0 rebours en ses pr\u00e9sidents (4) <\/em><em>r\u00e9publiks<\/em><em> successives. <\/em><em>C\u2019est d\u2019ailleurs un pl\u00e9onasme<\/em><em>. Ce n\u2019est pas un thriller c\u2019est le drame. Le drame se joue en Freda Dantor ambisexu\u00e9e chez s\u0153ur Frida <\/em><em>h\u00e9t\u00e9ro<\/em><em>. S\u0153ur Frida est troubl\u00e9e, pasteur Blaz\u00e9 fait face au <\/em><em>loa<\/em><em> que l\u2019on \u00e9l\u00e8ve en laboratoire de musique sacr\u00e9e, sous le nom de Lemiso. Agressif, d\u00e9guis\u00e9 en femme. Un lieu et un autre lieu, la <\/em><em>r\u00e9publik<\/em><em> d\u00e9couvre ses couvre-feux en plein jour, <\/em><em>panique\u00a0<\/em><em>!<\/em><\/span><span style=\"color: #000000;\"><em>\u00a0<\/em><\/span><\/p>\n<p style=\"text-align: left;\"><span style=\"color: #000000;\"><a style=\"color: #000000;\" href=\"http:\/\/divainternational.ch\/sur-la-route-du-cinema-par-dan-albertini-dan-albertini-reseauhem-ca-freda-dantor-4ieme-fiction-sur-la-politique-haitienne-et-le-cinema-mettant-en-vedette-freda-dans-le-role-de-frida-une-production-2-contes-production.html\">Rappel<\/a>\u00a0: [<em>le film pourrait para\u00eetre comme un m\u00e9lange d\u2019\u00e9sot\u00e9risme et d\u2019horreur, mais c\u2019est en fait un drame social qui se termine par une issue plus r\u00e9confortante. Quelle \u00e9cole ! Le r\u00e9alisateur choisit d\u2019embellir les sc\u00e8nes de volupt\u00e9, mais propose la lucidit\u00e9 pour exposer la douleur et le malheur, comme le drap sal. Le personnage de Freda Dantor est authentique, avec un peu de maquillage. En outre, je suis persuad\u00e9 qu\u2019en allant chercher une actrice telle que Fabienne Colas, quand on conna\u00eet l\u2019emploi de ses charmes devant la cam\u00e9ra, le casting aurait mieux r\u00e9ussi le coup de la sensualit\u00e9<\/em>].<\/span><\/p>\n<p style=\"text-align: left;\"><span style=\"color: #000000;\">D\u2019abord <strong>Fabienne Colas<\/strong>, le choix \u00e9tait judicieux sur la route du cin\u00e9ma, elle a fait du chemin\u00a0malgr\u00e9 la nuance, c\u2019est le principe qui pr\u00e9vaut. Elle s\u2019est b\u00e2tie sur l\u2019\u00e9cran.<\/span><\/p>\n<p style=\"text-align: left;\"><span style=\"color: #000000;\">Ensuite, <strong>le traumatisme de Freda Dantor <a style=\"color: #000000;\" href=\"http:\/\/www.danalbertini.co\/?p=418\">migre \u00e0 la fronti\u00e8re<\/a> de St-Bernard-Lacolle<\/strong>.<\/span><\/p>\n<p style=\"text-align: left;\"><span style=\"color: #000000;\"><em>Le film va finir sur un transfert \u00e9tonnant. La sc\u00e8ne rentre dans une autre dimension. Politique. Le r\u00e9cit est d\u2019une autre version. Quand l\u2019\u00e9tat ha\u00eftien commen\u00e7ait [\u2026] cela a eu des effets catastrophiques sur la vie des estropi\u00e9s du s\u00e9isme et des orphelins aussi. Personne ne s\u2019occupait de leur sort. D\u2019o\u00f9 Freda Dantor devenue s\u0153ur Frida<\/em>. TPS\/<span style=\"text-decoration: line-through;\">TPS<\/span>.<\/span><\/p>\n<p style=\"text-align: left;\"><span style=\"color: #000000;\">La r\u00e9alit\u00e9 de cette fiction de 2012, \u00e9tait pour moi de pr\u00e9venir un drame potentiel qui d\u00e9boucherait sous n\u2019importe quelle forme. Le traumatisme est aussi sujet \u00e0 toute la par\u00e8dre des dieux de l\u2019\u00eele en s\u0153ur Frida, car il y a les <em>pany\u00f2l<\/em> aussi si l\u2019herm\u00e9neutique est prise en compte. Il eut mieux valu une nouvelle forme d\u2019\u00e9pectase pour s\u0153ur Frida [<em>elle d\u00e9sirait ardemment d\u2019\u00eatre prise dans les bras d\u2019un solide mal comme ceux des c\u00e9r\u00e9monies<\/em>]. Reprenons [<em>combien de fois le mont de v\u00e9nus s\u2019est dilat\u00e9, pour la laisser avec ses fantasmes. Elle a fini par sombrer dans une folie l\u00e9g\u00e8re quand elle a compris qu\u2019aucun homme ne voudrait d\u2019elle avec une jambe amput\u00e9e et une douleur fant\u00f4me confondue avec une mal\u00e9diction invisible<\/em>]. L\u2019OMS a tout simplement \u00e9chou\u00e9 sur le terrain, en Ha\u00efti.<\/span><\/p>\n<p style=\"text-align: left;\"><span style=\"color: #000000;\">L\u2019\u00c9tat est encore traumatis\u00e9, les gouvernements malades, les pr\u00e9sidents d\u00e9lirants. Les d\u00e9lires de la <em>r\u00e9publik<\/em> s\u2019expriment ouvertement sur les ondes de choc o\u00f9 chaque animateur est\u00a0journaliste justicier police politicien candidat \u00e9conomiste\u2026, <em>etc. <\/em>Entre temps [<em>Freda est une fois de plus victime dans son pays, mais de son propre pays. Les animateurs culturels ne la voient pas lors de leurs tourn\u00e9es de motivation financ\u00e9es par des organismes internationaux. C\u2019est sur cette note que prend fin le film, l\u2019image anim\u00e9e de Freda qui s\u2019\u00e9loigne avec une proth\u00e8se financ\u00e9e par les missionnaires \u00e9trangers<\/em>].<\/span><\/p>\n<p style=\"text-align: left;\"><span style=\"color: #000000;\">14 mai 2019 ou <a style=\"color: #000000;\" href=\"http:\/\/divainternational.ch\/sur-la-route-du-cinema-par-dan-albertini-dan-albertini-reseauhem-ca-freda-dantor-4ieme-fiction-sur-la-politique-haitienne-et-le-cinema-mettant-en-vedette-freda-dans-le-role-de-frida-une-production-2-contes-production.html\">Fr\u00e9da Dantor<\/a> 8 ans 361 jours 18 mai 2012 est un dernier appel avant les dix ans qui ne tarderont plus dans la r\u00e9alit\u00e9 du 12 janvier 2010. 2020 est \u00e0 nos portes, la course au vrai traumatisme du d\u00e9sespoir prend la forme d\u2019un <em>tij\u00e9<\/em> martyr.<\/span><\/p>\n<p style=\"text-align: left;\"><span style=\"color: #000000;\"><em>Merci d\u2019y croire\u00a0!<\/em><\/span><\/p>\n<hr \/>\n<p>Cet article est publi\u00e9 par l\u2019hebdomadaire Ha\u00efti-Observateur No. 19, \u00e9dition du 15 mai 2019 et se trouve en <strong>P.8<\/strong> \u00e0\u00a0: <a href=\"http:\/\/haiti-observateur.ca\/wp-content\/uploads\/2019\/05\/H-O-15-mai-2019.pdf\">http:\/\/haiti-observateur.ca\/wp-content\/uploads\/2019\/05\/H-O-15-mai-2019.pdf<\/a><\/p>\n","protected":false},"excerpt":{"rendered":"<p>SUR LA ROUTE DU CIN\u00c9MA\u00a0Par Dan Albertini 14 Mai 2019 ou Fr\u00e9da Dantor 8 Ans 361 Jours 18 Mai 2012 Histoire,\u00a0drame et d\u00e9rive d\u2019une r\u00e9publique \u00e9tourdie qui fait appel au grand \u00e9cran Le co\u00fbt du traumatisme est de ce qui&#8230; <\/p>\n","protected":false},"author":3,"featured_media":3961,"comment_status":"closed","ping_status":"closed","sticky":false,"template":"","format":"standard","meta":{"footnotes":""},"categories":[10,25],"tags":[615,946,952,957,1088,1803,2306],"class_list":["post-3959","post","type-post","status-publish","format-standard","has-post-thumbnail","hentry","category-cinema-2","category-haiti","tag-dan-albertini","tag-freda-dantor","tag-frida","tag-frontiere","tag-haiti-observateur","tag-pasteur-blaze","tag-traumatisme"],"_links":{"self":[{"href":"https:\/\/haiti-observateur.news\/index.php?rest_route=\/wp\/v2\/posts\/3959","targetHints":{"allow":["GET"]}}],"collection":[{"href":"https:\/\/haiti-observateur.news\/index.php?rest_route=\/wp\/v2\/posts"}],"about":[{"href":"https:\/\/haiti-observateur.news\/index.php?rest_route=\/wp\/v2\/types\/post"}],"author":[{"embeddable":true,"href":"https:\/\/haiti-observateur.news\/index.php?rest_route=\/wp\/v2\/users\/3"}],"replies":[{"embeddable":true,"href":"https:\/\/haiti-observateur.news\/index.php?rest_route=%2Fwp%2Fv2%2Fcomments&post=3959"}],"version-history":[{"count":0,"href":"https:\/\/haiti-observateur.news\/index.php?rest_route=\/wp\/v2\/posts\/3959\/revisions"}],"wp:featuredmedia":[{"embeddable":true,"href":"https:\/\/haiti-observateur.news\/index.php?rest_route=\/"}],"wp:attachment":[{"href":"https:\/\/haiti-observateur.news\/index.php?rest_route=%2Fwp%2Fv2%2Fmedia&parent=3959"}],"wp:term":[{"taxonomy":"category","embeddable":true,"href":"https:\/\/haiti-observateur.news\/index.php?rest_route=%2Fwp%2Fv2%2Fcategories&post=3959"},{"taxonomy":"post_tag","embeddable":true,"href":"https:\/\/haiti-observateur.news\/index.php?rest_route=%2Fwp%2Fv2%2Ftags&post=3959"}],"curies":[{"name":"wp","href":"https:\/\/api.w.org\/{rel}","templated":true}]}}