{"id":3874,"date":"2019-05-01T07:28:38","date_gmt":"2019-05-01T11:28:38","guid":{"rendered":"http:\/\/haiti-observateur.ca\/?p=3874"},"modified":"2019-05-01T07:28:38","modified_gmt":"2019-05-01T11:28:38","slug":"adieu-a-limmortel-mr-de-sainte-colombe-qui-a-su-reveiller-les-morts","status":"publish","type":"post","link":"https:\/\/haiti-observateur.news\/?p=3874","title":{"rendered":"Adieu \u00e0 l\u2019immortel Mr de Sainte-Colombe qui a su r\u00e9veiller les morts"},"content":{"rendered":"<p><strong>SUR LA ROUTE DU CIN\u00c9MA <\/strong><em>par Dan Albertini <\/em><\/p>\n<ul>\n<li><strong>Au Revoir \u00e0 Un Immortel<\/strong><\/li>\n<\/ul>\n<p><em>Adieu \u00e0 l\u2019immortel Mr de Sainte-Colombe qui a su r\u00e9veiller les morts par le son de sa viole. <\/em><strong>\u00a0<\/strong><\/p>\n<p style=\"text-align: left;\"><span style=\"color: #000000;\">Que de fois, j\u2019ai laiss\u00e9 planer le spectre du rejet des autres par Haollywood. Nous \u00e9voluons vers notre esth\u00e9tique stricte. Il faut cependant savoir permettre \u00e0 l\u2019autre d\u2019enterrer ses morts. C\u2019est la convention, elle est immortelle aussi. D\u2019ailleurs \u2039\u2039 <em>chaque pays a son histoire d\u2019Ha\u00efti <\/em>\u203a\u203a, c\u2019est ce que voyait l\u2019enfant \u00e0 moiti\u00e9 endormi \u00e9tudiant \u00e0 la lueur d\u2019une lampe \u00e0 m\u00e8che dont la flamme vacillante offrait d\u2019autres rimes, d\u2019autres r\u00eaves, \u00e0 Port-au-Prince. Quel beau r\u00eave\u00a0! <em>Comprenez, la nuit le r\u00eave est l\u00e0 o\u00f9 on change de personnage pendant le tournage, on change de visage sur la t\u00eate du personnage, quelle merveille, m\u00eame \u00e9ph\u00e9m\u00e8re c\u2019est un droit.<\/em> Le p\u00e8re belge n\u2019aimait pas ce r\u00e9cit quand \u00e9talait <em>cette nuit en plein jour,<\/em> la le\u00e7on r\u00e9vis\u00e9e \u00e0 coups de fouet derri\u00e8res les jambes, quand dehors dans le voisinage imm\u00e9diat nous savions que le <em>berger allemand<\/em> rodait dans les couloirs de la p\u00e9nitence pour mauvais apprentissage. Ce sont eux qui ne respectaient pas la convention, l\u2019exorcisme n\u2019a pas march\u00e9, on nous a d\u00e9port\u00e9s, mais nous, nous envahirons, <em>c\u2019est l\u2019esth\u00e9tique Haollywood.<\/em> Je sais saluer aussi la grandeur de l\u2019autre et cela ne <em>nous<\/em> diminue pas, je reste vertical. Au revoir \u00e0 un immortel\u00a0!<\/span><span style=\"color: #000000;\">\u00a0<\/span><\/p>\n<p style=\"text-align: left;\"><span style=\"color: #000000;\">Vous avez probablement vu le film Tous les matins du monde. Un chef-d\u2019\u0153uvre \u00e0 mon avis. Par le fait de la musique de ses instruments, de son expression, mais surtout de sa culture. Monsieur de Sainte-Colombe est mort par la personne de Jean-Pierre Marielle. \u00c7a n\u2019est pas l\u2019inverse. Vrai acteur de cin\u00e9ma il a su <em>dire sur grand \u00e9cran,<\/em> imposant le rythme du silence \u00e0 l\u2019\u00e9l\u00e8ve Marin Marais devenu le ma\u00eetre. <em>Marielle a pourtant jou\u00e9 \u00e0 hauteur de son standard<\/em>.<\/span><span style=\"color: #000000;\">\u00a0<\/span><\/p>\n<p style=\"text-align: left;\"><span style=\"color: #000000;\">De Sainte-Colombe<\/span><\/p>\n<p style=\"text-align: left;\"><span style=\"color: #000000;\">Jean-Pierre Marielle l\u2019a interpr\u00e9t\u00e9, mais avec oh combien de talents, de majest\u00e9, il a incarn\u00e9 le personnage dans un r\u00f4le qui lui sied. <em>J\u2019en ai parl\u00e9 vers la fin 2011, je crois<\/em>. Un \u00e9v\u00e9nement. Quand sa fille est morte aggravant le souvenir de sa jeune femme d\u00e9c\u00e9d\u00e9e par la maladie, <em>l\u00e0<\/em>, Jean-Pierre Marielle livre un monsieur de Sainte-Colombe qui \u00e9branle l\u2019ordre des cimeti\u00e8res, ce qui d\u00e9passe la cour du roi. C&rsquo;est-\u00e0-dire il fait remuer les pierres tombales sans effraction ni profanation. <em>De sa viole il a su r\u00e9veiller les morts, ils sont r\u00e9put\u00e9s sans \u00e2me<\/em>. Ce que l\u2019\u0153il n\u2019a point vu, pour qu\u2019ils \u00e9coutent tandis que la vie qui vibre dans la viole est immat\u00e9rielle, l\u2019ou\u00efe l\u2019a v\u00e9cu. L\u2019histoire rapporte qu\u2019il est la septi\u00e8me corde de la viole, cela vient de lui ainsi que <em>le beau port de main<\/em> que l\u2019on conna\u00eet aux violistes, voyez-vous, le temps et demi de silence avant l\u2019ex\u00e9cution (de la perfection). <em>Hommage \u00e0 Jean-Pierre Marielle<\/em>.<\/span><\/p>\n<p style=\"text-align: left;\"><span style=\"color: #000000;\">Le tombeau des regrets<\/span><\/p>\n<p style=\"text-align: left;\"><span style=\"color: #000000;\">C\u2019est ma sc\u00e8ne pr\u00e9f\u00e9r\u00e9e. Ce n\u2019est pas une expression c\u2019est une mer de souvenirs insaisissables par le fait de remords qui vous guettent parce que vous n\u2019avez pas\u2026\u00a0! Par exemple, la mort de Marie de Sainte-Colombe sa femme qui lui imposa un deuil ravageur au point de revoir son fant\u00f4me. Au son de la viole en douce voltige. Quel beau r\u00eave l\u2019\u0153il ouvert tandis qu\u2019il le ferme pour \u00e9chapper \u00e0 cette douleur. Paradoxe. De Sainte-Colombe pleure une fois de plus, mais de ne pas voir mourir sa fille dans son suicide. S\u2019il n\u2019aima pas la cour du roi au point de pr\u00e9f\u00e9rer se traiter de sauvage pour ne pas courber \u00e0 la demande du monarque renforc\u00e9e par l\u2019abb\u00e9, il finit par se voir oblig\u00e9. Se rendre r\u00e9duire la peine de Marin Marais en internement musical \u00e0 la cour. <em>Quelle belle peine, quand je pleure de mon \u00e2me je regarde tous les matins du monde<\/em>\u00a0!<\/span><span style=\"color: #000000;\">\u00a0<\/span><\/p>\n<p style=\"text-align: left;\"><span style=\"color: #000000;\">La cam\u00e9ra est fameuse ici chez Alain Corneau r\u00e9alisateur, double hommage \u00e0 Jean-Pierre Marielle en partage avec lui. Allez voir JPM dans tous ses films puis dans de Sainte-Colombe.<\/span><\/p>\n<p style=\"text-align: left;\"><span style=\"color: #000000;\"><em>Merci d\u2019y croire\u00a0!<\/em><\/span><\/p>\n<hr \/>\n<p style=\"text-align: left;\">cet article est publi\u00e9 par l&rsquo;hebdomadaire Ha\u00efti-Observateur \u00e9dition du 01 mai 2019 et se trouve en<strong> P.8<\/strong>\u00a0\u00e0 :\u00a0<a href=\"http:\/\/haiti-observateur.ca\/wp-content\/uploads\/2019\/05\/H-O-1-May-2019.pdf\">http:\/\/haiti-observateur.ca\/wp-content\/uploads\/2019\/05\/H-O-1-May-2019.pdf<\/a><\/p>\n","protected":false},"excerpt":{"rendered":"<p>SUR LA ROUTE DU CIN\u00c9MA par Dan Albertini Au Revoir \u00e0 Un Immortel Adieu \u00e0 l\u2019immortel Mr de Sainte-Colombe qui a su r\u00e9veiller les morts par le son de sa viole. \u00a0 Que de fois, j\u2019ai laiss\u00e9 planer le spectre&#8230; <\/p>\n","protected":false},"author":3,"featured_media":3879,"comment_status":"closed","ping_status":"closed","sticky":false,"template":"","format":"standard","meta":{"footnotes":""},"categories":[5,10],"tags":[615,631,742,754,1096,1176,1244,1526,2283,2293],"class_list":["post-3874","post","type-post","status-publish","format-standard","has-post-thumbnail","hentry","category-arts","category-cinema-2","tag-dan-albertini","tag-de-sainte-colombe","tag-douce-voltige","tag-du-monde","tag-haollywood","tag-immaterielle","tag-jean-pierre-marielle","tag-matins","tag-tombeau-des-regrets","tag-tous-les"],"_links":{"self":[{"href":"https:\/\/haiti-observateur.news\/index.php?rest_route=\/wp\/v2\/posts\/3874","targetHints":{"allow":["GET"]}}],"collection":[{"href":"https:\/\/haiti-observateur.news\/index.php?rest_route=\/wp\/v2\/posts"}],"about":[{"href":"https:\/\/haiti-observateur.news\/index.php?rest_route=\/wp\/v2\/types\/post"}],"author":[{"embeddable":true,"href":"https:\/\/haiti-observateur.news\/index.php?rest_route=\/wp\/v2\/users\/3"}],"replies":[{"embeddable":true,"href":"https:\/\/haiti-observateur.news\/index.php?rest_route=%2Fwp%2Fv2%2Fcomments&post=3874"}],"version-history":[{"count":0,"href":"https:\/\/haiti-observateur.news\/index.php?rest_route=\/wp\/v2\/posts\/3874\/revisions"}],"wp:featuredmedia":[{"embeddable":true,"href":"https:\/\/haiti-observateur.news\/index.php?rest_route=\/"}],"wp:attachment":[{"href":"https:\/\/haiti-observateur.news\/index.php?rest_route=%2Fwp%2Fv2%2Fmedia&parent=3874"}],"wp:term":[{"taxonomy":"category","embeddable":true,"href":"https:\/\/haiti-observateur.news\/index.php?rest_route=%2Fwp%2Fv2%2Fcategories&post=3874"},{"taxonomy":"post_tag","embeddable":true,"href":"https:\/\/haiti-observateur.news\/index.php?rest_route=%2Fwp%2Fv2%2Ftags&post=3874"}],"curies":[{"name":"wp","href":"https:\/\/api.w.org\/{rel}","templated":true}]}}