{"id":3808,"date":"2019-04-17T06:46:32","date_gmt":"2019-04-17T10:46:32","guid":{"rendered":"http:\/\/haiti-observateur.ca\/?p=3808"},"modified":"2019-04-17T06:46:32","modified_gmt":"2019-04-17T10:46:32","slug":"notre-dame-de-paris-brule-ou-le-spectacle-pyrotechnique-de-lerreur-francaise","status":"publish","type":"post","link":"https:\/\/haiti-observateur.news\/?p=3808","title":{"rendered":"Notre-Dame de Paris Br\u00fble ou le spectacle Pyrotechnique de l\u2019Erreur Fran\u00e7aise"},"content":{"rendered":"<p style=\"text-align: left;\"><span style=\"color: #000000;\"><strong>DIPLOMATIE INTERNATIONALE &amp; SOCI\u00c9T\u00c9<\/strong> <em><a style=\"color: #000000;\" href=\"mailto:dan.albertini@reseauhem.ca\">par Dan Albertini<\/a> <\/em><\/span><\/p>\n<ul>\n<li style=\"text-align: left;\"><strong><span style=\"color: #000000;\">Notre-Dame de Paris Br\u00fble ou le spectacle Pyrotechnique de l\u2019Erreur Fran\u00e7aise<\/span><\/strong><\/li>\n<\/ul>\n<p style=\"text-align: left;\"><span style=\"color: #000000;\"><em>Entre () L\u2019abb\u00e9 du deal s\u2019est soulag\u00e9 la conscience en exprimant ses regrets pour une b\u00e2tisse en flamme quand il veut mettre le feu dans tout Caracas par pure idiotie. Il reconna\u00eet par l\u00e0 en r\u00e9alit\u00e9, sa nature d\u2019abb\u00e9 d\u00e9pendant du cur\u00e9. Mais Rome a peu pour la St-P. Fermons ().<\/em><\/span><span style=\"color: #000000;\"><em>\u00a0<\/em><\/span><\/p>\n<p style=\"text-align: left;\"><span style=\"color: #000000;\">Paris <em>illumin\u00e9e <\/em>par les flammes orange qui laissent des trous noirs des mat\u00e9riaux solides est plus belle qu\u2019Eiffel inond\u00e9e d\u2019un puits de lumi\u00e8res artificielles pour d\u00e9penser les sous que n\u2019a pas le gilet jaune. C\u2019est que chanterait Aznavour\u00a0: Paris-en-flamme Paris cardinale Paris <em>polit-buro.<\/em> Paris-O-Notre-Dame. Restons-l\u00e0 avec Victor Hugo pour constater la face sombre de Notre-Dame <em>pleine de p\u00e9ch\u00e9s qui n\u2019h\u00e9berge plus le sans-papier, mais Flebus r\u00e9arm\u00e9 \u00e0 Rome. Des pr\u00eatres p\u00e9dophiles <\/em>en corpus cach\u00e9<em>.<\/em> La foi a parl\u00e9 <em>les flammes ont pass\u00e9 au crible<\/em>&#8230;<\/span><\/p>\n<p style=\"text-align: left;\"><span style=\"color: #000000;\">Qu\u2019on ne vienne pas me faire la morale ni me reprocher de manque r\u00e9v\u00e9rence, les flammes ont parl\u00e9\u00a0: r\u00e9paration pour les victimes de Preynat et pour les autres \u00e0 travers le monde. Macabre\u00a0n\u2019est-ce pas, vous me jugez indigne, il est \u00e9crit que <em>le Seigneur consumera le p\u00e9ch\u00e9 par les flammes \u00e9ternelles<\/em>. Voyez-vous je ne dis pas\u00a0<em>ici sur terre c\u2019est un avant-gout, je ne m\u2019y connais pas en eschatologie. La critique me poursuivrait pour l\u2019acteur p\u00e9dophile cach\u00e9 par Rome<\/em>. Rome grand adepte en\u00a0: le nombre de Dieu. Lequel <em>nombre<\/em> dans les constructions de basiliques depuis les temps d\u2019Ali\u00e9nor d\u2019Aquitaine, d\u00e9passe l\u2019axe calcul\u00e9 du soleil p\u00e9n\u00e9trant la nef pour atteindre l\u2019arabesque \u00e9toil\u00e9e sur le pav\u00e9 mosa\u00efque faisant croire ainsi \u00e0 la pr\u00e9sence de Dieu \u00e0 dix heures en bas de la coupole cadr\u00e9e de parpaings le soutenant.<\/span><em style=\"color: #000000;\">\u00a0<\/em><\/p>\n<p style=\"text-align: left;\"><span style=\"color: #000000;\">Droit de la<em> Pentec\u00f4te avanc\u00e9e,<\/em> les flammes de la col\u00e8re du dioc\u00e8se, de l\u2019archidioc\u00e8se de Lyon, le droit bafou\u00e9 des victimes de Preynat-Barbarin ont cr\u00e9\u00e9 artistiquement une croix de feu qui sombra cette fois-ci avant d\u2019y crucifier Christ symboliquement, vendredi prochain, en faisant payer des indulgences quand pape Fran\u00e7ois a refus\u00e9 la d\u00e9mission de Barbarin, lui accordant le b\u00e9n\u00e9fice du doute, l\u2019ostie sans la confesse, sous pr\u00e9texte de pr\u00e9somption d\u2019innocence. <em>Ainsi parla la flamme.<\/em><\/span><\/p>\n<p style=\"text-align: left;\"><span style=\"color: #000000;\">Ce ne sont pas en effet les effets des mat\u00e9riaux qui servent \u00e0 construire une cath\u00e9drale qui vont mettre le feu\u00a0! Aux poudres\u00a0: il n\u2019y en a pas. \u00c0 Paris\u00a0: <em>soyons saints comme<\/em>.<\/span><span style=\"color: #000000;\"><em>\u00a0<\/em><\/span><\/p>\n<p style=\"text-align: left;\"><span style=\"color: #000000;\">Si ce n\u2019est de la pyrotechnique des versets sataniques de l\u2019\u00e9cole protectrice de Barbarin, c\u2019est alors l\u2019incomp\u00e9tence des contremaitres fran\u00e7ais op\u00e9rant sur le chantier de la reconstruction dans la noirceur des p\u00e9ch\u00e9s de pr\u00eatres p\u00e9dophiles de l\u2019\u00c9tat puisque <em>manu<\/em> veut reconstruire l\u00e0, quand il a d\u00e9construit la vie des gilets jaunes par ses th\u00e9ories absurdes de. <em>Voyons ailleurs.<\/em><\/span><span style=\"color: #000000;\">\u00a0<\/span><\/p>\n<p style=\"text-align: left;\"><span style=\"color: #000000;\">Jules Campion grand <em>exorciste-proph\u00e8te<\/em> inversement proportionnel, n\u2019a-t-il rien vu venir de Notre-Dame tandis qu\u2019il l\u2019a dit-il pour Ha\u00efti, vu la mal\u00e9diction inscrite, de nos fautes de 1804-lib\u00e9rateur, sans parit\u00e9 pour les poussi\u00e8res de Barbarin-de-Lyon condamn\u00e9 avec sursis pour avoir tol\u00e9r\u00e9 le dans, pour soutenir son \u00e9locution \u00e0 Brooklyn, car ce n\u2019est pas la mienne, ce que font les chiens m\u00e2les ensembles, en Ha\u00efti comme signe de mal\u00e9diction. Quand il a fait silence pour ce que le p\u00e8re Preynat dans le contexte des accusations port\u00e9es contre lui, faisait non pas avec en termes de consentement, mais \u00e0 de jeunes gar\u00e7ons mineurs sur qui il exer\u00e7ait l\u2019autorit\u00e9 morale. Donc, une responsabilit\u00e9 eccl\u00e9siastique selon le droit canon, solidarit\u00e9 jusqu\u2019\u00e0 Rev. Campion m\u00eame si le p\u00e8re Gustave Miracle de Sainte-Angela Parish, Boston, me sermonnait de ne pas le dire pour le bien des bonnes choses de l\u2019\u00e9glise. Mais Jules Campion qui m\u2019a maudit en pleine assembl\u00e9e, 2013 pr\u00e8s de Stamford CT parce que je ne croyais en son <em>bazar<\/em> de soumission d\u2019homme poss\u00e9d\u00e9, il n\u2019aurait pas vu h\u00e9las dans sa science les flammes de N-D\u00a0?<\/span><span style=\"color: #000000;\">\u00a0<\/span><\/p>\n<p style=\"text-align: left;\"><span style=\"color: #000000;\">Non, plus de <em>bijoutiers<\/em> de la finesse quand on a nourri <em>l\u2019abb\u00e9-de-fait<\/em>, en l\u2019occurrence Salman Rushdie, dans sa noce blanche contre l\u2019islam, titr\u00e9e\u00a0: \u2039\u2039<em>les versets sataniques<\/em>\u203a\u203a. Loin de vouloir me cacher d\u2019\u00eatre islamiste, je n\u2019en serais jamais, car j\u2019aime trop ma libert\u00e9, je suis <em>chr\u00e9tien\u2026 . Campion devrait accepter qu\u2019Imobiliare ni la racaille p\u00e9dophile h\u00e9berg\u00e9e par les ma\u00eetres de l\u2019autel du Vatican n\u2019ont pas op\u00e9r\u00e9 pour reconstruire la cath\u00e9drale St-Port-au-Prince quand dans un \u00c9tat r\u00e9put\u00e9 la\u00efc, en France, mano Macron s\u2019empresse de recourir \u00e0 un fonds d\u2019un milliard tandis que\u00a0: rien pour les victimes de Preynat ni pour le gilet jaune. Basse politique.<\/em><\/span><\/p>\n<hr \/>\n<p style=\"text-align: left;\">cet article est publi\u00e9 par l&rsquo;hebdomadaire Ha\u00efti-Observateur \u00e9dition du 17 avril 2019 etse touve en <strong>P.14<\/strong>\u00a0\u00e0 :\u00a0<a href=\"http:\/\/haiti-observateur.ca\/wp-content\/uploads\/2019\/04\/H-O-17-april-2019.pdf\">http:\/\/haiti-observateur.ca\/wp-content\/uploads\/2019\/04\/H-O-17-april-2019.pdf<\/a><\/p>\n","protected":false},"excerpt":{"rendered":"<p>DIPLOMATIE INTERNATIONALE &amp; SOCI\u00c9T\u00c9 par Dan Albertini Notre-Dame de Paris Br\u00fble ou le spectacle Pyrotechnique de l\u2019Erreur Fran\u00e7aise Entre () L\u2019abb\u00e9 du deal s\u2019est soulag\u00e9 la conscience en exprimant ses regrets pour une b\u00e2tisse en flamme quand il veut mettre&#8230; <\/p>\n","protected":false},"author":3,"featured_media":3820,"comment_status":"closed","ping_status":"closed","sticky":false,"template":"","format":"standard","meta":{"footnotes":""},"categories":[16,21,25],"tags":[170,247,384,615,907,909,1066,1088,1492,1495,1709,1793,1830,1958,2084,2356,2370],"class_list":["post-3808","post","type-post","status-publish","format-standard","has-post-thumbnail","hentry","category-diplomatieinternationale","category-europe","category-haiti","tag-arabesque","tag-barbarin","tag-campion","tag-dan-albertini","tag-flamme","tag-flebus","tag-gustave-miracle","tag-haiti-observateur","tag-mano","tag-manu-macron","tag-notre-dame","tag-paris","tag-pedophile","tag-preynat","tag-rome","tag-vatica","tag-victor-hugo"],"_links":{"self":[{"href":"https:\/\/haiti-observateur.news\/index.php?rest_route=\/wp\/v2\/posts\/3808","targetHints":{"allow":["GET"]}}],"collection":[{"href":"https:\/\/haiti-observateur.news\/index.php?rest_route=\/wp\/v2\/posts"}],"about":[{"href":"https:\/\/haiti-observateur.news\/index.php?rest_route=\/wp\/v2\/types\/post"}],"author":[{"embeddable":true,"href":"https:\/\/haiti-observateur.news\/index.php?rest_route=\/wp\/v2\/users\/3"}],"replies":[{"embeddable":true,"href":"https:\/\/haiti-observateur.news\/index.php?rest_route=%2Fwp%2Fv2%2Fcomments&post=3808"}],"version-history":[{"count":0,"href":"https:\/\/haiti-observateur.news\/index.php?rest_route=\/wp\/v2\/posts\/3808\/revisions"}],"wp:featuredmedia":[{"embeddable":true,"href":"https:\/\/haiti-observateur.news\/index.php?rest_route=\/"}],"wp:attachment":[{"href":"https:\/\/haiti-observateur.news\/index.php?rest_route=%2Fwp%2Fv2%2Fmedia&parent=3808"}],"wp:term":[{"taxonomy":"category","embeddable":true,"href":"https:\/\/haiti-observateur.news\/index.php?rest_route=%2Fwp%2Fv2%2Fcategories&post=3808"},{"taxonomy":"post_tag","embeddable":true,"href":"https:\/\/haiti-observateur.news\/index.php?rest_route=%2Fwp%2Fv2%2Ftags&post=3808"}],"curies":[{"name":"wp","href":"https:\/\/api.w.org\/{rel}","templated":true}]}}