{"id":3803,"date":"2019-04-10T07:12:00","date_gmt":"2019-04-10T11:12:00","guid":{"rendered":"http:\/\/haiti-observateur.ca\/?p=3803"},"modified":"2019-04-10T07:12:00","modified_gmt":"2019-04-10T11:12:00","slug":"prise-de-position-des-eveques-dhaiti-sur-les-naufrages-de-turks-and-caicos","status":"publish","type":"post","link":"https:\/\/haiti-observateur.news\/?p=3803","title":{"rendered":"Prise de position des \u00e9v\u00eaques d\u2019Ha\u00efti sur les naufrag\u00e9s de Turks and Caicos"},"content":{"rendered":"<p style=\"text-align: left;\"><span style=\"color: #000000;\"><strong>TANDIS QUE LA PR\u00c9SIDENCE SOMBRE DANS LE SILENCE<\/strong><\/span><\/p>\n<ul style=\"text-align: left;\">\n<li><span style=\"color: #000000;\"><strong>Prise de position des \u00e9v\u00eaques d\u2019Ha\u00efti sur les naufrag\u00e9s de Turks and Caicos<\/strong><\/span><\/li>\n<\/ul>\n<p style=\"text-align: left;\"><span style=\"color: #000000;\">Plus de deux semaines depuis qu\u2019une dizaine de jeunes Ha\u00eftiens, ont p\u00e9ri au large des \u00eeles Turks and Caicos, quand le bateau dans lequel ils se trouvaient a fait naufrage, le pr\u00e9sident de la R\u00e9publique s\u2019est retranch\u00e9 dans un silence coupable. Dans ce contexte, la Conf\u00e9rence \u00e9piscopale d\u2019Ha\u00efti (CEH) a \u00e9mis un communiqu\u00e9 dans lequel elle d\u00e9nonce cette indiff\u00e9rence. Mais la prise de position que le message d\u00e9gage tombe \u00e0 point nomm\u00e9. Car elle exhorte le peuple ha\u00eftien \u00e0 prendre ses responsabilit\u00e9s, par rapport \u00e0 la situation de crise aigu\u00eb. Plus t\u00f4t que plus tard ! Voici, pour l\u2019\u00e9dification des lecteurs, le texte int\u00e9gral des \u00e9v\u00eaques.<\/span><\/p>\n<p style=\"text-align: left;\"><span style=\"color: #000000;\"><strong>Note de la Conf\u00e9rence \u00e9piscopale d\u2019Ha\u00efti sur le naufrage d\u2019Ha\u00eftiens le 31 mars 2019 dans les eaux de Turks Caicos<\/strong><\/span><\/p>\n<p style=\"text-align: left;\"><span style=\"color: #000000;\">Nous avons appris avec grande peine la triste nouvelle de la mort d\u2019une dizaine de nos fr\u00e8res ha\u00eftiens dans les eaux de Turks and Caicos, le dimanche 31 mars 2019. Leur embarcation de fortune a fait naufrage. Nous avions eu \u00e0 \u00e9lever la voix cette ann\u00e9e d\u00e9j\u00e0 pour la m\u00eame raison. Car le 2 f\u00e9vrier dernier, plus d\u2019une vingtaine de nos compatriotes avaient p\u00e9ri au large des Bahamas. Cela avait attir\u00e9 l\u2019attention de l\u2019International ; le pape Fran\u00e7ois avait pri\u00e9 pour les victimes et Ha\u00efti \u00e0 ce moment-l\u00e0.<\/span><\/p>\n<p style=\"text-align: left;\"><span style=\"color: #000000;\">Tout d\u2019abord, nous voudrions exprimer notre sinc\u00e8re gratitude \u00e0 l\u2019endroit de toutes ces personnes qui sont intervenues dans des op\u00e9rations de sauvetage, lanc\u00e9es apr\u00e8s le naufrage, afin de sauver les rescap\u00e9s. Nous nous tournons vers les familles afflig\u00e9es et affect\u00e9es par ces deuils interminables pour leur pr\u00e9senter nos profondes sympathies et les assurer de notre proximit\u00e9, de nos pri\u00e8res et de notre solidarit\u00e9. Malheureusement ces genres de trag\u00e9dies sont devenues monnaies courantes depuis la d\u00e9gradation de la gourde et des conditions de s\u00e9curit\u00e9 dans le pays. Ces naufrages et les morts qui s\u2019en suivent n\u2019arr\u00eatent pas la vague de ceux-l\u00e0 qui fuient le pays en qu\u00eate d\u2019un mieux-\u00eatre et d\u2019une vie plus digne. Depuis la fin de l\u2019ann\u00e9e 2017, nous avions \u00e9lev\u00e9 la voix pour attirer l\u2019attention des autorit\u00e9s constitu\u00e9es du pays sur la situation alarmante de la vie en Ha\u00efti. En juillet 2018 nous leur avons press\u00e9es de prendre des mesures appropri\u00e9es pour arr\u00eater l\u2019escalade de la violence et de la faim. Mais elles n\u2019ont pr\u00eat\u00e9 attention. Nous d\u00e9plorons et d\u00e9non\u00e7ons avec vigueur l\u2019indiff\u00e9rence et l\u2019inertie d\u00e9concertantes et inacceptables des responsables publics devant le sort de ces trop nombreux d\u2019Ha\u00eftiens qui vivent quotidiennement avec la faim au ventre et la peur aux tripes ; c\u2019est pourquoi ceux-ci<\/span><\/p>\n<p style=\"text-align: left;\"><span style=\"color: #000000;\">p\u00e9rissent en mer en tentant de rejoindre les \u00c9tats-Unis d\u2019Am\u00e9rique, ou d\u2019autres pays, sur des embarcations de fortune, car le pays n\u2019est plus pour eux un chemin d\u2019esp\u00e9rance, mais un chemin de mort. Est-ce que les responsables de l\u2019\u00c9tat peuvent se contenter uniquement de g\u00e9rer leur pouvoir sans jamais tenir compte des promesses qu\u2019ils ont faites et sur la base desquelles ils ont \u00e9t\u00e9 \u00e9lus ? Peuvent-ils seulement se rappeler que ces pauvres qui fuient Ha\u00efti, ces affam\u00e9s, ces naufrag\u00e9s sont nos enfants, nos fr\u00e8res et s\u0153urs, nos compatriotes ? Tant et tant de fois nous les avons exhort\u00e9s \u00e0 prendre des mesures concr\u00e8tes pour soulager la mis\u00e8re du peuple, de changer leur train de vie, mais jusqu\u2019\u00e0 pr\u00e9sent, ils font comme par le pass\u00e9. Ainsi la situation socio-\u00e9conomique continue terriblement de se d\u00e9grader et la d\u00e9tresse indescriptible. Nous sommes l\u00e9gitimement outr\u00e9s devant ce scandale. \u00ab Ha\u00eftiennes ! Ha\u00eftiens ! O\u00f9 \u00eates-vous ? O\u00f9 sommes-nous ?\u00bb R\u00e9veillez-vous ! R\u00e9veillons-nous ! Nous ne pouvons pas laisser notre pays s\u2019en aller ainsi vers l\u2019abime sans r\u00e9agir. Ha\u00eftiennes, ha\u00eftiens cela nous concerne toutes et tous ! Ha\u00efti, c\u2019est notre affaire ! C\u2019est notre responsabilit\u00e9 c\u2019est notre pays, c\u2019est notre Alma Mater ! Ne devenons pas insensibles \u00e0 son sort ! Ne la laissons pas s\u2019effondrer ! Ne nous habituons pas \u00e0 la mis\u00e8re qui nous d\u00e9shumanise, nous ali\u00e8ne! Faisons quelque chose pour sauver Ha\u00efti aujourd\u2019hui ! Demain il sera trop tard peut-\u00eatre.<\/span><\/p>\n<p style=\"text-align: left;\"><span style=\"color: #000000;\">Que Notre-Dame du Perp\u00e9tuel Secours, Patronne et Protectrice d\u2019Ha\u00efti, vienne \u00e0 notre aide dans nos d\u00e9tresses et dans nos efforts pour que les choses changent ! Fait le 2 avril 2019<\/span><\/p>\n<hr \/>\n<p style=\"text-align: left;\"><span style=\"color: #000000;\">cet article est publi\u00e9 par l&rsquo;hebdomadaire Ha\u00efti-Observateur, \u00e9dition du 7 avril 2019 et se trouve en<strong> P.<\/strong> <strong>4 <\/strong>\u00e0 : <\/span><a href=\"http:\/\/haiti-observateur.ca\/wp-content\/uploads\/2019\/04\/H-O-7-april-2019.pdf\"><span style=\"color: #000000;\">http:\/\/haiti-observ<\/span>ateur.ca\/wp-content\/uploads\/2019\/04\/H-O-7-april-2019.pdf<\/a><\/p>\n","protected":false},"excerpt":{"rendered":"<p>TANDIS QUE LA PR\u00c9SIDENCE SOMBRE DANS LE SILENCE Prise de position des \u00e9v\u00eaques d\u2019Ha\u00efti sur les naufrag\u00e9s de Turks and Caicos Plus de deux semaines depuis qu\u2019une dizaine de jeunes Ha\u00eftiens, ont p\u00e9ri au large des \u00eeles Turks and Caicos,&#8230; <\/p>\n","protected":false},"author":1,"featured_media":3715,"comment_status":"closed","ping_status":"closed","sticky":false,"template":"","format":"standard","meta":{"footnotes":""},"categories":[11,25,54],"tags":[94,104,806,1088,1786,1814,1846,2132,2328],"class_list":["post-3803","post","type-post","status-publish","format-standard","has-post-thumbnail","hentry","category-communique","category-haiti","category-international","tag-affame","tag-aide","tag-embarcation","tag-haiti-observateur","tag-pape-francois","tag-patronne","tag-perpetuel-secours","tag-scandale","tag-turk-and-caisos-island"],"_links":{"self":[{"href":"https:\/\/haiti-observateur.news\/index.php?rest_route=\/wp\/v2\/posts\/3803","targetHints":{"allow":["GET"]}}],"collection":[{"href":"https:\/\/haiti-observateur.news\/index.php?rest_route=\/wp\/v2\/posts"}],"about":[{"href":"https:\/\/haiti-observateur.news\/index.php?rest_route=\/wp\/v2\/types\/post"}],"author":[{"embeddable":true,"href":"https:\/\/haiti-observateur.news\/index.php?rest_route=\/wp\/v2\/users\/1"}],"replies":[{"embeddable":true,"href":"https:\/\/haiti-observateur.news\/index.php?rest_route=%2Fwp%2Fv2%2Fcomments&post=3803"}],"version-history":[{"count":0,"href":"https:\/\/haiti-observateur.news\/index.php?rest_route=\/wp\/v2\/posts\/3803\/revisions"}],"wp:featuredmedia":[{"embeddable":true,"href":"https:\/\/haiti-observateur.news\/index.php?rest_route=\/"}],"wp:attachment":[{"href":"https:\/\/haiti-observateur.news\/index.php?rest_route=%2Fwp%2Fv2%2Fmedia&parent=3803"}],"wp:term":[{"taxonomy":"category","embeddable":true,"href":"https:\/\/haiti-observateur.news\/index.php?rest_route=%2Fwp%2Fv2%2Fcategories&post=3803"},{"taxonomy":"post_tag","embeddable":true,"href":"https:\/\/haiti-observateur.news\/index.php?rest_route=%2Fwp%2Fv2%2Ftags&post=3803"}],"curies":[{"name":"wp","href":"https:\/\/api.w.org\/{rel}","templated":true}]}}