{"id":3753,"date":"1993-12-29T17:21:14","date_gmt":"1993-12-29T22:21:14","guid":{"rendered":"http:\/\/haiti-observateur.ca\/?p=3753"},"modified":"1993-12-29T17:21:14","modified_gmt":"1993-12-29T22:21:14","slug":"un-destin-thomas-desulme-par-lesly-f-manigat","status":"publish","type":"post","link":"https:\/\/haiti-observateur.news\/?p=3753","title":{"rendered":"Un destin : Thomas D\u00e9sulm\u00e9 Par Lesly F.Manigat"},"content":{"rendered":"<p style=\"text-align: left;\"><span style=\"color: #000000;\"><strong>Ha\u00efti-Observateur<\/strong><\/span><\/p>\n<ul>\n<li style=\"text-align: left;\"><span style=\"color: #000000;\"><strong><em>HOMMAGE<\/em><\/strong><\/span><\/li>\n<li style=\"text-align: left;\"><span style=\"color: #000000;\"><strong>Un destin : Thomas D\u00e9sulm\u00e9<\/strong> <em>Par Lesly F.Manigat<\/em><\/span><\/li>\n<\/ul>\n<p style=\"text-align: left;\"><span style=\"color: #000000;\">C\u2019est \u00e0 l\u2019\u00e9tape de Miami d\u2019une r\u00e9cente traverse transcarib\u00e9enne que l\u2019affligeante nouvelle de la mort de Thomas D\u00e9sulm\u00e9 m\u2019a surpris. Peu de gens savent combien affectueux \u00e9taient devenus, durant le temps d\u2019exil impie auquel le r\u00e9gime dictatorial des Duvalier avait condamn\u00e9 quelques-uns parmi les plus valables et les plus patriotes des fils du pays. Les liens d\u2019amiti\u00e9 entre Thom et moi, malgr\u00e9 la diff\u00e9rence de g\u00e9n\u00e9ration, de conception et la vie, de domaine de comp\u00e9tence et de trajectoire. Il lui arrivait, m\u00eame aux meilleurs moments de nos relations, de me dire et de dire aux autres tant tant\u00f4t qu\u2019il et \u00e9tait mon fr\u00e8re ain\u00e9, tant\u00f4t que j\u2019\u00e9tais comme son fils.<\/span><\/p>\n<p style=\"text-align: left;\"><span style=\"color: #000000;\">On a commenc\u00e9 \u00e0 se fr\u00e9quenter seulement dans les ann\u00e9es 1964 analyses a 1974, \u00e0 Paris o\u00f9 il avait install\u00e9 sa famille et o\u00f9 il \u00e9changeait nouvelles et Colbert Bonhomme, une autre victime de Duvalier repli\u00e9 sur Paris en survie difficile et digne apr\u00e8s un bref exil dore londonien.\u00a0<\/span><\/p>\n<p style=\"text-align: left;\"><span style=\"color: #000000;\">Jean Fouchard rentre de Conakry ou il n\u2019avait pas eu \u00e0 se plaindre des affaires dont il avait eu \u00e0 s\u2019occuper dans la Guin\u00e9e de Sekou Toure, et moi-m\u00eame qui, exil a 33 ans apr\u00e8s avoir connu la prison sur Duvalier et fui le pays gr\u00e2ce \u00e0 l\u2019obtention de l\u2019asile diplomatique a l\u2019ambassade d\u2019Argentine. Venait de substituer la capitale fran\u00e7aise a la capitale am\u00e9ricaine dans ma poursuite de ma carri\u00e8re universitaire d\u2019enseignement et de recherche. Sans savoir encore que je serais poursuivi par les hommes de Duvalier jusqu\u2019\u00e0 me faire condamner \u00e0 mort par contumace en 1968, condamnation que Jean Fouchard et Colbert Bonhomme furent les premiers \u00e0 m\u2019apprendre l\u2019ayant lue avec surprise dans le quotidien parisien \u2039\u2039 Le Monde \u203a\u203a.<\/span><\/p>\n<p style=\"text-align: left;\"><span style=\"color: #000000;\">C\u2019est \u00e0 partir de Paris que j\u2019ai eu vraiment l\u2019occasion de connaitre et d\u2019observer de pr\u00e8s Thomas D\u00e9sulm\u00e9. Il aimait raconter ses modestes d\u00e9buts de fils de paysan de la Plaine. Puis de vendeur de b\u00e9tail, puis de chauffeur propri\u00e9taire transporteur de denr\u00e9es pour les grandes maisons de la place de Port-au-Prince, puis de spectaculaire \u00e0 son propre compte jusqu\u2019\u00e0 son irruption dans l\u2019aisance dont il n\u2019\u00e9tait pas peu fier, souvent pour souligner qu\u2019il n\u2019avait pas, lui, attendu 1946 pour \u00e9merger.<\/span><\/p>\n<p style=\"text-align: left;\"><span style=\"color: #000000;\">Il m\u2019a dit qu\u2019il jouait aux cartes au cercle Bellevue bien avant l\u2019arriv\u00e9e au pouvoir d\u2019Estim\u00e9, autre mani\u00e8re de dire que la r\u00e9volution de 1946 ne l\u2019avait pas \u00ab fait \u00bb,comme se fut le cas des \u00ab authentiques \u00bb, groupes dont il allait pourtant faire partie ou, en tout cas, auquel il allait \u00eatre assimil\u00e9, \u00e0 tort sans doute un peu, mais aussi, \u00e2pres tout a raison, m\u00eame un peu sinon grandement parisien, on arrivait m\u00eame \u00e0 le retrouver une ou deux fois dans un amphi \u00e0 la Sorbonne ou \u00e0 Sciences de Po. certes, il n\u2019avait pas de formation pour en suivre les cours, mais il avait la curiosit\u00e9 et le m\u00e9rite d\u2019y aller chercher quelques id\u00e9es qu\u2019il ressortait ensuite, avec une rare assurance ,dans ses conversations. Car dans un pays ou on continuait \u00e0 pr\u00e9f\u00e9rer le beau parler brillant des tribuns et la belle plume des \u00e9crivains de belle eau, le milieu ne l\u2019avait pas \u00e9pargn\u00e9 du complexe cic\u00e9ronien et lui faisait parfois envier les rh\u00e9teurs aux Fran\u00e7ais charrie comme les Antonio Vieux, les \u00c9mile Saint Lot qui le fascinaient, avec lesquels il ne pouvait pas rivaliser sur le chapitre du verbe, mais sur lesquels il avait l\u2019avantage d\u2019une autre forme intelligence et de savoir plus pratique et d\u2019un talant d&rsquo;\u00ab Op\u00e9rateur \u00bb plus performant.<\/span><\/p>\n<p style=\"text-align: left;\"><span style=\"color: #000000;\">On ne dira jamais assez en tout cas, la soif d\u2019apprendre qu\u2019il y avait chez cet homme. Car m\u00eame quand, par n\u00e9cessit\u00e9 il \u00ab cranait \u00bb pour tenir le crachoir, il savait ce qu\u2019il ne savait pas, et c\u2019est tout naturellement qu\u2019il posait des questions pour augmenter et \u00e9largir ses connaissances.<\/span><\/p>\n<p style=\"text-align: left;\"><span style=\"color: #000000;\">Mais il \u00e9tait trop occup\u00e9 \u00e0 se livrer \u00e0 des activit\u00e9s les plus diverses pour \u00eatre un bon autodidacte.<\/span><\/p>\n<p style=\"text-align: left;\"><span style=\"color: #000000;\">Par contre il apprendra dans les gros livres de la\u00a0vie. Je\u00a0vois tout un symbole dans le fait qu\u2019il ait mieux r\u00e9ussi dans un milieu marqu\u00e9 par le pragmatisme anglo-saxon que chez lui ou, pour les hommes de sa g\u00e9n\u00e9ration, il fallait \u00eatre un L\u00e9on Laleau ou un Price Mars pour \u00eatre consid\u00e9r\u00e9 comme ayant fait de sa vie un succ\u00e8s achev\u00e9. Il a, en effet, pris sa revanche, et de quelle mani\u00e8re ! Mais sur son terrain, bien s\u00fbr.<\/span><\/p>\n<p style=\"text-align: left;\"><span style=\"color: #000000;\"><img loading=\"lazy\" decoding=\"async\" class=\"size-medium wp-image-3712 alignleft\" src=\"http:\/\/haiti-observateur.ca\/wp-content\/uploads\/2019\/04\/ho29decembre1993tdesulmeJah-300x184.jpg\" alt=\"\" width=\"300\" height=\"184\" \/>Pionniers des industries plastiques et de la t\u00e9l\u00e9vision en Ha\u00efti, l\u2019ancien petit paysan de Lilavois allait en effet se relever l\u2019entrepreneur progressiste des industries d\u2019avenir li\u00e9es \u00e0 la nouvelle r\u00e9volution scientifico-technologique de la seconde moiti\u00e9 du XXe si\u00e8cle.<\/span><\/p>\n<p style=\"text-align: left;\"><span style=\"color: #000000;\">Chass\u00e9 de son pays par l\u2019inhumaine duret\u00e9 de la politique ha\u00eftienne au moment de son durcissement f<em>ascisto\u00efde<\/em> avec Fran\u00e7ois Duvalier le terrible, Thomas D\u00e9sulm\u00e9 ira demander aux rives plus hospitali\u00e8res de la Jama\u00efque voisine ce que lui refusait son pays natal, en vertu d\u2019une constante trop souvent vraie que nul n\u2019est proph\u00e8te dans son propre pays. Et c\u2019est l\u00e0-bas que Thom va d\u00e9ployer tout la dimension de son g\u00e9nie d\u2019entrepreneur en devenant le g\u00e9ant carib\u00e9en de l\u2019industrie des produits plastiques dont il diversifia la gamme, et en cr\u00e9ant sur la c\u00f4te nord de la Jama\u00efque un complexe touristique d\u2019une s\u00e9rie de villas autonomes avec chacune sa piscine, et reli\u00e9es au point de vue organisationnel a un h\u00f4tel central \u00ab Eaton hall \u00bb au voisinage de Runaway Bay. C\u2019est la qu\u2019il aimait converser avec moi a b\u00e2tons rompu des heures durant, que dis-je, des journ\u00e9es enti\u00e8res puisqu\u2019on promenait ces \u00ab audiences \u00bb \u00e0 l\u2019ha\u00eftienne, aussi bien dans la m\u00e8re entre deux vagues venant mourir sur la plage, qu\u2019autour d\u2019une bonne table arros\u00e9e de bons vins de la cave D\u2019Eaton Hall, car Tom recevait princi\u00e8rement ses amies de passage. M\u2019offrant une de ses villas pour quelques jours, il avait pris l\u2019habitude de me retenir ainsi, quand je venais une fois par trimestre par trimestre, \u00e0 Kingston, soit pour participer aux s\u00e9ances du s\u00e9nat de l\u2019University of the West Indies auquel j\u2019appartenais, soit pour au rectorat de cette universit\u00e9 pancaraibes dont je dirigeais l\u2019Institut des relations internationales situe sur le campus de Trinidad. Nous parlions bien s\u00fbr d\u2019Ha\u00efti, de ses probl\u00e8mes et de son avenir.<\/span><\/p>\n<p style=\"text-align: left;\"><span style=\"color: #000000;\">Il avait pay\u00e9 cher pour avoir voulu \u00eatre un dirigeant politique que de premier plan de son pays, puisque les sbires sinistres d\u2019alors ont tu\u00e9 deux de ses fils. Maurice et Rolande, et que Duvalier lui-m\u00eame lui a refus\u00e9 d\u2019aller au chevet de son p\u00e8re mourant alors qu\u2019il avait d\u00e9barqu\u00e9 \u00e0 cette fin \u00e0 l\u2019a\u00e9roport international de Ma\u00efs g\u00e2t\u00e9. On l\u2019a vu pleurer en reprenant l\u2019avion apr\u00e8s le \u00ab Nyet \u00bb implacable de l\u2019homme qu\u2019il avait aid\u00e9 \u00e0 acc\u00e9der au pouvoir en\u00a01957. il\u00a0m\u2019a souvent racont\u00e9 cet \u00e9pisode de sa vie, alors qu\u2019il pr\u00e9f\u00e9rait faire le silence sur l\u2019assassinat de ses deux fils sous Papa Doc. Il me parlait aussi avec franchise de la marche de ses affaires, de quelque difficult\u00e9s conjoncturelles ou m\u00eame structurelles dans la croissance de ses entreprises, sollicitant mon avis alors qu\u2019il pouvait consid\u00e9rer en savoir plus long que moi dans ses domaines, m\u2019expliquait ses projets et allait jusqu\u2019\u00e0 me faire participer \u00e0 des r\u00e9unions de travail avec son staff d\u2019Allemands et d\u2019Anglais qui avait ses pr\u00e9f\u00e9rences comme experts pour assurer la r\u00e9ussite technique et administrative de ses entreprises.<\/span><\/p>\n<p style=\"text-align: left;\"><span style=\"color: #000000;\">Il \u00e9tait anim\u00e9 par le d\u00e9sir d\u2019\u00eatre \u00ab <em>up to date<\/em> \u00bb, c\u2019est pourquoi il explorait toutes avenues ouvertes par les recherches et les d\u00e9couvertes les plus r\u00e9centes dans le domaine des industries plastiques et dans celui plus large, de la gestion industrielle qui n\u2019\u00e9tait pas sans lui causer quelques probl\u00e8mes et quelques soucis.<\/span><\/p>\n<p style=\"text-align: left;\"><span style=\"color: #000000;\"><img loading=\"lazy\" decoding=\"async\" class=\"size-medium wp-image-3711 alignleft\" src=\"http:\/\/haiti-observateur.ca\/wp-content\/uploads\/2019\/04\/ho29decembre1993tdesulme2-300x181.jpg\" alt=\"\" width=\"300\" height=\"181\" \/>Le destin prodigieux de l\u2019entrepreneur chez Thomas D\u00e9sulm\u00e9 m\u2019int\u00e9ressait a un point tel que j\u2019avais d\u00e9cid\u00e9 et entrepris de d\u00e9dier a son cas une monographie dans une collection que je comptais lance \u00e0 Paris sur les \u00ab figures d\u2019entrepreneurs en Am\u00e9rique Latine et dans la Cara\u00efbe \u00bb et que je voulais inaugurer par une \u00e9tude pr\u00e9sentatrice de Simon Patino, le l\u00e9gendaire roi de l\u2019\u00e9tain bolivien, lui aussi au tr\u00e8s modeste d\u00e9but de simple muletier de l\u2019Altiplano. Le sort a voulu que la premi\u00e8re monographie achev\u00e9e fur la th\u00e8se de Claude Polet faite \u00e0 mon instigation et sous ma direction a l\u2019universit\u00e9 de Paris VIII (Vincennes) sur le V\u00e9n\u00e9zu\u00e9lien Augusto Mendoza et son empire industriel. Puis, devenu mon assistante de recherche, elle s\u2019attela, avec moi, \u00e0 la monographie sur Thomas D\u00e9sulm\u00e9 que nous e\u00fbmes l\u2019occasion d\u2019interviewer a plusieurs reprises pour accumuler les mat\u00e9riaux de l\u2019enqu\u00eate.<\/span><\/p>\n<p style=\"text-align: left;\"><span style=\"color: #000000;\">Je dois avoir encore dans mes papiers les questionnaires et r\u00e9ponses de ses entretiens auxquels Tom se pr\u00eata de bonne Gr\u00e2ce. Mais quand je sugg\u00e9rai un voyage \u00e0 Port-au-Prince pour la poursuite des recherches, la jeune chercheuse parisienne fut gard\u00e9e \u00e0 l\u2019a\u00e9roport, ses valises fouill\u00e9es, les ourlets de ses robes d\u00e9faits \u00e0 la recherche, parait-il, de microfilms, ses pots de cr\u00e8me vid\u00e9s, et elle-m\u00eame interrog\u00e9e \u00e0 mon sujet et sur mes activit\u00e9s, par le chef de la police en personne, le commandant de la garde pr\u00e9sidentielle en personne, et par Luckner Cambronne au nom du palais. Elle a eu juste le temps d\u2019apercevoir \u00e0 travers les fen\u00eatres une paysanne sur un \u00e2ne maigrelet, seule image qu\u2019elle a gard\u00e9e de l\u2019Ha\u00efti traditionnelle, car elle a \u00e9t\u00e9 renvoy\u00e9e par le premier avion en partance. Et c\u2019est ainsi que l\u2019enqu\u00eate pour la monographie sur Thomas D\u00e9sulm\u00e9 n\u2019alla pas plus loin.<\/span><\/p>\n<p style=\"text-align: left;\"><span style=\"color: #000000;\">D\u2019ailleurs, la collection \u00ab Figures d\u2019entrepreneurs en Am\u00e9rique Latine et de la Cara\u00efbe \u00bbne vit malheureusement jamais le jour, son directeur fondateur ayant entretemps quitte la capitale fran\u00e7aise pour le campus universitaire trinadien de Sainte Augustine de l\u2019University of the West Indies ou, paradoxalement, il allait avoir l\u2019occasion de revoir Tom plus souvent et de le voir devenir une personnalit\u00e9 de plus en plus importante et appr\u00e9ci\u00e9e dans la cara\u00efbe Anglaise tout enti\u00e8re ,et tout naturellement, de mani\u00e8re plus particuli\u00e8rement Jama\u00efque ou il avait implant\u00e9 ses entreprises industrielles modernes.\u00a0<\/span><\/p>\n<p style=\"text-align: left;\"><span style=\"color: #000000;\">Faut-il dire que l\u2019homme politique chez Thomas D\u00e9sulm\u00e9 \u00e9tait rest\u00e9, par contre plut\u00f4t traditionnel, question de g\u00e9n\u00e9ration et d\u2019itin\u00e9raire politique sans doute. Mais aussi parce qu\u2019il gardait \u00e0 l\u2019esprit le style de politique ha\u00eftienne auquel il avait particip\u00e9 de 1946 \u00e0 1957 avec sucre selon lui. Il aimait souvent rappeler, et c\u2019est significatif, le \u00ab coup de cerveau \u00bb qu\u2019il fit \u00e0 Emile Saint-Lot en aout 1946 pour faire \u00e9lire Dumarsais Estime a la pr\u00e9sidence. Les chambres l\u00e9gislatives, r\u00e9unies en constituante, discutaient article par article le projet de nouvelle constitution apr\u00e8s l\u2019adoption de laquelle devait avoir lieu l\u2019\u00e9lection pr\u00e9sidentielle.<\/span><\/p>\n<p style=\"text-align: left;\"><span style=\"color: #000000;\">Un petit groupe con\u00e7ut avec D\u00e9sulm\u00e9 l\u2019id\u00e9e de faire suspendre les travaux de la constituante pour passer \u00e0 l\u2019\u00e9lection du pr\u00e9sident de la R\u00e9publique, ce \u00e0 quoi ne manquerait sans doute pas de s\u2019opposer le tribun. \u00c9mile Saint-Lot dont l\u2019influence politique \u00e9tait alors consid\u00e9rable et qui prenait de plus en plus d\u2019ascendant au cours des d\u00e9bats de la constituante qu\u2019il dominait au point qu\u2019il allait vraisemblablement en sortir comme un redoutable candidat \u00e0 la pr\u00e9sidence. D\u00e9sulm\u00e9 m\u2019a racont\u00e9 comment il a dormi \u00e0 Laboule avec Saint-lot comme d\u2019habitude, et en est descendu pr\u00e9senter la proposition sans en dire un mot \u00e0 celui-ci qui en fut surpris et d\u00e9contenanc\u00e9.<\/span><\/p>\n<p style=\"text-align: left;\"><span style=\"color: #000000;\">Dumarsais Estim\u00e9 fut \u00e9lu pr\u00e9sident de la R\u00e9publique le 16 ao\u00fbt 1946 a la faveur de la suspension des travaux de la constituante. \u00c0 n\u2019en pas douter D\u00e9sulm\u00e9 consid\u00e9rait comme un coup de g\u00e9nie, cette op\u00e9ration politique de son cru qui \u00a0avait bien produit le r\u00e9sultat escompte. C\u2019est cette politique traditionnelle qui allait h\u00e9las seulement changer pour le pire avec les Duvalier, en donnant une place d\u00e9mesur\u00e9e \u00e0 l\u2019argent et au meurtre.<\/span><\/p>\n<p style=\"text-align: left;\"><span style=\"color: #000000;\">Thomas avait un atout : l\u2019argent, ou en tout cas, la r\u00e9putation d\u2019en avoir beaucoup, ce qui est tout comme puisque la perception compte plus que la r\u00e9alit\u00e9 en politique op\u00e9rationnelle, mais le spectacle de (et la participation dans) la d\u00e9mocratie jama\u00efcaine \u00ab \u00e0 l\u2019anglaise \u00bb.Je veux dire selon le mod\u00e8le de Westminster, l\u2019avait acquis a l\u2019id\u00e9e que le r\u00e9gime d\u00e9mocratique \u00e9tait sans doute le meilleur pour un peuple.<\/span><\/p>\n<p style=\"text-align: left;\"><span style=\"color: #000000;\">Cependant, il avait ses r\u00e9serves sur son efficacit\u00e9 imm\u00e9diate dans la situation actuelle d\u2019Ha\u00efti. Il n\u2019avait que sarcasmes pour les profiteurs de la classe moyenne, grands, petits et moyens, qui venaient solliciter ses proches et auxquels il reprochait de ne pas savoir produire, mais seulement d\u00e9penser, et, sur ce point pr\u00e9cis, il n\u2019a pas h\u00e9sit\u00e9 \u00e0 me le dire sans fard \u00e0 plusieurs reprises, apr\u00e8s avoir donn\u00e9 quand m\u00eame quelque chose \u00e0 ces politiciens qu\u00e9mandeurs. Mais en m\u00eame temps, il y avait comme une complicit\u00e9 permanente entre les \u00e9l\u00e9ments de cette m\u00eame classe moyenne promus en 1946 et lui, qui, tous comptes faits, avait un faible pour eux au moment m\u00eame ou ils vilipendaient leur comportement, et il savait qu\u2019il avait besoin, lui d\u2019une fonction publique pour bien\u00a0vivre. Il\u00a0m\u2019a racont\u00e9 la savourant l\u2019histoire d\u2019un ami de Magloire qui, juste apr\u00e8s le coup d\u2019\u00c9tat qui renversa Estim\u00e9, laissa tout le monde solliciter toutes les positions importantes et juteuses sans rien r\u00e9clamer, et comme Magloire s\u2019en \u00e9tonnait, cet astucieux ami finit par demander au nouveau chef d\u2019\u00c9tat simplement l\u2019autorisation de pouvoir s\u2019approcher de lui en public de temps en temps, et de lui chuchoter quelque chose \u00e0 l\u2019oreille pour que Magloire puisse ostensiblement acquiescer de la t\u00eate. Autrement dit, avoir l\u2019oreille du pr\u00e9sident au vu et au su de tout le monde lui suffisait pour r\u00e9ussir dans le milieu.<\/span><\/p>\n<p style=\"text-align: left;\"><span style=\"color: #000000;\">En 1957, D\u00e9sulm\u00e9 opta pour le candidat Duvalier qu\u2019il aida \u00e0 acc\u00e9der au pouvoir supr\u00eame, mais sous Duvalier pr\u00e9sident, il n\u2019eut pas longtemps l\u2019oreille du chef de l\u2019\u00c9tat. Aux c\u00f4tes de l\u2019ombrageux Papa Doc.<\/span><\/p>\n<p style=\"text-align: left;\"><span style=\"color: #000000;\">Donc. Il n\u2019y avait pas de place pour un Thomas D\u00e9sulm\u00e9. Le Baobab d\u00e9racina le ch\u00eane qui dut aller faire repousser ses racines en Jama\u00efque que pour s\u2019\u00e9panouir en \u00ab g\u00e9ant industriel \u00bb, ce dont il avait d\u00e9j\u00e0 l\u2019\u00e9toffe et donc ce pour quoi il \u00e9tait fait.\u00a0<\/span><\/p>\n<p style=\"text-align: left;\"><span style=\"color: #000000;\">Conscient des carences de sa formation intellectuelle, ce que des \u00ab sans piti\u00e9 \u00bb du milieu lui reprochaient avec \u00a0un petit sourire qui se voulait sup\u00e9rieur ,il a su s\u2019attacher fortement de jeunes amis universitaires dont il utilisait les services loyaux et comp\u00e9tents tels, pendant longtemps, un G\u00e9rard Loiseau, et ensuite, un George Beau-fils qui lui resta fid\u00e8le jusqu\u2019\u00e0 la mort. De m\u00eame, la d\u00e9votion de jeunes amis de son patelin d\u2019origine comme feu Etzer Racine, \u00e0 sa personne \u00e9tait notoire m\u00eame si leurs deux lucidit\u00e9s pratiques d\u2019hommes de la Plaine devenus d\u2019habiles op\u00e9rateurs politiques ne co\u00efncidaient pas toujours parfaitement.<\/span><\/p>\n<p style=\"text-align: left;\"><span style=\"color: #000000;\">Derri\u00e8re une carapace de duret\u00e9 l\u2019Eline qui le faisait percevoir et craindre comme un tigre, il \u00e9tait l\u2019homme des sinc\u00e9rit\u00e9s successives et se montrait capable de bon sentiment d\u2019attention pr\u00e9voyante et de d\u00e9vouement exigeant en tant que p\u00e8re de famille et en tant que patriote ha\u00eftien. Toute vie \u00e0 ses ombres et tout parcours a ses hauts et ses bas, comme tout homme a ses grandeurs et ses faiblesses. Cependant, je ne saurais oublie qu\u2019au lendemain de mon \u00e9lection comme pr\u00e9sident constitutionnel d\u2019Ha\u00efti en janvier 1988. Thomas D\u00e9sulm\u00e9, qui n\u2019avait pourtant pas particip\u00e9 aux \u00e9lections, fut le premier et l\u2019un des rares sinon le seul des candidats \u00e0 la pr\u00e9sidence ou leaders politique d\u2019alors \u00e0 s\u2019\u00e9crier : \u00ab Leslie Manigat est un gros patriote, un d\u00e9mocrate et un homme capable. Il faut lui donner sa chance et donner sa chance au pays avec lui \u00bb.<\/span><\/p>\n<p style=\"text-align: left;\"><span style=\"color: #000000;\">Ce n\u2019est donc pas \u00e9tonnant qu\u2019entre son parti, le PNT, et le mien, le RDNP, se soit pratiqu\u00e9e au fil des temps une tradition d\u2019entente cordiale dans le combat que nous menions, chacun de son cote, \u00e0 sa mani\u00e8re, selon ses id\u00e9es, selon son programme, selon ses moyens et selon sa propre strat\u00e9gie, mais avec un souci partage du bien commun, une commune \u00e9l\u00e9gance dans la tol\u00e9rance politique et une commune volont\u00e9 de retourner ce pays au travail producteur.<\/span><\/p>\n<p style=\"text-align: left;\"><span style=\"color: #000000;\">\u00a0Lors de ces derniers voyages en Ha\u00efti o\u00f9 il s\u2019occupait de terminer sa nouvelle et somptueuse r\u00e9sidence \u00e0 Laboule. Il a arr\u00eat\u00e9 sa voiture en croisant la mienne sur la route de l\u2019a\u00e9roport, pour me dire combien il approuvait mon insistance \u00e0 affirmer avec force que la situation actuelle d\u2019un pays en d\u00e9composition syst\u00e9mique ne doit plus durer, ne peut plus durer et ne va pas durer, qu\u2019on ne peut pas laisser le gouvernement de l\u2019\u00c9tat dans n\u2019importe quelles mains, et qu\u2019il faut un changement structurel pour lequel il devient imp\u00e9ratif de confier \u00e0 une \u00e9quipe comp\u00e9tente et int\u00e8gre de sauvetage national, l\u2019inauguration des chantiers de la reconstruction nationale modernisatrice! Il aura \u00e9puis\u00e9 sa longue patience de \u00ab bos suetus arairo \u00bb (de taureau habitue a \u00eatre un bourreau de travail) sans voir la travers\u00e9e victorieuse du Jourdain ni l\u2019arrive joyeuse, enfin, a la terre promise, \u00e2pres tant de tribulations d\u00e9gradantes et une \u00e9ch\u00e9ance humiliante pour tout c\u0153ur de patriote.<\/span><\/p>\n<p style=\"text-align: left;\"><span style=\"color: #000000;\">L\u2019ant\u00e9riorit\u00e9 et les contraintes d\u2019un p\u00e9riple \u00e0 l\u2019\u00e9tranger ne m\u2019ont pas permis d\u2019aller physiquement a Kingston, vendredi dernier, m\u2019incliner devant sa d\u00e9pouille mortelle comme je le d\u00e9sirais et l\u2019avais m\u00eame fait annoncer, l\u00e0-bas, n\u2019ayant pas pu trouver d\u2019avion de Caracas a la fin des travaux de la \u00ab rencontre politique de haut niveau \u00bba laquelle l\u2019ODCA m\u2019avait convie et au cours de laquelle j\u2019ai eu l\u2019occasion et le plaisir d\u2019un entretien avec le pr\u00e9sident \u00e9lu du Venezuela don Rafael Caldera, dont je m\u2019honore de l\u2019amiti\u00e9 depuis bient\u00f4t une quinzaine d\u2019ann\u00e9es, pour arriver a tant dans la capitale \u00a0jama\u00efcaine. J\u2019ai pu de Miami t\u00e9l\u00e9phoner a la famille par interm\u00e9diaire de son fils Yvon qui marche sur les traces paternelles et aussi comme homme politique (en Jama\u00efque), et surtout j\u2019ai pu me faire repr\u00e9senter officiellement par mon ami le notaire Ernst Avin en mon nom personnel et par Me Martial C\u00e9lestin, vieil ami du d\u00e9funt, ancien premier ministre durant ma br\u00e8ve pr\u00e9sidence, au nom de notre parti le RDNP. \u00c0 leur retour, j\u2019ai appris d\u2019eux avec une triste fiert\u00e9 que Sa Majest\u00e9 la Reine d\u2019Angleterre et du royaume unis avait d\u00e9cern\u00e9 la d\u00e9coration O.J. a l\u2019honorable Thomas D\u00e9sulm\u00e9.<\/span><\/p>\n<p style=\"text-align: left;\"><span style=\"color: #000000;\">Le pays d\u2019Ha\u00efti perd en Thom un de ses fils les plus remarquables, avec plus \u00e9tonnante sa modeste paysannerie d\u2019origine a la plus haute bourgeoisie d\u2019affaires au sein de laquelle il a plant\u00e9 victorieusement et orgueilleusement son drapeau, en se souvenant qu\u2019a sa naissance, comme le veut sa l\u00e9gende, un houngan de la plaine l\u2019avait saisi, nouveau-n\u00e9, pour le pr\u00e9senter aux quatre points cardinaux, en lui annon\u00e7ant un grand destin.<\/span><\/p>\n<blockquote>\n<p style=\"text-align: center;\"><strong>La Cara\u00efbe perd en Thom l&rsquo;un de ses plus grands entrepreneurs industriels<\/strong><\/p>\n<\/blockquote>\n<p style=\"text-align: left;\"><span style=\"color: #000000;\">La cara\u00efbe perd en Thom l\u2019un de ses plus grands entrepreneurs industriels, particuli\u00e8rement la Jama\u00efque sa seconde patrie ou ses restes ont \u00e9t\u00e9 inhumes au cours d\u2019importantes fun\u00e9railles ou les plus grands (y compris le premier ministre P.J. Patterson, ami de sa famille et ami de ses amis comme j\u2019en peux t\u00e9moigner pour en avoir fait l\u2019exp\u00e9rience personnelle) c\u00f4toyaient les plus humbles en un grand concours d\u2019amis et d\u2019admirateur attristes, accourus entourer son int\u00e9ressante famille \u00e9plor\u00e9e a laquelle nous renouvelons nos sinc\u00e8res condol\u00e9ances et dont nous partageons la douleur.<\/span><\/p>\n<p style=\"text-align: left;\"><span style=\"color: #000000;\">Leslie F. Manigat<\/span><\/p>\n<ul style=\"text-align: left;\">\n<li><span style=\"color: #000000;\">Ancien pr\u00e9sident<\/span><\/li>\n<li><span style=\"color: #000000;\">Constitutionnelle\u00a0<\/span><\/li>\n<li><span style=\"color: #000000;\">D\u2019Ha\u00efti secr\u00e9taire g\u00e9n\u00e9ral<\/span><\/li>\n<li><span style=\"color: #000000;\">Et leader politique du RDNP<strong>\u00a0<\/strong><\/span><\/li>\n<\/ul>\n<hr \/>\n<p style=\"text-align: left;\"><span style=\"color: #000000;\">remerciement sp\u00e9cial \u00e0 <strong>Jean Junior Joseph<\/strong> qui nous a permis de r\u00e9cup\u00e9rer les archives de cet article qui est publi\u00e9 par l&rsquo;hebdomadaire Ha\u00efti Observateur, \u00e9dition du 29 d\u00e9cembre 1993 et se trouvera en <strong>P. 10, 11<\/strong>\u00a0\u00e0 :\u00a0http:\/\/haiti-observateur.ca\/wp-content\/<\/span><\/p>\n<hr \/>\n\n","protected":false},"excerpt":{"rendered":"<p>Ha\u00efti-Observateur HOMMAGE Un destin : Thomas D\u00e9sulm\u00e9 Par Lesly F.Manigat C\u2019est \u00e0 l\u2019\u00e9tape de Miami d\u2019une r\u00e9cente traverse transcarib\u00e9enne que l\u2019affligeante nouvelle de la mort de Thomas D\u00e9sulm\u00e9 m\u2019a surpris. Peu de gens savent combien affectueux \u00e9taient devenus, durant le&#8230; <\/p>\n","protected":false},"author":1,"featured_media":3710,"comment_status":"closed","ping_status":"closed","sticky":false,"template":"","format":"standard","meta":{"footnotes":""},"categories":[4,25,39],"tags":[61,382,485,762,810,926,1088,1227,1420,1813,2137,2148,2268,2406],"class_list":["post-3753","post","type-post","status-publish","format-standard","has-post-thumbnail","hentry","category-archives","category-haiti","category-politique","tag-61","tag-cambronne","tag-ciceronien","tag-duvalier","tag-emile-saint-lot","tag-fouchard","tag-haiti-observateur","tag-jamaique","tag-lesly-francois-manigat","tag-patriote","tag-sciences-po","tag-sekou-toure","tag-thomas-desulme","tag-west-indies-university"],"_links":{"self":[{"href":"https:\/\/haiti-observateur.news\/index.php?rest_route=\/wp\/v2\/posts\/3753","targetHints":{"allow":["GET"]}}],"collection":[{"href":"https:\/\/haiti-observateur.news\/index.php?rest_route=\/wp\/v2\/posts"}],"about":[{"href":"https:\/\/haiti-observateur.news\/index.php?rest_route=\/wp\/v2\/types\/post"}],"author":[{"embeddable":true,"href":"https:\/\/haiti-observateur.news\/index.php?rest_route=\/wp\/v2\/users\/1"}],"replies":[{"embeddable":true,"href":"https:\/\/haiti-observateur.news\/index.php?rest_route=%2Fwp%2Fv2%2Fcomments&post=3753"}],"version-history":[{"count":0,"href":"https:\/\/haiti-observateur.news\/index.php?rest_route=\/wp\/v2\/posts\/3753\/revisions"}],"wp:featuredmedia":[{"embeddable":true,"href":"https:\/\/haiti-observateur.news\/index.php?rest_route=\/"}],"wp:attachment":[{"href":"https:\/\/haiti-observateur.news\/index.php?rest_route=%2Fwp%2Fv2%2Fmedia&parent=3753"}],"wp:term":[{"taxonomy":"category","embeddable":true,"href":"https:\/\/haiti-observateur.news\/index.php?rest_route=%2Fwp%2Fv2%2Fcategories&post=3753"},{"taxonomy":"post_tag","embeddable":true,"href":"https:\/\/haiti-observateur.news\/index.php?rest_route=%2Fwp%2Fv2%2Ftags&post=3753"}],"curies":[{"name":"wp","href":"https:\/\/api.w.org\/{rel}","templated":true}]}}