{"id":3698,"date":"2019-04-03T22:07:05","date_gmt":"2019-04-04T02:07:05","guid":{"rendered":"http:\/\/haiti-observateur.ca\/?p=3698"},"modified":"2019-04-03T22:07:05","modified_gmt":"2019-04-04T02:07:05","slug":"la-verite-dans-la-diffamation","status":"publish","type":"post","link":"https:\/\/haiti-observateur.news\/?p=3698","title":{"rendered":"La V\u00e9rit\u00e9 dans la diffamation."},"content":{"rendered":"<p><strong>La V\u00e9rit\u00e9 dans la diffamation<\/strong><\/p>\n<p>Le <strong>Groupe d\u2019Intervention \u00c9cologique D\u2019Ha\u00efti<\/strong> qualifie de scandale la note de plainte pour diffamation du Coordonnateur scientifique de <strong>SAH<\/strong>, publi\u00e9e dans <strong>International Diplomat Canada<\/strong>, le 23 f\u00e9vrier 2019 (<a href=\"http:\/\/internationaldiplomat.ca\/communication\/note\/cet-article-est-une-diffamation-la-sah-na-jamais-achete-daire-protegee\/\">http:\/\/internationaldiplomat.ca\/communication\/note\/cet-article-est-une-diffamation-la-sah-na-jamais-achete-daire-protegee\/<\/a>). Nous r\u00e9affirmons conjointement qu\u2019il y a eu achat et vente. Pour l\u2019histoire et pour la v\u00e9rit\u00e9, nous publions la Premi\u00e8re page du quotidien dans lequel l\u2019article a \u00e9t\u00e9 publi\u00e9.<\/p>\n<p>L\u2019article pr\u00e9cise que la<strong> Soci\u00e9t\u00e9 Audubon d\u2019Ha\u00efti<\/strong> a achet\u00e9 le site de Grand Bois pour constituer la Premi\u00e8re r\u00e9serve naturelle de Grand Bois.<\/p>\n<p>Voici la page.<\/p>\n<p>De plus, le Coordonnateur scientifique parle de l\u2019achat de terrain priv\u00e9 \u00e0 l\u2019int\u00e9rieur d\u2019un parc National Naturel d\u00e9j\u00e0 d\u00e9clar\u00e9 et d\u00e9limit\u00e9 pour constituer la premi\u00e8re r\u00e9serve. Quel scandale et quel amalgame, car, dans le quotidien publie en date du 02 et 03 f\u00e9vrier 2019, il n&rsquo;y est fait mention des terres priv\u00e9es achet\u00e9es nulle part ! On comprend donc le jeu\u2026<\/p>\n<p>Ecovert-Haiti comme organisation militant dans l\u2019environnement reconnait \u00e9videmment l\u2019existence de terres priv\u00e9es \u00e0 l\u2019int\u00e9rieur du Parc National Naturel Grand Bois. Mais, selon les lois ha\u00eftiennes qui r\u00e9gissent l\u2019environnement, il n\u2019est pas permis de c\u00e9der des terres situ\u00e9es dans les lieux des deux cat\u00e9gories de for\u00eat pr\u00e9cis\u00e9e par le Code rural. Ni dans le d\u00e9cret du 12 octobre 2005, portant sur la gestion de l\u2019environnement et de la r\u00e9gulation de conduite de citoyens et citoyennes pour un d\u00e9veloppement durable ni dans l\u2019arr\u00eat\u00e9 pr\u00e9sidentiel de 2015, cr\u00e9ant le Parc Naturel Grand Bois.<\/p>\n<ul>\n<li>1-Selon l\u2019article (06), et non l\u2019article (05) comme l&rsquo;a soulign\u00e9 le responsable scientifique, de l\u2019Arr\u00eat\u00e9 pr\u00e9sidentiel publi\u00e9 le 8 octobre 2015 cr\u00e9ant le <strong>PNN-GB<\/strong> :<\/li>\n<li>Les propri\u00e9t\u00e9s priv\u00e9es incluses dans PNN-GBA sont reconnues comme telles et resteront en toute propri\u00e9t\u00e9 aux mains de leurs propri\u00e9taires. Ces propri\u00e9t\u00e9s seront soumises aux servitudes publiques d\u00e9finies par la loi et le plan de gestion de ladite aire prot\u00e9g\u00e9e.<\/li>\n<li>2- dans le d\u00e9cret du 12 octobre 2005 portant sur la gestion de l\u2019environnement et de r\u00e9gulation de la conduite des citoyens et citoyennes pour un d\u00e9veloppement durable en son article 136, stipule :<\/li>\n<li>Les autorit\u00e9s du pays doivent veiller \u00e0 la conservation in situ, et ex situ de la biodiversit\u00e9 nationale, chacune en ce qui la concerne, le minist\u00e8re charg\u00e9 de l\u2019Environnement a la charge de r\u00e9aliser l\u2019inventaire des ressources vivantes du pays et de caract\u00e9riser l\u2019indice de la biodiversit\u00e9 nationale pour sa meilleure exploitation au b\u00e9n\u00e9fice notamment des populations locales concern\u00e9es.<\/li>\n<li>3-Code rural en son article 186 relative au foret stipule :<\/li>\n<li>Si la for\u00eat ou la zone r\u00e9serv\u00e9e appartient en majeure partie ou en totalit\u00e9 des particuliers, ceux-ci et leur ayant cause, ou leurs repr\u00e9sentants devront reboiser leurs propri\u00e9t\u00e9s et les exploiter suivant un plan arr\u00eat\u00e9 d\u2019accord avec le D\u00e9partement de l\u2019Agriculture ou tout autre organisme comp\u00e9tent. Le reboisement et l\u2019exploitation pourront avoir li\u00e9 sous forme coop\u00e9rative avec ledit d\u00e9partement ou ledit organisme.<\/li>\n<\/ul>\n<p>En mati\u00e8re des aires prot\u00e9g\u00e9es, les lois autorisant l\u2019achat de terrains dans un Parc National Naturel d\u00e9j\u00e0 d\u00e9clar\u00e9 ou dans des zones de tampon ou en transite sont m\u00e9connaissable ou inexistantes. L\u2019arr\u00eat\u00e9 pr\u00e9sidentiel de Grand Bois ne donne pas des provisions \u00e0 des particuliers pour acheter une partie priv\u00e9e d\u2019un parc national.<\/p>\n<p>Cependant nous reconnaissons qu\u2019il peut avoir des initiatives de concert avec l\u2019\u00c9tat pour prot\u00e9ger les r\u00e9servoirs de la biodiversit\u00e9 c\u2019est-\u00e0-dire, les zones vitales, riches en biodiversit\u00e9s comme Grand Bois et d\u2019assurer la protection des esp\u00e8ces dans les corridors \u00e9cologiques c\u2019est-\u00e0-dire les\u00a0 diff\u00e9rentes voies\u00a0 de d\u00e9placement emprunt\u00e9es par les esp\u00e8ces.<\/p>\n<p>Alors la question que nous posons une fois de plus est de savoir pourquoi achet\u00e9 des terres dont une partie se trouve d\u00e9j\u00e0 \u00e0 l\u2019int\u00e9rieur d\u2019un parc naturel et le reste des terres achet\u00e9es se trouve dans les zones de tampon ou de transite dans lesquels on devrait mettre en place des activit\u00e9s pouvant permettre de r\u00e9duire les pressions exerc\u00e9es par les locaux sur le Parc National naturel.<\/p>\n<p>Si oui, <strong>SAH<\/strong> constituera-t-il une r\u00e9serve parall\u00e8le \u00e0 l\u2019\u00c9tat et pourquoi cette concurrence. \u00c9tant donn\u00e9 que l\u2019article publi\u00e9 fait r\u00e9f\u00e9rence \u00e0 l\u2019achat de Grand Bois et nous savons que cet arr\u00eat\u00e9 interdit cette d\u00e9marche si toutefois les propri\u00e9taires priv\u00e9s d\u00e9cident de vendre leurs part. Et nous pensons que l\u2019\u00c9tat est mieux plac\u00e9 pour faire cette acquisition.<\/p>\n<p>Ecovert-Haiti attend porter le Dossier devant la Pr\u00e9sidence et le Conseil du Programme <strong>MAB<\/strong> de\u00a0 l\u2019<strong>UNESCO<\/strong>.<\/p>\n<p>En attendant, nous exigeons toujours la publication de la loi qui autorise l\u2019achat de cette terre, les instituions impliqu\u00e9es, le plan de gestion et les avantage que les populations vont b\u00e9n\u00e9ficier, car l\u2019arr\u00eat\u00e9 de 2015 ne donne pas de provision l\u00e9gale pour poser de telle action.<\/p>\n<p>Anel Dorl\u00e9an, Ecovert-Haiti<\/p>\n<hr \/>\n<p>ce communiqu\u00e9 est publi\u00e9 par l&rsquo;hebdomadaire Ha\u00efti Observateur, \u00e9dition du 3 mars 2019 et se trouve en <strong>P. 8, 14<\/strong>\u00a0\u00e0 :\u00a0<a href=\"http:\/\/haiti-observateur.ca\/wp-content\/uploads\/2019\/04\/H-O-3-avril-2019.pdf\">http:\/\/haiti-observateur.ca\/wp-content\/uploads\/2019\/04\/H-O-3-avril-2019.pdf<\/a><\/p>\n","protected":false},"excerpt":{"rendered":"<p>La V\u00e9rit\u00e9 dans la diffamation Le Groupe d\u2019Intervention \u00c9cologique D\u2019Ha\u00efti qualifie de scandale la note de plainte pour diffamation du Coordonnateur scientifique de SAH, publi\u00e9e dans International Diplomat Canada, le 23 f\u00e9vrier 2019 (http:\/\/internationaldiplomat.ca\/communication\/note\/cet-article-est-une-diffamation-la-sah-na-jamais-achete-daire-protegee\/). Nous r\u00e9affirmons conjointement qu\u2019il y a&#8230; <\/p>\n","protected":false},"author":1,"featured_media":3699,"comment_status":"closed","ping_status":"closed","sticky":false,"template":"","format":"standard","meta":{"footnotes":""},"categories":[11,25],"tags":[155,202,300,517,778,1044,1088,1199,1910],"class_list":["post-3698","post","type-post","status-publish","format-standard","has-post-thumbnail","hentry","category-communique","category-haiti","tag-anel-dorlean","tag-audubon","tag-biodiversite","tag-code","tag-ecologieque","tag-grand-bois","tag-haiti-observateur","tag-international-diplomat-canada","tag-pnn-gba"],"_links":{"self":[{"href":"https:\/\/haiti-observateur.news\/index.php?rest_route=\/wp\/v2\/posts\/3698","targetHints":{"allow":["GET"]}}],"collection":[{"href":"https:\/\/haiti-observateur.news\/index.php?rest_route=\/wp\/v2\/posts"}],"about":[{"href":"https:\/\/haiti-observateur.news\/index.php?rest_route=\/wp\/v2\/types\/post"}],"author":[{"embeddable":true,"href":"https:\/\/haiti-observateur.news\/index.php?rest_route=\/wp\/v2\/users\/1"}],"replies":[{"embeddable":true,"href":"https:\/\/haiti-observateur.news\/index.php?rest_route=%2Fwp%2Fv2%2Fcomments&post=3698"}],"version-history":[{"count":0,"href":"https:\/\/haiti-observateur.news\/index.php?rest_route=\/wp\/v2\/posts\/3698\/revisions"}],"wp:featuredmedia":[{"embeddable":true,"href":"https:\/\/haiti-observateur.news\/index.php?rest_route=\/"}],"wp:attachment":[{"href":"https:\/\/haiti-observateur.news\/index.php?rest_route=%2Fwp%2Fv2%2Fmedia&parent=3698"}],"wp:term":[{"taxonomy":"category","embeddable":true,"href":"https:\/\/haiti-observateur.news\/index.php?rest_route=%2Fwp%2Fv2%2Fcategories&post=3698"},{"taxonomy":"post_tag","embeddable":true,"href":"https:\/\/haiti-observateur.news\/index.php?rest_route=%2Fwp%2Fv2%2Ftags&post=3698"}],"curies":[{"name":"wp","href":"https:\/\/api.w.org\/{rel}","templated":true}]}}