{"id":3695,"date":"2019-04-03T22:15:08","date_gmt":"2019-04-04T02:15:08","guid":{"rendered":"http:\/\/haiti-observateur.ca\/?p=3695"},"modified":"2019-04-03T22:15:08","modified_gmt":"2019-04-04T02:15:08","slug":"racisme-a-manhattan-9-30-pres-de-broadway-le-725-a-peche-selon-le-code-m","status":"publish","type":"post","link":"https:\/\/haiti-observateur.news\/?p=3695","title":{"rendered":"RACISME \u00c0 MANHATTAN (9\/30). Pr\u00e8s de Broadway, le 725 a p\u00e9ch\u00e9 selon le code M"},"content":{"rendered":"<p style=\"text-align: left;\"><span style=\"color: #000000;\"><strong>SUR LA ROUTE DU CIN\u00c9MA<\/strong> <em><a style=\"color: #000000;\" href=\"mailto:dan.albertini@reseauhem.ca\">par Dan Albertini<\/a> <\/em><\/span><\/p>\n<ul>\n<li style=\"text-align: left;\"><span style=\"color: #000000;\"><strong>RACISME \u00c0 MANHATTAN (9\/30). <em>Pr\u00e8s de Broadway, le 725 a p\u00e9ch\u00e9 selon le code M<\/em><\/strong><\/span><\/li>\n<\/ul>\n<p style=\"text-align: left;\"><span style=\"color: #000000;\">La musique d\u2019<em>el Gran Combo<\/em> tourne \u00e0 un rythme infernal, elle est pourtant <em>une salsa clasica,<\/em> la voix de Willie Colon r\u00e9sonne\u00a0: \u2039\u2039<em>nacio varon<\/em> <em>senores nacio varon<\/em>\u203a, musique embl\u00e9matique de <em>la salsa internationale<\/em>. Les images sont l\u00e9gion et d\u00e9filent d\u2019un gigantisme\u00a0: Tito Puente, D L\u00e9on, Sonora, et non le moindre, Hector Lavoe. L\u2019instrument \u00e0 vent est l\u00e0 et r\u00e9sonnent pour la ville, l\u2019uniforme aussi remplit les couloirs de Carnegie Hall avec ses vocaux danseurs. Ici c\u2019est \u00a0NYC et on les nomme les<em> pedro<\/em> dans le lexique de la pol\u00e9mique de rue. Cela se passe tandis que dans une cour f\u00e9d\u00e9rale \u00e0 Puerto Rico, le juge d\u00e9cide que le p\u00e8re est un mauvais exemple pour le jeune fils mineur, le racisme est criminel depuis Durban II. Le sexisme aussi. Halte-l\u00e0, ce n\u2019est le <em>pedro-macho<\/em> c\u2019est le <em>yankee<\/em>&#8211;<em>boche <\/em>raciste blond, l\u2019immunit\u00e9 ne lui suffit.<\/span><span style=\"color: #000000;\">\u00a0<\/span><\/p>\n<p style=\"text-align: left;\"><span style=\"color: #000000;\">Confondant dans un m\u00e9lange de langage new-yorkais le mot <em>varon<\/em> espagnol et <em>baron<\/em> anglais, le juge confia le jeune gar\u00e7on \u00e0 l\u2019\u00e9ducation des anc\u00eatres de Willie Colon, \u00e0 Puerto Rico. C\u2019est du racisme dit-il que d\u2019avoir laiss\u00e9 un \u00e9tat conf\u00e9d\u00e9r\u00e9 sans mesure d\u2019urgence quand DC fait la guerre aux <em>varones<\/em> \u00e0 New York. <em>C\u2019est la conscience qui parle, elle appartient \u00e0 toutes et \u00e0 tous.<\/em> Cela se passe au m\u00eame moment o\u00f9 pr\u00e9sident D r\u00e9clame une peine pour <em>offense de<\/em> <em>l\u00e8se-majest\u00e9 <\/em>contre la critique. La cam\u00e9ra nous transporte \u00e0 Moscou au m\u00eame moment <em>vlad<\/em> publie deux d\u00e9crets sur le <em>falsche <\/em>(fake news). La police de goulag seule saura appr\u00e9cier le contenu m\u00eame du m\u00e9dia d\u2019information devenu ennemi du peuple dans le discours de pr\u00e9sident D. Le pardon pr\u00e9sidentiel devient vertu monnayable, indulgence vendue, et le prix\u00a0: silence\u00a0!<\/span><\/p>\n<ul>\n<li style=\"text-align: left;\"><span style=\"color: #000000;\"><em>Grande ressemblance dans l\u2019action concert\u00e9e d\u2019un homme domin\u00e9 par Moscou,<\/em> <em>crie Diaspo.<\/em><\/span><\/li>\n<\/ul>\n<p style=\"text-align: left;\"><span style=\"color: #000000;\">Mais, juge Elijah avait d\u00e9j\u00e0 dit sous forme de question \u00e0 une rencontre priv\u00e9e\u00a0: qu\u2019allez-vous laisser comme h\u00e9ritage pour vos enfants, est-ce le mensonge comme culture le crime impuni\u00a0?<\/span><\/p>\n<p style=\"text-align: left;\"><span style=\"color: #000000;\">La sc\u00e8ne est m\u00e9lang\u00e9e, le sc\u00e9nario abracadabrant, mais en r\u00e9alit\u00e9 c\u2019est une histoire v\u00e9cue aux mille et une ramifications connue des bas Cartier de la 42<sup>nd<\/sup> Street. La charge est s\u00e9v\u00e8re.<\/span><span style=\"color: #000000;\">\u00a0<\/span><\/p>\n<p style=\"text-align: left;\"><span style=\"color: #000000;\">Allen Weisellberger est de naissance juive, et, quand Cohoen parle de pr\u00e9sident<strong> D<\/strong> en raciste, il y a fort \u00e0 parier, mais surtout \u00e0 croire que cela aurait rapport avec ses origines. Ce qui en toute pr\u00e9somption offrirait \u00e0 Weisellberger la raison pour retourner son manteau contre pr\u00e9sident <strong>D<\/strong>. S\u2019il n\u2019est pas d\u2019ailleurs la pi\u00e8ce de la CIA \u00e0 l\u2019int\u00e9rieur de la Tour D.<\/span><\/p>\n<ul>\n<li style=\"text-align: left;\"><span style=\"color: #000000;\">C\u2019est la 1<sup>e<\/sup> \u00a0charge\u00a0: raciste et condamn\u00e9 de fait.<\/span><span style=\"color: #000000;\">\u00a0<\/span><\/li>\n<\/ul>\n<p style=\"text-align: left;\"><span style=\"color: #000000;\">Dans un pays d\u2019experts et d\u2019\u00e9cole d\u2019expertise, l\u2019\u00e9vidence qui d\u00e9montrerait l\u2019engagement de <strong>D<\/strong> pour barrer la route \u00e0 sa fille plus intelligente, mais lui permettre de faire de l\u2019argent \u00e0 la mani\u00e8re des fils Martelly en Ha\u00efti sous pr\u00e9texte d\u2019aider est facile \u00e0 d\u00e9montrer. Surtout, quand les fils Erik, Donn J, changent pour la 3<sup>e<\/sup> fois, non l\u2019essence de la T Organisation mais le camouflage mal r\u00e9ussi qui cette fois-ci remplace les mots\u00a0: nouvelle g\u00e9n\u00e9ration par <em>our history,<\/em> tout en tenant l\u2019espace de chasse gard\u00e9e hors de port\u00e9e d\u2019Ivanka. Pr\u00e9sident D a-t-il d\u2019ailleurs re\u00e7u une dot pour la main de sa fille accord\u00e9e \u00e0 son gendre dit-on r\u00e9put\u00e9 \u00eatre l\u2019autre colonne\u00a0? Peu importe, pr\u00e9sident D lui prive d\u2019un droit qui fait de lui ce dont les accusations soutiennent\u00a0: un dangereux misogyne. <em>Clameur publique dans un autre pays, f\u00e9minisme ici<\/em>.<\/span><\/p>\n<ul>\n<li style=\"text-align: left;\"><span style=\"color: #000000;\">C\u2019est la 2<sup>e<\/sup> charge\u00a0: misogyne sexiste et condamn\u00e9 de fait.<\/span><span style=\"color: #000000;\">\u00a0<\/span><\/li>\n<\/ul>\n<p style=\"text-align: left;\"><span style=\"color: #000000;\">Diaspo\u00a0: quand dans une colonne de l\u2019hebdo je dis que D a probablement les choses en mains malgr\u00e9 sa d\u00e9claration de transf\u00e9rer les pouvoirs, je ne savais pas que Cohoen allait confirmer en expliquant au Congr\u00e8s que D juge Donn J comme \u00e9tant d\u2019un <em>rush judgement<\/em> in the world. Raison de plus pour croire la main mise de pr\u00e9sident D jusqu\u2019\u00e0 pr\u00e9sent dans les affaires m\u00eame s\u2019il met Erik et Donn j comme de la prochaine g\u00e9n\u00e9ration de la TO. Ils sont devenus histoire.<\/span><\/p>\n<p style=\"text-align: left;\"><span style=\"color: #000000;\"><em>Merci d\u2019y croire\u00a0!<\/em><\/span><\/p>\n<hr \/>\n<p style=\"text-align: left;\">ce communiqu\u00e9 est publi\u00e9 par l&rsquo;hebdomadaire Ha\u00efti Observateur, \u00e9dition du 3 mars 2019 et se trouve en <strong>P.8\u00a0<\/strong>\u00e0 :\u00a0<a href=\"http:\/\/haiti-observateur.ca\/wp-content\/uploads\/2019\/04\/H-O-3-avril-2019.pdf\">http:\/\/haiti-observateur.ca\/wp-content\/uploads\/2019\/04\/H-O-3-avril-2019.pdf<\/a><\/p>\n","protected":false},"excerpt":{"rendered":"<p>SUR LA ROUTE DU CIN\u00c9MA par Dan Albertini RACISME \u00c0 MANHATTAN (9\/30). Pr\u00e8s de Broadway, le 725 a p\u00e9ch\u00e9 selon le code M La musique d\u2019el Gran Combo tourne \u00e0 un rythme infernal, elle est pourtant une salsa clasica, la&#8230; <\/p>\n","protected":false},"author":3,"featured_media":3733,"comment_status":"closed","ping_status":"closed","sticky":false,"template":"","format":"standard","meta":{"footnotes":""},"categories":[10],"tags":[526,615,626,687,737,833,1088,1214,1616,2000,2188,2404],"class_list":["post-3695","post","type-post","status-publish","format-standard","has-post-thumbnail","hentry","category-cinema-2","tag-cohoen","tag-dan-albertini","tag-dc","tag-diaspo","tag-donn-j","tag-erik","tag-haiti-observateur","tag-ivanka","tag-misogyne","tag-raciste","tag-slrdc","tag-weisellberger"],"_links":{"self":[{"href":"https:\/\/haiti-observateur.news\/index.php?rest_route=\/wp\/v2\/posts\/3695","targetHints":{"allow":["GET"]}}],"collection":[{"href":"https:\/\/haiti-observateur.news\/index.php?rest_route=\/wp\/v2\/posts"}],"about":[{"href":"https:\/\/haiti-observateur.news\/index.php?rest_route=\/wp\/v2\/types\/post"}],"author":[{"embeddable":true,"href":"https:\/\/haiti-observateur.news\/index.php?rest_route=\/wp\/v2\/users\/3"}],"replies":[{"embeddable":true,"href":"https:\/\/haiti-observateur.news\/index.php?rest_route=%2Fwp%2Fv2%2Fcomments&post=3695"}],"version-history":[{"count":0,"href":"https:\/\/haiti-observateur.news\/index.php?rest_route=\/wp\/v2\/posts\/3695\/revisions"}],"wp:featuredmedia":[{"embeddable":true,"href":"https:\/\/haiti-observateur.news\/index.php?rest_route=\/"}],"wp:attachment":[{"href":"https:\/\/haiti-observateur.news\/index.php?rest_route=%2Fwp%2Fv2%2Fmedia&parent=3695"}],"wp:term":[{"taxonomy":"category","embeddable":true,"href":"https:\/\/haiti-observateur.news\/index.php?rest_route=%2Fwp%2Fv2%2Fcategories&post=3695"},{"taxonomy":"post_tag","embeddable":true,"href":"https:\/\/haiti-observateur.news\/index.php?rest_route=%2Fwp%2Fv2%2Ftags&post=3695"}],"curies":[{"name":"wp","href":"https:\/\/api.w.org\/{rel}","templated":true}]}}