{"id":3680,"date":"2019-03-27T12:23:00","date_gmt":"2019-03-27T16:23:00","guid":{"rendered":"http:\/\/haiti-observateur.ca\/?p=3680"},"modified":"2019-03-27T12:23:00","modified_gmt":"2019-03-27T16:23:00","slug":"a-la-recherche-de-millions-introuvables-ailleurs","status":"publish","type":"post","link":"https:\/\/haiti-observateur.news\/?p=3680","title":{"rendered":"\u00c0 la recherche de millions introuvables ailleurs&#8230;"},"content":{"rendered":"<p style=\"text-align: left;\"><span style=\"color: #000000;\"><strong>QU\u2019EST-CE QUE BOCHITT EDMOND EST ALL\u00c9 CHERCHER \u00c0 QATAR ? <\/strong><\/span><\/p>\n<ul>\n<li style=\"text-align: left;\"><span style=\"color: #000000;\"><strong>\u00c0 la recherche de millions introuvables ailleurs&#8230;<\/strong><\/span><\/li>\n<\/ul>\n<p style=\"text-align: left;\"><span style=\"color: #000000;\">Le voyage de Bochitt Edmond, ministre des Affaires d\u2019Ha\u00efti, \u00e0 la t\u00eate d\u2019une d\u00e9l\u00e9gation de hauts fonctionnaires, accompagn\u00e9s de l\u2019homme d\u2019affaires Andy Apaid, suscite bien des interrogations. D\u2019aucuns disent qu\u2019il ne s\u2019agit pas uniquement de l\u2019ouverture d\u2019une ambassade, \u00e0 la capitale de ce pays, et font remarquer que cette visite est en relation avec la situation de banqueroute dans laquelle se d\u00e9bat Jovenel Mo\u00efse. Car, \u00e0 court d\u2019argent et voyant les sources d\u2019aide compl\u00e8tement taries aupr\u00e8s des bailleurs de fonds traditionnels, en sus, surtout, de l\u2019absence du Venezuela, qui savait voler \u00e0 la rescousse pratiquement sur-le-champ, le pr\u00e9sident ha\u00eftien semble compter sur Apaid pour sensibiliser les autorit\u00e9s qatariennes en vue trouver des pr\u00eats dans de conditions.<\/span><\/p>\n<p style=\"text-align: left;\"><span style=\"color: #000000;\">En effet, en marge des n\u00e9gociations sur l\u2019ouverture de cette ambassade, dont les frais initiaux devraient s\u2019\u00e9lever \u00e0 une rondelette somme d\u2019argent dont le pays ne dispose pas, surtout au moment o\u00f9 des manifestations spontan\u00e9es \u00e9clatent dans des institutions dont les employ\u00e9s r\u00e9clament plusieurs mois d\u2019arri\u00e9r\u00e9s de salaires. Dans de telles conditions, les citoyens doivent rester vigilants. Dans l\u2019\u00e9tat actuel des finances du pays, Jovenel Mo\u00efse peut se laisser s\u00e9duire par n\u2019importe quelle offre.<\/span><\/p>\n<p style=\"text-align: left;\"><span style=\"color: #000000;\">S\u2019imaginant qu\u2019il est de bonne guerre de traiter la nation en enfant mineur, donc de la priver d\u2019informations concernant ce qu\u2019il entreprend en son nom, jusque dans le golfe Persique, Mo\u00efse m\u00e8ne ses d\u00e9marches dans l\u2019opacit\u00e9 totale. Ce ne sont ni Bochitt Edmond, ni Andy Apaid ou les autres membres de la d\u00e9l\u00e9gation qui se laisseront guider par leur patriotisme pour d\u00e9noncer les projets en discussion \u00e0 Qatar. C\u2019est pourquoi les faits rapport\u00e9s sur What\u2019sUp, par rapport aux magouilles en cours aupr\u00e8s des Qataris, par un citoyen s\u2019identifiant comme \u00e9tant l\u2019ing\u00e9nieur Jacques Anselme Maurice, doivent retenir l\u2019attention des uns et des autres.<\/span><\/p>\n<p style=\"text-align: left;\"><span style=\"color: #000000;\">Avant de jeter un coup d\u2019\u0153il sur le texte de l\u2019ing\u00e9nieur Maurice, rappelons que les paysans du Plateau central ont d\u00e9nonc\u00e9 les man\u0153uvres d\u2019Andy Apaid tentant de mener une op\u00e9ration de d\u00e9possession de paysans de leurs terres qu\u2019ils occupent depuis des d\u00e9cennies. Selon des affirmations faites par les victimes, M. Apaid aurait b\u00e9n\u00e9fici\u00e9 de l\u2019appui de Jovenel Mo\u00efse pour s\u2019engager dans cette aventure.<\/span><\/p>\n<p style=\"text-align: left;\"><span style=\"color: #000000;\">Des autorit\u00e9s dans l\u2019exploitation mini\u00e8re affirment que ces centaines de carreaux de terre, que convoiterait l\u2019homme d\u2019affaires Apaid, rec\u00e8lent plusieurs vari\u00e9t\u00e9s de minerais, notamment de l\u2019or, du cuivre et m\u00eame du gaz et du p\u00e9trole.<\/span><\/p>\n<p style=\"text-align: left;\"><span style=\"color: #000000;\"><strong>Ha\u00efti et ses chefs dirigeants en vente ?<\/strong><\/span><\/p>\n<p style=\"text-align: left;\"><span style=\"color: #000000;\">En effet, dans un article-fleuve diffus\u00e9 sur What\u2019sUp, l\u2019ing\u00e9nieur Maurice expose les faits relatifs \u00e0 la mission d\u2019Edmond Bochitt et sa d\u00e9l\u00e9gation \u00e0 Doha, capitale du Qatar, la semaine derni\u00e8re. Le titre m\u00eame de l\u2019article tire la sonnette d\u2019alarme : \u00ab Les princes du Qatar ach\u00e8tent les dettes d\u2019Ha\u00efti ainsi que les autorit\u00e9s d\u2019Ha\u00efti \u00bb.<\/span><\/p>\n<p style=\"text-align: left;\"><span style=\"color: #000000;\">L\u2019auteur commence par dire que \u00ab La semaine \u00e9coul\u00e9e, Apaid a emmen\u00e9 les autorit\u00e9s ha\u00eftiennes au Qatar avec lui. Une d\u00e9l\u00e9gation a rencontr\u00e9 le ministre des Affaires \u00e9trang\u00e8res du Qatar au nom d\u2019Ha\u00efti, mais pas dans les int\u00e9r\u00eats d\u2019Ha\u00efti \u00bb.<\/span><\/p>\n<p style=\"text-align: left;\"><span style=\"color: #000000;\">Signalons, avant de continuer que le ministre des Affaires \u00e9trang\u00e8res du Qatar est aussi vice-premier ministre de ce pays. Ce qui porte \u00e0 croire qu\u2019il d\u00e9tiendrait de grands pouvoirs pour n\u00e9gocier avec Apaid et les visiteurs qui l\u2019ont accompagn\u00e9.<\/span><\/p>\n<p style=\"text-align: left;\"><span style=\"color: #000000;\">\u00a0<strong>De r\u00e9v\u00e9lations int\u00e9ressantes de l\u2019ing\u00e9nieur Maurice<\/strong><\/span><\/p>\n<p style=\"text-align: left;\"><span style=\"color: #000000;\">Jacques Anselme Maurice continue ainsi : \u00ab Les Big Boss du Qatar ont d\u00e9j\u00e0 accord\u00e9 71 millions de dollars comme avance sur les commissions que les autorit\u00e9s ha\u00eftiennes auront gagn\u00e9s apr\u00e8s la signature officielle des contrats. \u00ab Bochitt Edmond (ministre des Affaires \u00e9trang\u00e8res), Baden Dubois (gouverneur de la Banque centrale), Charles Jean-Jacques (ordonnateur national) et Andy Apaid (le patron) ont rapport\u00e9 du Qatar 71 millions de dollars vers\u00e9s par les richissimes princes.\u00ab Cet argent servira notamment \u00e0 mater la mobilisation g\u00e9n\u00e9rale pr\u00e9vue pour le 29 mars 2019 contre Jovenel ; acheter des s\u00e9nateurs pour reconduire Baden Dubois \u00e0 la t\u00eate de la BRH, car son mandat est arriv\u00e9 \u00e0 terme cette ann\u00e9e et on aura besoin de lui pour prot\u00e9ger les int\u00e9r\u00eats des initiateurs des contrats avec Qatar; payer la ran\u00e7on de 7 millions de dollars r\u00e9clam\u00e9e par les 7 mercenaires qui menacent de divulguer certaines informations \u00e0 la presse am\u00e9ricaine s\u2019ils ne sont pas pay\u00e9s; enfin pour partager entre Jovenel et Co., dont tous ceux qui \u0153uvrent pour l\u2019obtention des contrats avec Qatar \u00bb.<\/span><\/p>\n<p style=\"text-align: left;\"><span style=\"color: #000000;\">R\u00e9put\u00e9s tr\u00e8s riche Plus loin, M. Maurice explique les possibilit\u00e9s pour les Qataris d\u2019investir gros en Ha\u00efti, si les conditions sont acceptables. Aussi continue-t-il sur sa lanc\u00e9e, en ces termes : \u00ab Les autorit\u00e9s du Qatar sont r\u00e9put\u00e9es tr\u00e8s riches \u00e0 cause de leur p\u00e9trole qui leur fournit assez d\u2019argent pour pr\u00e9tendre acheter le monde. Ils sont dispos\u00e9s \u00e0 endosser la dette de PetroCaribe et d\u2019autres dettes de l\u2019\u00c9tat ha\u00eftien. En \u00e9change de quoi ? De trois choses principales :<\/span><\/p>\n<p style=\"text-align: left;\"><span style=\"color: #000000;\">\u00ab 1 &#8211; les licences d\u2019exploitation des ressources souterraines tant terrestres que maritimes du Grand Nord. Les Qataris vont venir dans le Nord, les hauteurs de Plaisance, le M\u00f4le Saint-Nicolas et l\u2019\u00eele de la Tortue. Ils viendront exploiter nos ressources mini\u00e8res et p\u00e9troli\u00e8res.<\/span><\/p>\n<p style=\"text-align: left;\"><span style=\"color: #000000;\">\u00ab Ils installeront un grand central de raffinerie et de distribution de gaz afin d\u2019asphyxier le Venezuela. Quelle ingratitude d\u2019Ha\u00efti ! Le Venezuela nous a du gaz \u00e0 cr\u00e9dit et aujourd\u2019hui nous complotons contre lui. Quelle trahison !<\/span><\/p>\n<p style=\"text-align: left;\"><span style=\"color: #000000;\">\u00ab 2 \u2013 la location de la Citadelle Laferri\u00e8re et le Palais Sans-Souci pour 100 ans. Jusqu\u2019en 2120, l\u2019\u00c9tat ha\u00eftien et aucun Ha\u00eftien n\u2019auront pas le droit de se rendre \u00e0 Milot sans payer. Les sites touristiques de Milot seront privatis\u00e9s comme Labadee. Ils vont \u00eatre am\u00e9nag\u00e9s pour des touristes millionnaires.<\/span><\/p>\n<p style=\"text-align: left;\"><span style=\"color: #000000;\">\u00ab \u00c9tant donn\u00e9 que le Qatar est un pays construit dans un d\u00e9sert, les riches princes du Qatar vont s\u2019acheter les montagnes du Nord pour construire des maisons luxueuses dans ce climat tropical. Ces maisons seront comme des habitats du Qatar d\u2019outre-mer. Elles seront en Ha\u00efti, mais elles n\u2019auront aucun rapport avec le pays, m\u00eame leur personnel ne sera pas ha\u00eftien puisqu\u2019il existe ces genres d\u2019habitats en Afrique et au Br\u00e9sil, leur personnel vient directement du Qatar.<\/span><\/p>\n<p style=\"text-align: left;\"><span style=\"color: #000000;\">\u00ab 3 construire une grande mosqu\u00e9e \u00e0 Bas-Limb\u00e9, la plus grande mosqu\u00e9e de toute l\u2019Am\u00e9rique. Qatar, principal promoteur du radicalisme islamique au monde, veut imposer l\u2019islam au monde entier. Pour conqu\u00e9rir l\u2019Am\u00e9rique, les Qatari choisissent de poser leur premi\u00e8re pierre en Ha\u00efti comme \u00e9tant le pays le plus faible du continent.<\/span><\/p>\n<p style=\"text-align: left;\"><span style=\"color: #000000;\">\u00ab Un jour on assistera aux attentats terroristes \u00e9galement en Ha\u00efti. Les islamistes radicaux viendront et nous bombarderont avec leurs kamikazes. Les islamistes radicaux ne sont pas tol\u00e9rants, le peuple ha\u00eftien, peuple tr\u00e8s croyant, ne pourra pas cohabiter avec des radicaux de Daesh. Comme ils sont mieux arm\u00e9s que nous, ils nous d\u00e9truiront comme de sales salauds.<\/span><\/p>\n<p style=\"text-align: left;\"><span style=\"color: #000000;\">\u00ab Il est bon de se demander pourquoi Jovenel choisit de se faire fiancer par le plus riche sponsor du terrorisme international dont l\u2019\u00c9tat islamique (DAESH) ?<\/span><\/p>\n<p style=\"text-align: left;\"><span style=\"color: #000000;\">\u00ab Qatar tra\u00eene derri\u00e8re lui la r\u00e9putation de financer le terrorisme international, pourquoi Jovenel Mo\u00efse veut exposer tout un pays \u00e0 une aventure terroriste juste pour quelques millions ? \u00bb<\/span><\/p>\n\n<hr \/>\n<p style=\"text-align: left;\"><span style=\"color: #000000;\"><strong>Financi\u00e8rement vuln\u00e9rable<\/strong><\/span><\/p>\n<p style=\"text-align: left;\"><span style=\"color: #000000;\">La situation du pays est d\u2019au- tant plus grave que les \u00e9missaires de Jovenel Mo\u00efse n\u00e9gocient en vase clos avec les princes du Qatar. Coinc\u00e9 de toutes parts par des cr\u00e9anciers locaux, particuli\u00e8rement des employ\u00e9s de l\u2019\u00c9tat vocif\u00e9rant leur col\u00e8re \u00e0 longueur de jour- n\u00e9e pour que les autorit\u00e9s leur payent. Financi\u00e8rement vuln\u00e9rable, l\u2019\u00e9quipe au pouvoir est capable de tout faire.<\/span><\/p>\n<p style=\"text-align: left;\"><span style=\"color: #000000;\">Jovenel Mo\u00efse est vraiment coinc\u00e9. Les bailleurs de fonds internationaux se sont r\u00e9v\u00e9l\u00e9s de plus en plus avares envers Ha\u00efti au moment o\u00f9 notre pays n\u2019a point d\u2019acc\u00e8s au cr\u00e9dit. C\u2019est pr\u00e9cis\u00e9ment cette situation qui n\u2019a point permis aux autorit\u00e9s ha\u00eftiennes de n\u00e9gocier que pour une somme de USD 239 millions, dont USD 45 millions seront d\u00e9caiss\u00e9s en septembre ou plus tard. Pourtant les besoins du pays exigent un investissement de capital d\u2019environ USD 4 millions $.<\/span><\/p>\n<p style=\"text-align: left;\"><span style=\"color: #000000;\">Il faut exhorter les organisateurs des manifestations du 29 mars \u00e0 ajouter au menu des revendications la n\u00e9cessit\u00e9 pour Jovenel Mo\u00efse d\u2019exposer au peuple ha\u00eftien la teneur de l\u2019accord qu\u2019il est en train de n\u00e9gocier avec les autorit\u00e9s qatariennes.<\/span><\/p>\n<hr \/>\n<p style=\"text-align: left;\"><span style=\"color: #000000;\">cet article est publi\u00e9 par l&rsquo;hebdomadaire Ha\u00efti-Observateur, \u00e9dition du 27 mars 2019, et se trouve \u00e0 <strong>P.13<\/strong> :\u00a0<a style=\"color: #000000;\" href=\"http:\/\/haiti-observateur.ca\/wp-content\/uploads\/2019\/03\/H-O-27-march-2019.pdf\">http:\/\/haiti-observateur.ca\/wp-content\/uploads\/2019\/03\/H-O-27-march-2019.pdf<\/a><\/span><\/p>\n","protected":false},"excerpt":{"rendered":"<p>QU\u2019EST-CE QUE BOCHITT EDMOND EST ALL\u00c9 CHERCHER \u00c0 QATAR ? \u00c0 la recherche de millions introuvables ailleurs&#8230; Le voyage de Bochitt Edmond, ministre des Affaires d\u2019Ha\u00efti, \u00e0 la t\u00eate d\u2019une d\u00e9l\u00e9gation de hauts fonctionnaires, accompagn\u00e9s de l\u2019homme d\u2019affaires Andy Apaid,&#8230; <\/p>\n","protected":false},"author":1,"featured_media":3667,"comment_status":"closed","ping_status":"closed","sticky":false,"template":"","format":"standard","meta":{"footnotes":""},"categories":[18,25,54],"tags":[228,341,609,795,1088,1282,1776,1899,1989],"class_list":["post-3680","post","type-post","status-publish","format-standard","has-post-thumbnail","hentry","category-economie","category-haiti","category-international","tag-baden-dubois","tag-bresil","tag-daesh","tag-edmond-brochitt","tag-haiti-observateur","tag-jovenel","tag-outre-mer","tag-plaisance","tag-qatar"],"_links":{"self":[{"href":"https:\/\/haiti-observateur.news\/index.php?rest_route=\/wp\/v2\/posts\/3680","targetHints":{"allow":["GET"]}}],"collection":[{"href":"https:\/\/haiti-observateur.news\/index.php?rest_route=\/wp\/v2\/posts"}],"about":[{"href":"https:\/\/haiti-observateur.news\/index.php?rest_route=\/wp\/v2\/types\/post"}],"author":[{"embeddable":true,"href":"https:\/\/haiti-observateur.news\/index.php?rest_route=\/wp\/v2\/users\/1"}],"replies":[{"embeddable":true,"href":"https:\/\/haiti-observateur.news\/index.php?rest_route=%2Fwp%2Fv2%2Fcomments&post=3680"}],"version-history":[{"count":0,"href":"https:\/\/haiti-observateur.news\/index.php?rest_route=\/wp\/v2\/posts\/3680\/revisions"}],"wp:featuredmedia":[{"embeddable":true,"href":"https:\/\/haiti-observateur.news\/index.php?rest_route=\/"}],"wp:attachment":[{"href":"https:\/\/haiti-observateur.news\/index.php?rest_route=%2Fwp%2Fv2%2Fmedia&parent=3680"}],"wp:term":[{"taxonomy":"category","embeddable":true,"href":"https:\/\/haiti-observateur.news\/index.php?rest_route=%2Fwp%2Fv2%2Fcategories&post=3680"},{"taxonomy":"post_tag","embeddable":true,"href":"https:\/\/haiti-observateur.news\/index.php?rest_route=%2Fwp%2Fv2%2Ftags&post=3680"}],"curies":[{"name":"wp","href":"https:\/\/api.w.org\/{rel}","templated":true}]}}