{"id":3599,"date":"2019-03-13T17:41:57","date_gmt":"2019-03-13T21:41:57","guid":{"rendered":"http:\/\/haiti-observateur.ca\/?p=3599"},"modified":"2019-03-13T17:41:57","modified_gmt":"2019-03-13T21:41:57","slug":"tragedie-aerienne-en-ethiopie-des-repercussions-internationales","status":"publish","type":"post","link":"https:\/\/haiti-observateur.news\/?p=3599","title":{"rendered":"Trag\u00e9die A\u00e9rienne En \u00c9thiopie, Des R\u00e9percussions Internationales"},"content":{"rendered":"<p style=\"text-align: left;\"><span style=\"color: #000000;\"><strong>Trag\u00e9die A\u00e9rienne En \u00c9thiopie, Des R\u00e9percussions Internationales<\/strong> <em>par Pierre Quiroule II<\/em><\/span><\/p>\n<ul>\n<li style=\"text-align: left;\"><span style=\"color: #000000;\"><strong>NOUVELLES BR\u00c8VES<\/strong><\/span><\/li>\n<\/ul>\n<p style=\"text-align: left;\"><span style=\"color: #000000;\">Depuis dimanche dernier, 10 mars, le crash d\u2019un avion de la flotte \u00e9thiopienne, causant la mort des 157 \u00e0 bord, domine les nouvelles, car des citoyens de 35 pays, y compris 19 cadres des Nations Unies (ONU), selon Antonio Guterres, le secr\u00e9taire g\u00e9n\u00e9ral de l\u2019organisme mondial. Pr\u00e9sentant ses condol\u00e9ances aux familles \u00e9plor\u00e9es, il ordonna que le drapeau de l\u2019organisation un peu partout dans le monde soit mis en berne lundi.<\/span><\/p>\n<p style=\"text-align: left;\"><span style=\"color: #000000;\">En effet, selon les d\u00e9p\u00eaches de presse d\u2019Addis-Ababa, la capitale \u00e9thiopienne, quelque six minutes apr\u00e8s avoir d\u00e9coll\u00e9 \u00e0 destination de Nairobi, Kenya, le Boeing 737 MAX 8, plongea au sol, semi-enterr\u00e9 parla force de la descente fulgurante. Vu qu\u2019il s\u2019agit d\u2019un deuxi\u00e8me accident d\u2019un appareil 737, plusieurs pays de par le monde, tels des alli\u00e9s des \u00c9tats-Unis (EU) comme l\u2019Allemagne, l\u2019Australie et l\u2019Angleterre, ont ordonn\u00e9 que tout appareil de ce mod\u00e8le reste au sol jusqu\u2019\u00e0 nouvel ordre.<\/span><\/p>\n<p style=\"text-align: left;\"><span style=\"color: #000000;\">Toutefois, jusqu\u2019au moment de mettre sous presse, mardi soir, la Federal Aviation Administration, l\u2019agence gouvernementale am\u00e9ricaine r\u00e9gulatrice du service a\u00e9rien, n\u2019avait rien ordonn\u00e9 concernant le 737. La \u00ab black box \u00bb (la bo\u00eete noire), permettant d\u2019analyser les raisons de l\u2019accident, a \u00e9t\u00e9 r\u00e9cup\u00e9r\u00e9e lundi. Ainsi, dans les prochains jours, on saura davantage. \u0100 souligner qu\u2019au mois d\u2019octobre dernier, un r\u00e9acteur 737 du m\u00eame type, de la flotte Lion Air, plongea dans la mer de Java juste apr\u00e8s le d\u00e9collage de l\u2019a\u00e9roport de Jakarta, capitale de l\u2019Indon\u00e9sie, emportant dans l\u2019au-del\u00e0 les 189 se trouvant \u00e0 bord.<\/span><\/p>\n<p style=\"text-align: left;\"><span style=\"color: #000000;\">Selon le quotidien anglais Guardian, du lundi 11 mars, les cadres de l\u2019ONU \u00e9taient attendus \u00e0 Nairobi o\u00f9 ils devaient, entre autres, participer \u00e0 une assembl\u00e9e durant toute la semaine pour discuter de l\u2019environnement. Ainsi, comme partout ailleurs, le drapeau onusien flottait \u00e0 demi m\u00e2t \u00e0 Nairobi. Une minute de silence \u00e9tait observ\u00e9e avant l\u2019ouverture de la s\u00e9ance et les conf\u00e9renciers qui se succ\u00e9daient au podium commen\u00e7aient tous par des expressions de sympathie aux familles ainsi qu\u2019aux coll\u00e8gues affect\u00e9s par la perte de nombreux scientistes et experts environnementaux.<\/span><\/p>\n<p style=\"text-align: left;\"><span style=\"color: #000000;\">Vu que l\u2019ONU a perdu nombre de ces cadres en Ha\u00efti lors du tremblement de terre du 12 janvier 2010, le nom d\u2019Ha\u00efti a \u00e9t\u00e9 \u00e9voqu\u00e9 comme pays o\u00f9 l\u2019organisation internationale a perdu beaucoup plus de cadres que partout ailleurs. En effet, selon une compilation de la cha\u00eene CNN, publi\u00e9e le 26 d\u00e9cembre 2018, 102 cadres et employ\u00e9s divers de l\u2019ONU ont connu la mort en Ha\u00efti lors du s\u00e9isme ainsi que 122 citoyens am\u00e9ricains. Au total, les estimations des morts varient entre 220 milles et 300 milles et les bless\u00e9s \u00e9taient \u00e0 300 milles.<\/span><\/p>\n<p style=\"text-align: left;\"><span style=\"color: #000000;\"><strong>Le mur du pr\u00e9sident Trump r\u00e9appara\u00eet dans le budget 2019-2020<\/strong><\/span><\/p>\n<p style=\"text-align: left;\"><span style=\"color: #000000;\">Lundi (11 mars) le pr\u00e9sident Donald Trump a envoy\u00e9 un budget record de quatre trillions sept cent cinquante milliards de dollars (4 750 000 000,00 $) au Congr\u00e8s, augmentant davantage ce qu\u2019avait requis le Pentagone dans la rubrique d\u00e9fense, r\u00e9duisant les rubriques sant\u00e9 et environnement, tout en incluant une somme plus \u00e9lev\u00e9e qu\u2019auparavant pour le mur qu\u2019il se propose d\u2019\u00e9riger tout le long de la fronti\u00e8re sud avec le Mexique, une promesse de campagne \u00e9lectorale quand il affirmait que \u00ab le Mexique paierait pour le mur \u00bb. Et Nancy Pelosi, pr\u00e9sidente de la Chambre basse, sous ob\u00e9dience d\u00e9mocrate, de dire tout de go : \u00ab Budget mort-n\u00e9 ! \u00bb (Dead on arrival).<\/span><\/p>\n<p style=\"text-align: left;\"><span style=\"color: #000000;\">Des analystes font remarquer que le budget du pr\u00e9sident est un acte politique \u00e0 la veille des \u00e9lections pr\u00e9sidentielles de novembre 2020, sachant bien que le Congr\u00e8s n\u2019est pas d\u2019humeur \u00e0 approuver un budget anticipant un d\u00e9ficit d\u2019environ un trillion cent millions de dollars ($1100 000 000,00) l\u2019ann\u00e9e prochaine. Mais il pourra bl\u00e2mer les d\u00e9mocrates, surtout en mati\u00e8re de s\u00e9curit\u00e9.<\/span><\/p>\n<p style=\"text-align: left;\"><span style=\"color: #000000;\">Toutefois, outre les d\u00e9mocrates qui s\u2019opposeront \u00e0 ce budget qui r\u00e9duit des programmes comme Medicaid et Medicare, des r\u00e9publicains conservateurs le dig\u00e8rent mal, \u00e0 cause du d\u00e9ficit qu\u2019il g\u00e9n\u00e8re. Selon des calculs d\u2019experts fiscaux, si l\u2019on devait adopter ce budget, il faudra quelque 15 ans pour le pays d\u2019\u00eatre \u00e0 flots. Or, auparavant, le pr\u00e9sident critiquait l\u2019administration Obama, accus\u00e9e d\u2019avoir doubl\u00e9 la dette du pays durant ses huit ans au timon de la nation par ses budgets qui pr\u00f4naient des programmes sociaux.<\/span><\/p>\n<p style=\"text-align: left;\"><span style=\"color: #000000;\">Revenant avec son projet de mur, le pr\u00e9sident a jout\u00e9 huit milliards six cents millions de dollars (8 600 000 000,00 $), une augmentation de trois milliards sur les cinq milliards six cents millions (5 600 000 000,00 $) qu\u2019il exigeait dans son dernier budget. Ce qui avait conduit \u00e0 la fermeture partielle du gouvernement durant 35 jours, causant des torts \u00e0 nombre de familles, dont huit mille (8 000) employ\u00e9s f\u00e9d\u00e9raux cong\u00e9di\u00e9s, ou travaillant sans paie quant \u00e0 ceux occupant des positions d\u2019urgence leur interdisant de faire la gr\u00e8ve. En dernier lieu, un mouvement \u00ab<em>call sick<\/em>\u00bb (ils sont tomb\u00e9s malades), \u00e0 l\u2019initiative des aviateurs civils se disant emp\u00each\u00e9s de piloter les avions, avait affect\u00e9 toute la zone est des \u00c9tats-Unis, priv\u00e9e de services a\u00e9riens. Et le pr\u00e9sident capitula.<\/span><\/p>\n<p style=\"text-align: left;\"><span style=\"color: #000000;\">La Congress Wotan (d\u00e9put\u00e9) Pelosi, faisant allusion aux d\u00e9boires du peuple am\u00e9ricain lors du dernier \u00abshutdown\u00bb (fermeture), a avanc\u00e9: \u201cApparemment, il [le pr\u00e9sident] n\u2019a pas appris la le\u00e7on\u201d.C\u2019est dire que les d\u00e9mocrates, enhardis par leur derni\u00e8re victoire lors du bras fort avec le chef de l\u2019\u00c9tat, sont pr\u00eats \u00e0 lui tenir la drag\u00e9e haute quant \u00e0 son dernier budget. Car, le public avait tenu le pr\u00e9sident pour responsable des probl\u00e8mes d\u00e9coulant de la fermeture partielle du gouvernement. Si le pr\u00e9sident devait r\u00e9cidiver en occasionnant une autre fermeture, il encourra le risque d\u2019une perte de popularit\u00e9 juste \u00e0 la veille des \u00e9lections de l\u2019an prochain.<\/span><\/p>\n<p style=\"text-align: left;\"><span style=\"color: #000000;\">Politicienne madr\u00e9e, lundi apr\u00e8s-midi, Mme Pelosi a annonc\u00e9 qu\u2019elle s\u2019oppose \u00e0 une mise en accusation (\u201cimpeachment\u201d) du pr\u00e9sident Trump, tel que voulu par les plus jeunes l\u00e9gislateurs d\u00e9mocrates au Congr\u00e8s. Ce qui pourrait \u201cdiviser la nation\u201d, a-t-elle dit, lors d\u2019une ann\u00e9e \u00e9lectorale, \u00e0 un moment o\u00f9 M. Trump pourrait jouer la carte de la victime. Elle pr\u00e9f\u00e8re faire face \u00e0 un candidat Donald Trump \u00e0 la r\u00e9\u00e9lection sous le coup d\u2019accusations multiples et choisissant de partir en guerre pour l\u2019\u00e9rection d\u2019un mur, action rejet\u00e9e, selon les sondages, par une \u00e9crasante majorit\u00e9 de l\u2019\u00e9lectorat.<\/span><\/p>\n<hr \/>\n<p style=\"text-align: left;\"><span style=\"color: #000000;\"><strong>Apr\u00e8s le carnaval des Cayes, Sweet Mickey est contest\u00e9 \u00e0 Montr\u00e9al<\/strong><\/span><\/p>\n<p style=\"text-align: left;\"><span style=\"color: #000000;\"><img loading=\"lazy\" decoding=\"async\" class=\" wp-image-3577 alignleft\" src=\"http:\/\/haiti-observateur.ca\/wp-content\/uploads\/2019\/03\/ho13mas2019kanavalokay-300x175.jpg\" alt=\"\" width=\"287\" height=\"167\" \/>Pour le Carnaval national 2019, qui a \u00e9t\u00e9 renvoy\u00e9 officiellement, l\u2019administration Mo\u00efse-C\u00e9ant avait investi des millions pour s\u00e9curiser l\u2019ex-pr\u00e9sident-musicien durant les trois jours gras aux Cayes, la m\u00e9tropole du d\u00e9partement du Sud. Est-ce que l\u2019administration Trudeau, au Qu\u00e9bec, fera autant pour la prestation controvers\u00e9e du chanteur au verbe de fiente lors de sa prestation le vendredi 22 mars sous le patronage de \u00ab Basmint Mizik Entertainment \u00bb, second\u00e9 par les promoteurs \u00ab Good Life \u00bb et \u00ab Bel Gar\u00e7on ? \u00bb<\/span><\/p>\n<p style=\"text-align: left;\"><span style=\"color: #000000;\">En tout cas, selon un article de Jean Numa Goudou, paru sur le blog \u00ab In Texto, Jounal nou \u00bb depuis tant\u00f4t une semaine, Carl Edward Osias, de \u00ab Basmint Mizik Entertainment \u00bb affirme : \u00ab Nous sommes conscients de toute la controverse qu\u2019il y a autour de l\u2019artiste. Mais nous, nous vendons un produit et il y a des gens qui l\u2019aiment \u00bb. Ainsi, M. Osias, dit Goudou, \u201cassure que toutes les dispositions de s\u00e9curit\u00e9 ont d\u00e9j\u00e0 \u00e9t\u00e9 prises en vue d\u2019offrir du plaisir aux participants\u201d.<\/span><\/p>\n<p style=\"text-align: left;\"><span style=\"color: #000000;\">S\u00e9curit\u00e9, on aura besoin, surtout que lors d\u2019\u00e9missions ligne ouverte, plusieurs personnes appellent au boycott. Que ce soit \u00e0 Radio Centre-ville, qui clame sa \u201cneutralit\u00e9\u201d ou \u00e0 CPAM 1410, on re\u00e7oit des plaintes. Au contraire, selon Goudou, lors d\u2019une \u00e9mission Face-\u00e0-face anim\u00e9e par Jean Ernest Pierre sur les ondes de CPAM, un auditeur, m\u00e9content au possible, a temp\u00eat\u00e9 : \u00ab <em>Il faut leur lancer des pierres<\/em> \u00bb.<\/span><\/p>\n<p style=\"text-align: left;\"><span style=\"color: #000000;\">Cela rappelle une situation aux Cayes le dimanche soir, 3 mars dernier, le premier jour des ribambelles, quand la panique s\u2019est mise de la partie suite aux pierres qui pleuvaient de partout. Micky et sa bande sont sortis sains et sauf, pour repara\u00eetre le lundi, escort\u00e9 d\u2019une meute d\u2019agents de s\u00e9curit\u00e9 faisant la concurrence aux festivaliers.<\/span><\/p>\n<p style=\"text-align: left;\"><span style=\"color: #000000;\">En tout cas, depuis le 2 janvier, Fr\u00e9d\u00e9ric Boisrond, MBA, sociologue, avait adress\u00e9 une lettre ouverte au premier ministre Justin Trudeau dans laquelle il a suppli\u00e9 le chef canadien en ces termes: \u00ab De gr\u00e2ce . . . \u00e9pargnez le Canada de cette disgr\u00e2ce \u00bb. Et sur sa page Facebook on peut lire : \u00ab. . . <em>J\u2019ai fait parvenir cette lettre au premier ministre du Canada pour lui demander de tout faire pour emp\u00eacher que cet ex-pr\u00e9sident d\u2019Ha\u00efti, un chanteur qui fait l\u2019apologie du viol, ne vienne vomir son discours haineux, pervers qui normalise et glorifie la violence faite aux femmes<\/em> \u00bb.<\/span><\/p>\n<p style=\"text-align: left;\"><span style=\"color: #000000;\">Il n\u2019est que d\u2019attendre le 22 mars pour se faire une id\u00e9e des Ha\u00eftiens et Ha\u00eftiennes de la Belle Province ! N\u2019est-il pas vrai qu\u2019un proverbe veut que \u00ab Tant va la cruche \u00e0 l\u2019eau, qu\u2019\u00e0 la fin elle se case ? \u00bb Pierre Quiroule II 13 mars 2019<\/span><\/p>\n<hr \/>\n<p style=\"text-align: left;\"><span style=\"color: #000000;\">Cet article est publi\u00e9 par l\u2019hebdomadaire Ha\u00efti-Observateur, \u00e9dition du 13 mars 2019 et se trouve en <strong>P 16,<\/strong> et se trouvera\u00a0\u00e0\u00a0: <a style=\"color: #000000;\" href=\"http:\/\/haiti-observateur.ca\/wp-content\/uploads\/2019\/03\/H-O-13-march-2019.pdf\">http:\/\/haiti-observateur.ca\/wp-content\/uploads\/2019\/03\/H-O-13-march-2019.pdf<\/a><\/span><\/p>\n<p>&nbsp;<\/p>\n","protected":false},"excerpt":{"rendered":"<p>Trag\u00e9die A\u00e9rienne En \u00c9thiopie, Des R\u00e9percussions Internationales par Pierre Quiroule II NOUVELLES BR\u00c8VES Depuis dimanche dernier, 10 mars, le crash d\u2019un avion de la flotte \u00e9thiopienne, causant la mort des 157 \u00e0 bord, domine les nouvelles, car des citoyens de&#8230; <\/p>\n","protected":false},"author":1,"featured_media":3567,"comment_status":"closed","ping_status":"closed","sticky":false,"template":"","format":"standard","meta":{"footnotes":""},"categories":[8,25,28,38],"tags":[304,419,422,948,1088,1540,1621,1836,1886,2144,2316,2318],"class_list":["post-3599","post","type-post","status-publish","format-standard","has-post-thumbnail","hentry","category-canada","category-haiti","category-kompa","category-pierquiroule","tag-black-box","tag-carl-edward-osias","tag-carnaval","tag-frederique-boisrond","tag-haiti-observateur","tag-medicaid","tag-moise","tag-pelosi","tag-pierre-quiroule-ii","tag-seant","tag-trudeau","tag-trump"],"_links":{"self":[{"href":"https:\/\/haiti-observateur.news\/index.php?rest_route=\/wp\/v2\/posts\/3599","targetHints":{"allow":["GET"]}}],"collection":[{"href":"https:\/\/haiti-observateur.news\/index.php?rest_route=\/wp\/v2\/posts"}],"about":[{"href":"https:\/\/haiti-observateur.news\/index.php?rest_route=\/wp\/v2\/types\/post"}],"author":[{"embeddable":true,"href":"https:\/\/haiti-observateur.news\/index.php?rest_route=\/wp\/v2\/users\/1"}],"replies":[{"embeddable":true,"href":"https:\/\/haiti-observateur.news\/index.php?rest_route=%2Fwp%2Fv2%2Fcomments&post=3599"}],"version-history":[{"count":0,"href":"https:\/\/haiti-observateur.news\/index.php?rest_route=\/wp\/v2\/posts\/3599\/revisions"}],"wp:featuredmedia":[{"embeddable":true,"href":"https:\/\/haiti-observateur.news\/index.php?rest_route=\/"}],"wp:attachment":[{"href":"https:\/\/haiti-observateur.news\/index.php?rest_route=%2Fwp%2Fv2%2Fmedia&parent=3599"}],"wp:term":[{"taxonomy":"category","embeddable":true,"href":"https:\/\/haiti-observateur.news\/index.php?rest_route=%2Fwp%2Fv2%2Fcategories&post=3599"},{"taxonomy":"post_tag","embeddable":true,"href":"https:\/\/haiti-observateur.news\/index.php?rest_route=%2Fwp%2Fv2%2Ftags&post=3599"}],"curies":[{"name":"wp","href":"https:\/\/api.w.org\/{rel}","templated":true}]}}