{"id":3589,"date":"2019-03-13T12:25:33","date_gmt":"2019-03-13T16:25:33","guid":{"rendered":"http:\/\/haiti-observateur.ca\/?p=3589"},"modified":"2019-03-13T12:25:33","modified_gmt":"2019-03-13T16:25:33","slug":"ou-est-passe-kenneth-merten","status":"publish","type":"post","link":"https:\/\/haiti-observateur.news\/?p=3589","title":{"rendered":"O\u00f9 est Pass\u00e9 Kenneth Merten ?"},"content":{"rendered":"<p style=\"text-align: left;\"><span style=\"color: #000000;\"><strong>O\u00f9 est Pass\u00e9 Kenneth Merten ?<\/strong><\/span><\/p>\n<ul>\n<li style=\"text-align: left;\"><span style=\"color: #000000;\"><strong>LA DIPLOMATIE \u00c0 LA MODE DU D\u00c9PARTEMENT D\u2019\u00c9TAT AM\u00c9RICAIN<\/strong><\/span><\/li>\n<li style=\"text-align: left;\"><span style=\"color: #000000;\"><strong><em>Quel r\u00f4le attribu\u00e9 \u00e0 David Hale<\/em> ? <\/strong><em><a style=\"color: #000000;\" href=\"mailto:lojospo@yahoo.com\">par L\u00e9o Joseph<\/a><\/em><\/span><\/li>\n<\/ul>\n<p style=\"text-align: left;\"><span style=\"color: #000000;\"><strong>H<\/strong>a\u00efti conna\u00eet encore un autre \u00e9pisode de crise sociopolitique, le premier auquel n\u2019a pas \u00e9t\u00e9 impliqu\u00e9 le sous-secr\u00e9taire d\u2019\u00c9tat aux Affaires latino-am\u00e9ricaines et de la Cara\u00efbe, Kenneth Merten, mis hors-jeu, \u00e0 la cloche de bois, au D\u00e9partement d\u2019\u00c9tat. Le moment venu o\u00f9, comme d\u2019habitude, la diplomatie am\u00e9ricaine a besoin d\u2019un m\u00e9diateur pour mettre les Ha\u00eftiens sur le chemin de l\u2019entente entre eux, M. Merten n\u2019a pas \u00e9t\u00e9 disponible. L\u2019ambassadeur David Hale, un diplomate d\u00e9pourvu d\u2019exp\u00e9riences par rapport \u00e0 Ha\u00efti, a \u00e9t\u00e9 choisi pour remplir ce r\u00f4le. O\u00f9 est donc pass\u00e9 M. Merten ? Quel r\u00f4le est attribu\u00e9 \u00e0 celui qui a \u00e9t\u00e9 envoy\u00e9 \u00e0 sa place, sans porter le titre qu\u2019il avait ?<\/span><\/p>\n<p style=\"text-align: left;\"><span style=\"color: #000000;\">Lors de sa visite, \u00e0 la capitale ha\u00eftienne, qui n\u2019a dur\u00e9 qu\u2019un seul jour, M. Hale a eu l\u2019occasion de rencontrer le pr\u00e9sident ha\u00eftien, Jovenel Mo\u00efse, le premier ministre, Jean Henry C\u00e9ant, le s\u00e9nateur \u00c9vali\u00e8re Beauplan, en tant que repr\u00e9sentant du Parlement, ainsi que des personnalit\u00e9s de partis politiques, en sus des membres du secteur priv\u00e9 et de la soci\u00e9t\u00e9 civile. S\u2019il faut r\u00e9sumer la mission accomplie par l\u2019ambassadeur Hale, on dira que l\u2019appui de Jovenel Mo\u00efse n\u2019est pas n\u00e9cessairement au rendez-vous de la mani\u00e8re dont il est g\u00e9n\u00e9ralement formul\u00e9 apr\u00e8s le passage en Ha\u00efti de Merten, ou quelque autre \u00e9missaire du D\u00e9partement d\u2019\u00c9tat. Certes, peu habitu\u00e9 avec les acteurs politiques ha\u00eftiens, David Hale est rest\u00e9 attach\u00e9 \u00e0 l\u2019essentiel des demandes (faut-il dire de pr\u00e9f\u00e9rence souhaits ?) de Washington : encourager le dialogue interha\u00eftien et le renouvellement des \u00e9lus par le truchement des \u00e9lections. Sans la mise en \u00e9vidence de la d\u00e9claration ch\u00e8re \u00e0 Merten : les \u00e9lections sont le passage oblig\u00e9 pour acc\u00e9der au pouvoir. Cette subtilit\u00e9 dans la d\u00e9claration \u00e9mise par l\u2019ambassade am\u00e9ricaine, apr\u00e8s la visite de M. Hale, qui n\u2019a aucune attribution au D\u00e9partement d\u2019\u00c9tat par rap- port au dossier ha\u00eftien, traduit-elle une \u00ab rel\u00e8ve de la garde \u00bb, au Bureau des Affaires latino-am\u00e9ricaines et de la Cara\u00efbe, \u00e0 cette institution ? Il est donc opportun de se demander si l\u2019absence de Merten de la fonction qu\u2019il occupait signifie une modification de la politique am\u00e9ricaine envers Ha\u00efti ? Ou bien sa reformulation ? Il semble que l\u2019\u00e9tablissement de cette diff\u00e9rence ait \u00e9t\u00e9 rendu n\u00e9cessaire, car Merten indisponible, il a fallu envoyer un \u00e9missaire en Ha\u00efti avant m\u00eame que soit nomm\u00e9 son successeur.<\/span><\/p>\n<p style=\"text-align: left;\"><span style=\"color: #000000;\"><strong>Faut-il parler de la mise \u00e0 la porte de Kenneth Merten ?<\/strong><\/span><\/p>\n<p style=\"text-align: left;\"><span style=\"color: #000000;\">L\u2019absence inopin\u00e9e de Kenneth Merten du dossier ha\u00eftien, dans le cadre de la crise sociopolitique la plus aig\u00fce que le pays ait jamais connue, n\u2019est pas pass\u00e9e inaper\u00e7ue pour les observateurs perspicaces. Ancien ambassadeur des \u00c9tats-Unis en Ha\u00efti, avant de prendre en charge le dossier ha\u00ef- tien en tant que sous-secr\u00e9taire d\u2019\u00c9tat aux Affaires latino-am\u00e9ricaines et de la Cara\u00efbe, M. Merten s\u2019est \u00e9clips\u00e9 du D\u00e9partement d\u2019\u00c9tat sans aucune explication. Une situation anormale, surtout qu\u2019aucune communication n\u2019est venue expliquer le motif de son d\u00e9placement inattendu, ni \u00e0 quelle fonction il est mut\u00e9, ou s\u2019il est parti en retraite.<\/span><\/p>\n<p style=\"text-align: left;\"><span style=\"color: #000000;\">Quand on se rappelle que la derni\u00e8re intervention de Kenneth Merten, dans le dossier ha\u00eftien, apr\u00e8s les premi\u00e8res manifestations des PetroChallengers, avisant que le pouvoir s\u2019obtient par la voie des \u00e9lections, n\u2019avait pas fait l\u2019unanimit\u00e9 au D\u00e9partement d\u2019\u00c9tat, son rempla\u00e7ant par M. Hale serait compr\u00e9hensible. Mais pas de la mani\u00e8re dont cette substitution est op\u00e9r\u00e9e. \u00a0Aussi comprend-on pourquoi d\u2019aucuns parlent d\u00e9j\u00e0 de la mise \u00e0 la porte de Merten.<\/span><\/p>\n<p style=\"text-align: left;\"><span style=\"color: #000000;\">Le silence obstin\u00e9 de la diplomatie am\u00e9ricaine, par rapport au retrait de service de l\u2019ambassadeur Merten, ne fait qu\u2019encourager les conjectures portant sur des d\u00e9boires \u00e9ventuels de ce dernier, surtout que des rumeurs persistantes, ces derniers temps, font \u00e9tat de \u00ab d\u00e9cisions ind\u00e9licates\u00bb, voire m\u00eame ill\u00e9gales, qu\u2019il aurait prises, dans le cadre de sa mission, en tant que diplomate affect\u00e9 en Ha\u00efti. Des observateurs pensent que le fait par le D\u00e9partement d\u2019\u00c9tat de n\u2019avoir pas nomm\u00e9 un rempla\u00e7ant d\u00e9finitif \u00e0 l\u2019int\u00e9ress\u00e9 conforte la th\u00e8se de la \u00ab mise en quarantaine \u00bb de Merten.<\/span><\/p>\n<hr \/>\n\n<p style=\"text-align: left;\"><span style=\"color: #000000;\"><strong>Comment expliquer la mise au rancart de Merten ?<\/strong><\/span><\/p>\n<p style=\"text-align: left;\"><span style=\"color: #000000;\">La mani\u00e8re dont Kenneth Merten intervenait dans le dossier attirait sur lui les foudres de nombreux Ha\u00eftiens inscrits dans la mouvance patriotique, qui ne cessent de crier \u00ab ing\u00e9rence \u00e9hont\u00e9e \u00bb dans les affaires internes d\u2019Ha\u00efti. Face au silence du D\u00e9partement d\u2019\u00c9tat, en ce qui le concerne, les conjectures se donnent libre cours. Pour certains, ce dernier a une bonne raison de taire les raisons de l\u2019\u00e9cartement de M. Merten. Selon eux, il ne peut s\u2019agir d\u2019un motif louable, autrement des \u00e9loges \u00e0 n\u2019en plus finir auraient \u00e9t\u00e9 adress\u00e9s \u00e0 son endroit. Apr\u00e8s toutes les ann\u00e9es qu\u2019il a pass\u00e9es au service de la diplomatie de son pays, ce serait une bonne occasion de faire parler et d\u2019\u00e9crire de lui. Selon toute vraisemblance, dans les pr\u00e9sentes conditions de la suspension de ses activit\u00e9s diplomatiques, il vaut mieux garder le mutisme que d\u2019exposer Merten et l\u2019institution qu\u2019il a servie aux critiques des uns et des autres.<\/span><\/p>\n<p style=\"text-align: left;\"><span style=\"color: #000000;\">Mais d\u2019autres pensent que l\u2019attitude du D\u00e9partement d\u2019\u00c9tat est, pour le moins, inhabituelle, arguant qu\u2019un fonctionnaire de la trempe de Kenneth Merten m\u00e9rite mieux. \u00c0 moins qu\u2019il soit accus\u00e9 d\u2019actes r\u00e9pr\u00e9hensibles dans le cadre de sa carri\u00e8re.<\/span><\/p>\n<p style=\"text-align: left;\"><span style=\"color: #000000;\">Cette id\u00e9e circule dans certains milieux diplomatiques, \u00e0 Washington, o\u00f9 elle est progressivement accr\u00e9dit\u00e9e, ces derni\u00e8res semaines, suite \u00e0 la diffusion de certaines rumeurs relatives \u00e0 de \u00abmauvaises conduites \u00bb attribu\u00e9es \u00e0 Merten, durant son tour de service en Ha\u00efti.<\/span><\/p>\n<p style=\"text-align: left;\"><span style=\"color: #000000;\">En effet, on parle de d\u00e9cisions relatives, principalement, au Fonds de reconstruction d\u2019Ha\u00efti post-s\u00e9isme (FRH), de concert, dit-on, avec l\u2019ex-pr\u00e9sident d\u00e9mocrate Bill Clinton. Ont \u00e9t\u00e9 \u00e9galement faites des all\u00e9gations selon lesquelles M. Merten avait des \u00abliaisons d\u2019affaires \u00bb avec le groupe Bidgio.<\/span><\/p>\n<p style=\"text-align: left;\"><span style=\"color: #000000;\">Voil\u00e0 pourquoi certaines gens font croire que de tels faits seraient susceptibles de d\u00e9clencher une enqu\u00eate du Bureau f\u00e9d\u00e9ral d\u2019investigation (FBI) sur l\u2019ancien ambassadeur. Selon eux, cela expliquerait parfaitement la mani\u00e8re dont le D\u00e9partement d\u2019\u00c9tat g\u00e8re le cas Merten. L.J.<\/span><\/p>\n<hr \/>\n<p style=\"text-align: left;\"><span style=\"color: #000000;\">Cet article est publi\u00e9 par l\u2019hebdomadaire Ha\u00efti-Observateur, \u00e9dition du 13 mars 2019 et se trouve en <strong>P 1, 2,<\/strong> et se trouvera\u00a0\u00e0\u00a0: <a style=\"color: #000000;\" href=\"http:\/\/haiti-observateur.ca\/wp-content\/uploads\/2019\/03\/H-O-13-march-2019.pdf\">http:\/\/haiti-observateur.ca\/wp-content\/uploads\/2019\/03\/H-O-13-march-2019.pdf<\/a><\/span><\/p>\n","protected":false},"excerpt":{"rendered":"<p>O\u00f9 est Pass\u00e9 Kenneth Merten ? LA DIPLOMATIE \u00c0 LA MODE DU D\u00c9PARTEMENT D\u2019\u00c9TAT AM\u00c9RICAIN Quel r\u00f4le attribu\u00e9 \u00e0 David Hale ? par L\u00e9o Joseph Ha\u00efti conna\u00eet encore un autre \u00e9pisode de crise sociopolitique, le premier auquel n\u2019a pas \u00e9t\u00e9&#8230; <\/p>\n","protected":false},"author":1,"featured_media":3578,"comment_status":"closed","ping_status":"closed","sticky":false,"template":"","format":"standard","meta":{"footnotes":""},"categories":[15,25,30,51],"tags":[294,591,625,684,951,1088,1282,1312,1409,1558,1861],"class_list":["post-3589","post","type-post","status-publish","format-standard","has-post-thumbnail","hentry","category-diplomatie","category-haiti","category-leo-joseph","category-usa","tag-bidgio","tag-crise","tag-david-hall","tag-dialogue","tag-frh","tag-haiti-observateur","tag-jovenel","tag-kenneth","tag-leo-joseph","tag-merten","tag-petrochallengers"],"_links":{"self":[{"href":"https:\/\/haiti-observateur.news\/index.php?rest_route=\/wp\/v2\/posts\/3589","targetHints":{"allow":["GET"]}}],"collection":[{"href":"https:\/\/haiti-observateur.news\/index.php?rest_route=\/wp\/v2\/posts"}],"about":[{"href":"https:\/\/haiti-observateur.news\/index.php?rest_route=\/wp\/v2\/types\/post"}],"author":[{"embeddable":true,"href":"https:\/\/haiti-observateur.news\/index.php?rest_route=\/wp\/v2\/users\/1"}],"replies":[{"embeddable":true,"href":"https:\/\/haiti-observateur.news\/index.php?rest_route=%2Fwp%2Fv2%2Fcomments&post=3589"}],"version-history":[{"count":0,"href":"https:\/\/haiti-observateur.news\/index.php?rest_route=\/wp\/v2\/posts\/3589\/revisions"}],"wp:featuredmedia":[{"embeddable":true,"href":"https:\/\/haiti-observateur.news\/index.php?rest_route=\/"}],"wp:attachment":[{"href":"https:\/\/haiti-observateur.news\/index.php?rest_route=%2Fwp%2Fv2%2Fmedia&parent=3589"}],"wp:term":[{"taxonomy":"category","embeddable":true,"href":"https:\/\/haiti-observateur.news\/index.php?rest_route=%2Fwp%2Fv2%2Fcategories&post=3589"},{"taxonomy":"post_tag","embeddable":true,"href":"https:\/\/haiti-observateur.news\/index.php?rest_route=%2Fwp%2Fv2%2Ftags&post=3589"}],"curies":[{"name":"wp","href":"https:\/\/api.w.org\/{rel}","templated":true}]}}