{"id":3332,"date":"2019-02-06T09:15:12","date_gmt":"2019-02-06T14:15:12","guid":{"rendered":"http:\/\/haiti-observateur.ca\/?p=3332"},"modified":"2019-02-06T09:15:12","modified_gmt":"2019-02-06T14:15:12","slug":"nouvelles-breves-du-7-fevrier-1986-au-7-fevrier-2019","status":"publish","type":"post","link":"https:\/\/haiti-observateur.news\/?p=3332","title":{"rendered":"NOUVELLES BR\u00c8VES Du 7 f\u00e9vrier 1986 au 7 f\u00e9vrier 2019"},"content":{"rendered":"<p style=\"text-align: left;\"><span style=\"color: #000000;\"><strong>NOUVELLES BR\u00c8VES\u00a0<\/strong><em>par Pierre Quiroule II<\/em><\/span><\/p>\n<ul style=\"text-align: left;\">\n<li><span style=\"color: #000000;\"><strong>Du 7 f\u00e9vrier 1986 au 7 f\u00e9vrier 2019<\/strong><\/span><\/li>\n<\/ul>\n<p style=\"text-align: left;\"><span style=\"color: #000000;\">Ce 7 f\u00e9vrier ram\u00e8ne le 33e anniversaire de la chute de la dictature des Duvalier, quand Jean-Claude Duvalier, au volant de sa BMW, avec ses passagers, Mich\u00e8le Duvalier Bennett et leur fils Fran\u00e7ois Nicolas, \u00e2g\u00e9 de trois ans, se dirigeait vers l\u2019a\u00e9roport Fran\u00e7ois Duvalier o\u00f9 un appareil de l\u2019Air Force am\u00e9ricaine attendait pour les transporter vers leur nouvelle demeure en France. Dire que le jeune dictateur d\u00e9chu mentait une derni\u00e8re fois \u00e0 sa garde pr\u00e9torien ne quand, conseill\u00e9 par Prosper Avril, le jeune officier qui l\u2019accompagnait, de dire aux soldats qui le saluaient \u00e0 sa sortie de l\u2019ascenseur, qu\u2019il accompagnait son \u00e9pouse \u00e0 l\u2019a\u00e9roport en voyage m\u00e9dical, qu\u2019il serait de retour sous peu.<\/span><\/p>\n<p style=\"text-align: left;\"><span style=\"color: #000000;\">Mais c\u2019\u00e9tait bien \u00ab Au revoir Ha\u00efti !\u00bb Car, de retour seul au Palais, Prosper Avril devait dire \u00e0 certains Tontons-Macoute affublant l\u2019uniforme du corps r\u00e9pressif de se d\u00e9barrasser le plus vite possible de leur uniforme, car la chasse aux Macoutes \u00e9tait \u00e0 l\u2019ordre du jour. Tout le monde conna\u00eet la suite.<\/span><\/p>\n<p style=\"text-align: left;\"><span style=\"color: #000000;\">Certains voudraient nous peindre une histoire autre que celle qu\u2019a v\u00e9cue le pays sous la dictature presque trentenaire de cette famille de dictateurs, responsable de milliers de victimes, de l\u2019exil de 80 % des professionnels et d\u2019intellectuels ha\u00eftiens, \u0153uvrant dans des domaines divers au bien-\u00eatre des citoyens de leurs pays d\u2019adoption, tandis que tout se d\u00e9gradait au pays natal pour atteindre l\u2019\u00e9tat de d\u00e9s\u00e9quilibre qui pr\u00e9domine actuellement au pays.<\/span><\/p>\n<p style=\"text-align: left;\"><span style=\"color: #000000;\">On notera qu\u2019\u00e0 l\u2019heure de PetroCaribe, la somme de neuf cents millions de dollars (900 000 000,00 $) qui a disparu avec Jean-Claude Duvalier et Mich\u00e8le Bennett Duvalier, en 1986, repr\u00e9sente la somme de deux milliards six millions de dollars ajust\u00e9s, inflation incluse ($2 002 000 000,00). Il ressort que cette famille est log\u00e9e \u00e0 la m\u00eame enseigne que les nouveaux voleurs de plus des quatre milliards de PetroCaribe, selon le dernier rapport de la Cour sup\u00e9rieure des comptes et du contentieux administratif.<\/span><\/p>\n<p style=\"text-align: left;\"><span style=\"color: #000000;\"><img loading=\"lazy\" decoding=\"async\" class=\" wp-image-3310 alignleft\" src=\"http:\/\/haiti-observateur.ca\/wp-content\/uploads\/2019\/02\/HO6fevrier2019duvalier2.jpg\" alt=\"\" width=\"226\" height=\"157\" \/>Se basant sur l\u2019ignorance des faits de la nouvelle g\u00e9n\u00e9ration, on voudrait nous refiler un fils et petit-fils de dictateurs comme \u00ab le nouveau sauveur d\u2019Ha\u00efti \u00bb du nom de Fran\u00e7ois Nicolas Jean-Claude Duvalier. Bien qu\u2019il ait dit que la seule chose \u00e0 lui reprocher serait \u00able vol d\u2019un biberon d\u2019un autre b\u00e9b\u00e9, car il n\u2019avait que trois ans quand il laissa le pays, en 1986; il doit, toutefois, fournir des explications sur la nature de la fortune ayant pourvu \u00e0 son \u00e9ducation et \u00e0 sa campagne pr\u00e9sidentielle en gestation.<\/span><\/p>\n<hr \/>\n<p style=\"text-align: left;\"><span style=\"color: #000000;\"><strong>Autres activit\u00e9s ce 7 f\u00e9vrier<\/strong><\/span><\/p>\n<p style=\"text-align: left;\"><span style=\"color: #000000;\">Une temp\u00eate s\u2019annonce ce 7 f\u00e9vrier, comme pour saluer le 33e anniversaire de la chute d\u2019une dictature et comm\u00e9morer le 2e anniversaire de l\u2019inauguration de la pr\u00e9sidence de Jovenel Mo\u00efse, dit N\u00e8g Ban nann nan. Le secteur, dit d\u00e9mocratique et populaire, a lanc\u00e9 un mot d\u2019ordre de manifestations pour ranimer la flamme anticorruption et exiger le d\u00e9part de l\u2019\u00e9quipe au pouvoir. Pourtant, ce m\u00eame jour, le pr\u00e9sident Mo\u00efse et, sans doute, son Premier ministre se mettaient en t\u00eate de lancer \u00able dialogue avec tous les partis politiques \u00bb, savoir que tout le monde, m\u00eame les plus coriaces de l\u2019opposition, se retrouve autour d\u2019une table pour discuter de l\u2019avenir du pays. Mais, Edmonde Supplice Beauzile annonce d\u00e9j\u00e0 l\u2019\u00e9chec du \u00ab dialogue\u00bb. Dans une note rendue publique lundi dernier, elle sugg\u00e8re que le pr\u00e9sident \u00abmette son mandat sur la table, qu\u2019il fasse son mea culpa et qu\u2019il pose des gestes concrets pour favoriser la tenue d\u2019un dialogue \u00bb.De plus, elle se dit \u00ab inqui\u00e8te du pourrissement de la situation au pays \u00bb. Par cette d\u00e9claration, Mme Beauzile dit bien haut ce que d\u2019autres chuchotent.<\/span><\/p>\n<hr \/>\n<p style=\"text-align: left;\"><span style=\"color: #000000;\"><strong>Entre-temps, le 7 f\u00e9vrier, Radio Kiskeya revient dans l\u2019air.<\/strong><\/span><\/p>\n<p style=\"text-align: left;\"><span style=\"color: #000000;\">Dans un tweet, Frantz Duval, du quotidien Le Nouvelliste, pr\u00e9sident l\u2019Association nationale des m\u00e9dias ha\u00eftiens (ANMH) souhaite qu\u2019en solidarit\u00e9 avec Kiskeya, les membres de l\u2019Association re transmettent cet \u00e9v\u00e9nement, de 4:00 h \u00e0 4:15 pm, ce jeudi. On se rappellera que le 21 d\u00e9cembre, au soir, un incendie d\u2019origine douteuse avait compl\u00e8tement d\u00e9truit les locaux o\u00f9 logeait la Radio-TV Kiskeya, \u00e0 Port-au-Prince. Les pompiers alert\u00e9s plus d\u2019une fois sont arriv\u00e9s apr\u00e8s la conflagration. Les responsables de la station ont intent\u00e9 une action en justice. La solidarit\u00e9 nationale et internationale compte pour beaucoup dans la reprise des \u00e9missions tant pris\u00e9es de Liliane Pierre-Paul et de Marvel Dandin ainsi que de leurs associ\u00e9-e-s.<\/span><\/p>\n<p style=\"text-align: left;\"><span style=\"color: #000000;\"><img loading=\"lazy\" decoding=\"async\" class=\" wp-image-3317 alignleft\" src=\"http:\/\/haiti-observateur.ca\/wp-content\/uploads\/2019\/02\/HO6fevrier2019nayib1-300x247.jpg\" alt=\"\" width=\"248\" height=\"204\" \/>Un nouveau pr\u00e9sident au Salvador\u2015 Ex-maire de San Salvador, Nayib Armando Bukele, 37 ans, a \u00e9t\u00e9 \u00e9lu pr\u00e9sident, dimanche dernier, 3 f\u00e9vrier, au premier tour avec 57,3 % du scrutin, avec un comptage de 89 % du vote, d\u2019El Salvador, ce pays de 6,5 millions d\u2019habitants de l\u2019Am\u00e9rique centrale, sous une plateforme anticorruption. Un pays subissant l\u2019assaut de gangs, El Salvador ressemble \u00e0 Ha\u00efti avec des gangs occupant des zones dites de non-droit. Les autorit\u00e9s ha\u00eftiennes gagneraient \u00e0 observer quelle politique suivra M. Bukele, Salvadorien d\u2019origine palestinienne, pour r\u00e9soudre le probl\u00e8me des gangs. On reviendra sur ce sujet dans notre prochaine \u00e9dition.<\/span><\/p>\n<hr \/>\n<p style=\"text-align: left;\"><span style=\"color: #000000;\"><strong>Le pr\u00e9sident Donald Trump a, enfin, d\u00e9livr\u00e9 son \u00abMessage \u00e0 la Nation \u00bb hier soir (mardi 5 f\u00e9vrier).<\/strong><\/span><\/p>\n<p style=\"text-align: left;\"><span style=\"color: #000000;\">Durant une heure et vingt minutes, le pr\u00e9sident s\u2019est ing\u00e9ni\u00e9 \u00e0 toucher les cordes sensibles de tout le monde, qu\u2019ils soient r\u00e9publicains ou d\u00e9mocrates, en introduisant diff\u00e9rentes personnes invit\u00e9es sp\u00e9cialement \u00e0 cette fin : Deux Noirs, une femme et un homme, ayant b\u00e9n\u00e9fici\u00e9 de pardon pour avoir \u00e9t\u00e9 condamn\u00e9 \u00e0 des peines d\u2019incarc\u00e9ration de longue dur\u00e9e pour vente de stup\u00e9fiants; une fillette de 10 ans ayant b\u00e9n\u00e9fici\u00e9 d\u2019un programme dont le pr\u00e9sident est l\u2019initiateur; un h\u00e9ros de la 2e Guerre mondiale; deux rescap\u00e9s du nazisme; deux survivants de l\u2019attaque antis\u00e9mite \u00e0 Pittsburgh, Pennsylvania, l\u2019ann\u00e9e derni\u00e8re, etc. Applaudissements de d\u00e9mocrates et de r\u00e9publicains, cela va sans dire. Habilement, il a avanc\u00e9 que l\u2019on doit travailler ensemble et r\u00e9ussir des merveilles en tant qu\u2019Am\u00e9ricains. Mais comment peut-on y arriver avec des \u00ab investigations inutiles\u00bb? Suivez mon regard ! Les d\u00e9mocrates n\u2019ont pas applaudi. Et puis, il a parl\u00e9 de mur \u00e0 San Diego, une ville qui avait une r\u00e9putation de criminels qui hantaient la soci\u00e9t\u00e9. Depuis l\u2019\u00e9rection d\u2019un mur l\u00e0-bas, c\u2019est le changement pour le bien de toute la communaut\u00e9. Pas d\u2019applaudissement de la part des d\u00e9mocrates. En tout cas, il ne parle plus d\u2019un mur en b\u00e9ton, mais d\u2019une sorte de s\u00e9paration qui n\u2019obstrue pas la vision. On reviendra la semai ne prochaine avec des d\u00e9tails.<\/span><\/p>\n<p style=\"text-align: left;\"><span style=\"color: #000000;\"><strong>Le pr\u00e9sident Trump en porte \u00e0 faux avec les professionnels de l\u2019Intelligence<\/strong><\/span><\/p>\n<p style=\"text-align: left;\"><span style=\"color: #000000;\">Le pr\u00e9sident Donald Trump est parti en guerre, mercredi dernier (30 janvier), contre les professionnels charg\u00e9s des services d\u2019intelligence des \u00c9tats-Unis (EU), allant jusqu\u2019\u00e0 dire que ces \u00abgens des services d\u2019intelligence me paraissent extr\u00eamement passifs et na\u00effs en ce qui concerne l\u2019Iran. Ils se trompent \u00e0 son sujet.\u00a0 . . . Il faut \u00eatre sur ses gardes avec l\u2019Iran. Peut-\u00eatre que le personnel du Service d\u2019intelligence devrait retourner en classe \u00bb.<\/span><\/p>\n<p style=\"text-align: left;\"><span style=\"color: #000000;\">Cette sortie du pr\u00e9sident sur Twitter \u00e9tait en r\u00e9action aux t\u00e9moignages des chefs d\u2019intelligence, la veille, par devant un comit\u00e9 du S\u00e9nat o\u00f9 ils avaient exprim\u00e9 des points de vue contraires \u00e0 ceux du chef d\u2019\u00c9tat relatif \u00e0 certains pays, dont l\u2019Iran, la Cor\u00e9e du Nord et l\u2019\u00c9tat islamiste, plus connu sous le nom d\u2019ISIS.<\/span><\/p>\n<p style=\"text-align: left;\"><span style=\"color: #000000;\">Concernant l\u2019Iran, bien que le pr\u00e9sident Trump ait renonc\u00e9 \u00e0 l\u2019entente pourtant cautionn\u00e9e par les alli\u00e9s europ\u00e9ens des Am\u00e9ricains, ayant laiss\u00e9 tomber des sanctions contre l\u2019Iran, les professionnels maintiennent que jusqu\u2019\u00e0 pr\u00e9sent ce pays tient parole. En effet, Dan Coats, directeur de \u00ab National Intelligence \u00bb, le doyen des services d\u2019intelligence, a avanc\u00e9 lors de son t\u00e9moignage au comit\u00e9 s\u00e9natorial, le 29 janvier : \u00ab Nous ne croyons pas que l\u2019Iran entreprenne actuellement des activit\u00e9s que nous jugeons n\u00e9cessaires pour la production d\u2019un engin nucl\u00e9aire \u00bb.<\/span><\/p>\n<p style=\"text-align: left;\"><span style=\"color: #000000;\">Par contre, en ce qui a trait \u00e0 l\u2019\u00c9tat islamiste, d\u00e9clar\u00e9 vaincu par le pr\u00e9sident Trump, ayant m\u00eame annonc\u00e9 son intention de faire le retrait des troupes am\u00e9ricaines de la Syrie, Coats devait dire aux s\u00e9nateurs : \u00abISIS est d\u00e9termin\u00e9e \u00e0 resurgir et compte sous son commandement des milliers de combattants en Iraq et en Syrie\u00bb. En ce qui concerne la Cor\u00e9e du Nord, le pr\u00e9sident Trump s\u2019appr\u00eate \u00e0 rencontrer sous peu le leader nord-cor\u00e9en Kim Jong Un. Jusqu\u2019\u00e0 pr\u00e9sent, aucune date n\u2019est retenue. Il croit fermement que le jeune dictateur veut vraiment se d\u00e9faire de son programme d\u2019armes nucl\u00e9aires. Pourtant, les professionnels de l\u2019intelligence ne sont pas de cet avis.<\/span><\/p>\n<p style=\"text-align: left;\"><span style=\"color: #000000;\">Lors de son t\u00e9moignage par-devant le S\u00e9nat, Gina Haspel, directrice de la CIA (Central Intelligence Agency), nomm\u00e9e \u00e0 ce poste par le pr\u00e9sident Trump, a affirm\u00e9 qu\u2019il y a \u00e9vidence que la Cor\u00e9e du Nord \u00ab est d\u00e9termin\u00e9e \u00e0 d\u00e9velopper un missile \u00e0 capacit\u00e9 nucl\u00e9aire de longue port\u00e9e, \u00e0 m\u00eame de constituer une menace directe aux \u00c9tats-Unis \u00bb.<\/span><\/p>\n<p style=\"text-align: left;\"><span style=\"color: #000000;\">Ce n\u2019est pas Dan Coats qui contredirait Gina Haspel. Il rench\u00e9rit en disant que tandis que Kim pr\u00e9tend \u00abaccueillir \u00bb l\u2019id\u00e9e d\u2019\u00e9liminer les armes de destruction massive, \u00abquant \u00e0 pr\u00e9sent nous sommes enclins \u00e0 croire qu\u2019il s\u2019engagera \u00e0 trouver les moyens pour retenir sa capacit\u00e9 en armes de destruction massive et n\u2019est pas du tout dispos\u00e9 \u00e0 se d\u00e9faire compl\u00e8tement de son arsenal nucl\u00e9aire, ni de sa capacit\u00e9 d\u2019en produire davantage \u00bb.<\/span><\/p>\n<p style=\"text-align: left;\"><span style=\"color: #000000;\">Dans ce bras de fer entre le pr\u00e9sident et les professionnels des services d\u2019intelligence, ces derniers retiennent la consid\u00e9ration des anciens professionnels d\u2019intelligence retrait\u00e9s.<\/span><\/p>\n<p style=\"text-align: left;\"><span style=\"color: #000000;\">Ainsi, Michael Morell, ex directeur adjoint de la CIA, s\u2019est fait le porte-parole de bons nombres en \u00e9mettant un tweet, le 30 janvier, pour dire : \u00abCes gens de l\u2019intelligence sont des professionnels entra\u00een\u00e9s qui se mettent, chaque jour, au service de notre nation avec honneur et dignit\u00e9. Ils ne se m\u00ealent pas de politique quand il s\u2019agit de notre s\u00e9curit\u00e9. Au grand jamais, non ! Ils m\u00e9ritent le respect du pr\u00e9sident, pas une r\u00e9primande en public, ce qui n\u2019est qu\u2019\u00e0 l\u2019avantage de nos adversaires \u00bb. Le torchon br\u00fble. Le chef d\u2019\u00c9tat n\u2019a rien \u00e0 gagner en se consid\u00e9rant un expert qui n\u2019a rien \u00e0 apprendre de ceux qui sont entra\u00een\u00e9s pour accomplir une t\u00e2che assez d\u00e9licate. Avant de les humilier publiquement, il gagnerait, peut-\u00eatre, \u00e0 les renvoyer tout court. Car, de toute \u00e9vidence, le pr\u00e9sident pense qu\u2019il poss\u00e8de la science infuse.<\/span><\/p>\n<p style=\"text-align: left;\"><span style=\"color: #000000;\"><strong>Pierre Quiroule II, <\/strong><em>6 f\u00e9vrier 2019<\/em><\/span><\/p>\n<hr \/>\n<p style=\"text-align: left;\"><span style=\"color: #000000;\">cet article est publi\u00e9 par l&rsquo;hebdomadaire Haiti-Observateur, \u00e9dition du 6 f\u00e9vrier 2019 et se trouve en <strong>P. 16, 12<\/strong>\u00a0\u00e0\u00a0<a style=\"color: #000000;\" href=\"http:\/\/haiti-observateur.ca\/wp-content\/uploads\/2019\/02\/H-O-6-fevrier-2019.pdf\">http:\/\/haiti-observateur.ca\/wp-content\/uploads\/2019\/02\/H-O-6-fevrier-2019.pdf<\/a><\/span><\/p>\n","protected":false},"excerpt":{"rendered":"<p>NOUVELLES BR\u00c8VES\u00a0par Pierre Quiroule II Du 7 f\u00e9vrier 1986 au 7 f\u00e9vrier 2019 Ce 7 f\u00e9vrier ram\u00e8ne le 33e anniversaire de la chute de la dictature des Duvalier, quand Jean-Claude Duvalier, au volant de sa BMW, avec ses passagers, Mich\u00e8le&#8230; <\/p>\n","protected":false},"author":1,"featured_media":3309,"comment_status":"closed","ping_status":"closed","sticky":false,"template":"","format":"standard","meta":{"footnotes":""},"categories":[23,25,38,51],"tags":[484,617,762,1007,1088,1204,1323,1671,1840,1884,2287,2318,2331],"class_list":["post-3332","post","type-post","status-publish","format-standard","has-post-thumbnail","hentry","category-francais","category-haiti","category-pierquiroule","category-usa","tag-cia","tag-dan-coast","tag-duvalier","tag-gina-haspel","tag-haiti-observateur","tag-iran","tag-kin-jong","tag-nayib-armando-bukele","tag-pennsylvania","tag-pierre-kiroule-ii","tag-torchon","tag-trump","tag-twitter"],"_links":{"self":[{"href":"https:\/\/haiti-observateur.news\/index.php?rest_route=\/wp\/v2\/posts\/3332","targetHints":{"allow":["GET"]}}],"collection":[{"href":"https:\/\/haiti-observateur.news\/index.php?rest_route=\/wp\/v2\/posts"}],"about":[{"href":"https:\/\/haiti-observateur.news\/index.php?rest_route=\/wp\/v2\/types\/post"}],"author":[{"embeddable":true,"href":"https:\/\/haiti-observateur.news\/index.php?rest_route=\/wp\/v2\/users\/1"}],"replies":[{"embeddable":true,"href":"https:\/\/haiti-observateur.news\/index.php?rest_route=%2Fwp%2Fv2%2Fcomments&post=3332"}],"version-history":[{"count":0,"href":"https:\/\/haiti-observateur.news\/index.php?rest_route=\/wp\/v2\/posts\/3332\/revisions"}],"wp:featuredmedia":[{"embeddable":true,"href":"https:\/\/haiti-observateur.news\/index.php?rest_route=\/"}],"wp:attachment":[{"href":"https:\/\/haiti-observateur.news\/index.php?rest_route=%2Fwp%2Fv2%2Fmedia&parent=3332"}],"wp:term":[{"taxonomy":"category","embeddable":true,"href":"https:\/\/haiti-observateur.news\/index.php?rest_route=%2Fwp%2Fv2%2Fcategories&post=3332"},{"taxonomy":"post_tag","embeddable":true,"href":"https:\/\/haiti-observateur.news\/index.php?rest_route=%2Fwp%2Fv2%2Ftags&post=3332"}],"curies":[{"name":"wp","href":"https:\/\/api.w.org\/{rel}","templated":true}]}}