{"id":3254,"date":"2019-01-23T08:19:09","date_gmt":"2019-01-23T13:19:09","guid":{"rendered":"http:\/\/haiti-observateur.ca\/?p=3254"},"modified":"2019-01-23T08:19:09","modified_gmt":"2019-01-23T13:19:09","slug":"jovenel-moise-demissionne-pour-diriger-une-transition-de-3-ans","status":"publish","type":"post","link":"https:\/\/haiti-observateur.news\/?p=3254","title":{"rendered":"Jovenel Mo\u00efse d\u00e9missionne pour diriger une transition de 3 ans"},"content":{"rendered":"<p style=\"text-align: left;\"><strong><span style=\"color: #000000;\">L\u2019HOMME D\u2019AFFAIRES R\u00c9GINALD BOULOS CONSEILLE<\/span><\/strong><\/p>\n<ul>\n<li style=\"text-align: left;\"><span style=\"color: #000000;\"><em>Jovenel Mo\u00efse d\u00e9missionne pour diriger une transition de 3 ans<\/em><\/span><\/li>\n<\/ul>\n<p style=\"text-align: left;\"><span style=\"color: #000000;\">L\u2019homme d\u2019affaires R\u00e9ginald Boulos, qui\u00a0 a une\u00a0 r\u00e9putation de \u00ab<em>faiseur<\/em><em> de rois <\/em>\u00bb, consid\u00e9r\u00e9 aussi comme un des architectes du syst\u00e8me politique <em>T\u00e8t Kale<\/em>, croit avoir trouv\u00e9 la formule id\u00e9ale pour sortir Jovenel Mo\u00efse de la crise dans laquelle il s\u2019est enfonc\u00e9. Tout en exhortant la nation \u00e0 \u00e9viter de refaire l\u2019exp\u00e9rience Martelly, qui a pill\u00e9 la caisse publique, de prendre ses distances par rapport \u00e0 Lavalas, qui fait de la violence son apanage, il pr\u00e9voit l\u2019\u00e9chec de l\u2019actuel chef d\u2019\u00c9tat, s\u2019il ne se r\u00e9signe \u00e0 \u00e9courter son quinquennat et \u00e0 se rendre disponible pour pr\u00e9sider une transition de trois ans. Cela signifie, d\u2019apr\u00e8s lui, renoncer \u00e0 ces deux tendances, qu\u2019il juge d\u00e9sastreuses et d\u2019adopter ce qu\u2019il qualifie de \u00ab<em>troisi\u00e8me <\/em><em>voie <\/em>\u00bb capable, selon lui, d\u2019apporter le salut \u00e0 la nation.<\/span><\/p>\n<p style=\"text-align: left;\"><span style=\"color: #000000;\">C\u2019est, en effet, dans le cadre d\u2019une interview accord\u00e9e, jeudi dernier (17 janvier), \u00e0 l\u2019\u00e9mission \u00ab D\u00e8y\u00e8 Kay \u00bb diffus\u00e9e sur T\u00e9l\u00e9 20, qu\u2019il a fait l\u2019expos\u00e9 de sa vision pour Ha\u00efti pr\u00e9sent\u00e9e comme la \u00ab <em>troisi\u00e8me voie <\/em>\u00bb, \u00e0 c\u00f4t\u00e9 de Lavalas, qu\u2019il associe \u00e0 la \u00ab <em>violence <\/em>\u00bb, et de <em>T\u00e8t Kale<\/em>, qu\u2019il assimile \u00e0 la \u00ab <em>gabegie <\/em>\u00bb.<\/span><\/p>\n<p style=\"text-align: left;\"><span style=\"color: #000000;\">Pour prendre le train de cette troisi\u00e8me voie, M. Boulos conseille \u00e0 Jovenel Mo\u00efse de renoncer au reste de son mandat et de se rendre disponible pour pr\u00e9sider un gouvernement int\u00e9rimaire de trois ans au cours duquel seront commises en places de nouvelles structures qui sauront garantir la naissance d\u2019un syst\u00e8me politique moderne dot\u00e9 d\u2019institutions capables de garantir son succ\u00e8s.<\/span><\/p>\n<p style=\"text-align: left;\"><strong><span style=\"color: #000000;\">L\u2019\u00e9quipe Martelly a d\u00e9tourn\u00e9 USD 120 millions $<\/span><\/strong><\/p>\n<p style=\"text-align: left;\"><span style=\"color: #000000;\">D\u2019aucuns diraient que le point culminant de cette interview se- rait la d\u00e9nonciation indirecte par le Dr Boulos accusant Michel Martelly et ses collaborateurs d\u2019avoir utilis\u00e9 le pouvoir pour \u00ab<em>ac<\/em><em>cumuler <\/em><em>de <\/em><em>l\u2019argent <\/em>\u00bb. Bien qu\u2019il n\u2019ait explicit\u00e9 cette affirmation de mani\u00e8re \u00e0 d\u00e9noncer sans \u00e9quivoque le chanteur du compas direct, il ne laisse aucun doute quant au pillage qu\u2019a organis\u00e9 Martelly et ses anciens proches collaborateurs au d\u00e9triment d\u2019Ha\u00efti.<\/span><\/p>\n<p style=\"text-align: left;\"><span style=\"color: #000000;\">Pour d\u00e9noncer le vol orchestr\u00e9 contre le Tr\u00e9sor du pays par Michel Martelly, R\u00e9ginald Boulos prend \u00e0 t\u00e9moin l\u2019ex-ambassadeur des \u00c9tats-Unis en Ha\u00efti Pamela White. Aussi a-t-il r\u00e9v\u00e9l\u00e9, dans cette interview, cette r\u00e9v\u00e9lation que lui a faite la diplomate :<\/span><\/p>\n<blockquote><p><span style=\"color: #000000;\">\u00ab<em>Pamela White <\/em><em>m\u2019a dit <\/em><em>qu\u2019il <\/em><em>y a eu une accumulation de 120 millions $ par les hommes qui \u00e9taient au pouvoir <\/em>\u00bb.<\/span><\/p><\/blockquote>\n<p style=\"text-align: left;\"><span style=\"color: #000000;\">Peut-on dire, \u00e0 suivre les propos de Boulos, qui s\u2019\u00e9tait r\u00e9v\u00e9l\u00e9s, sinon un alli\u00e9 politique de Martelly, du moins le roi dont il fut le courtisan, qu\u2019il serait en train de d\u00e9charger sa bile ? En tout cas, venues de lui, ces paroles valent leur pesant d\u2019or :<\/span><\/p>\n<blockquote>\n<p style=\"text-align: left;\"><span style=\"color: #000000;\"> \u00ab <em>La majorit\u00e9 silencieuse ne peut pas aller dans le vote du compas. Elle doit aller dans le vote d\u2019une offre r\u00e9elle de changement et de modernit\u00e9 <\/em>\u00bb. Boulos continue dans la foul\u00e9e en disant : \u00ab <em>Aujourd\u2019hui n\u2019importe qui peut se porter candidat, mais quand il a un track record, on doit analyser son track record <\/em>\u00bb.<\/span><\/p>\n<\/blockquote>\n<p style=\"text-align: left;\"><span style=\"color: #000000;\">Par ces paroles, R\u00e9ginald Boulos semble \u00eatre en mode de jeter la pierre \u00e0 certains hommes d\u2019affaires qui souhaitent le retour au pouvoir de Michel Martelly. Dans cette optique, il \u00e9voque l\u2019intervention, lors\u00a0 d\u2019un\u00a0 bal, le 1<sup>er<\/sup>\u00a0janvier, de l\u2019ex-premier ministre Jack Guy Lafontant, annon\u00e7ant son engagement pour que cet ancien pr\u00e9sident, qui se trouvait \u00e0 c\u00f4t\u00e9 de lui, retourne au pouvoir. \u00c0 ce moment, Lafontant, qui a \u00e9t\u00e9 \u00e9ject\u00e9 du pouvoir par le peuple, dans la foul\u00e9e des \u00e9meutes des 6, 7 et 8 juillet 2019, pour sa pi\u00e8tre performance, en tant que premier ministre de Jovenel Mo\u00efse, semble afficher le d\u00e9sir d\u2019\u00eatre \u00ab <em>rappel\u00e9 aux affaires <\/em>\u00bb par Martelly. Sans doute il r\u00eave d\u00e9j\u00e0, une fois retourn\u00e9, d\u2019y rester longtemps, tr\u00e8s longtemps. D\u2019ailleurs, n\u2019a-t-il pas, lors de cette intervention, exprim\u00e9 le v\u0153u que <em>T\u00e8t <\/em><em>Kale <\/em>garde le pouvoir pour \u00ab <em>20 \u00e0 50 ans <\/em>\u00bb ?<\/span><\/p>\n<p style=\"text-align: left;\"><span style=\"color: #000000;\">D<strong>es passagers d\u00e9j\u00e0 embarqu\u00e9s dans le train de Martelly ?<\/strong><\/span><\/p>\n<p style=\"text-align: left;\"><span style=\"color: #000000;\">Si R\u00e9ginald Boulos avait une certaine affinit\u00e9 avec Michel Martelly, qui l\u2019avait incit\u00e9 \u00e0 s\u2019identifier \u00e0 sa politique, comme, par exemple, surtout au moment d\u2019organiser des \u00e9lections ou de choisir Evans Paul (K-Plim) comme premier ministre, on pourrait croire qu\u2019il s\u2019est produit un revirement chez lui. On ne sait vraiment \u00e0 quoi attribuer ce changement d\u2019attitude. Mais d\u2019ores et d\u00e9j\u00e0 il s\u2019en prend \u00e0 tous ceux qui, apr\u00e8s avoir entendu Jacques\u00a0 Guy Lafontant, pensent qu\u2019il est temps de s\u2019afficher en partisans de l\u2019ex-pr\u00e9sident. C\u2019est pourquoi il a r\u00e9p\u00e9t\u00e9, dans cette m\u00eame interview : \u00ab <em>Des hommes du secteur priv\u00e9, qui s\u2019imaginaient que Martelly n\u2019\u00e9tait pas possible en 2022, sont subitement dispos\u00e9s \u00e0 monter dans le char <\/em>\u00bb. Pour R\u00e9ginald Boulos, cette fa\u00e7on d\u2019aborder le probl\u00e8me d\u00e9montre qu\u2019il n\u2019existe pas une \u00e9lite en Ha\u00efti. Selon lui, une \u00e9lite n\u2019aurait jamais agi ainsi. \u00ab <em>Une \u00e9lite n\u2019aurait pas analys\u00e9 comme \u00e7a. Une \u00e9lite aurait regard\u00e9 la r\u00e9alit\u00e9 du pays, l\u2019absence de changement structurel, le fait que les grands dossiers ne soient pas pris en charge <\/em>\u00bb.<\/span><\/p>\n<p style=\"text-align: left;\"><strong><span style=\"color: #000000;\">Boulos critique s\u00e9v\u00e8rement la politique de solution d\u2019attente<\/span><\/strong><\/p>\n<p style=\"text-align: left;\"><span style=\"color: #000000;\">Le Dr Boulos, s\u2019en prend \u00e0 ce qu\u2019il d\u00e9crit comme \u00e9tant la politique de solution d\u2019attente trop souvent mise en application par des dirigeants incapables d\u2019apporter des solutions imm\u00e9diates, opportunes et permanentes aux probl\u00e8mes. Il ne voit rien de bon dans l\u2019investissement d\u2019un million de gourdes, ici et l\u00e0, dans les quartiers d\u00e9favoris\u00e9s de la capitale et des villes de province, dans l\u2019optique de cr\u00e9ation d\u2019emplois. Il semble vouloir dire que les investissements effectu\u00e9s dans les secteurs \u00e0 haute intensit\u00e9 de main-d\u2019\u0153uvre sont des initiatives sans lendemain. Selon lui, ces injections d\u2019argent dans de telles conditions, c\u2019est-\u00e0-dire dans le but de susciter l\u2019apaisement social, ne donneront aucun r\u00e9sultat positif.<\/span><\/p>\n<p style=\"text-align: left;\"><span style=\"color: #000000;\">R\u00e9ginald Boulos souligne, encore plus loin, dans son interview : \u00ab<em>Nous sommes <\/em><em>un pays malade. Le s\u00e9rum est le transfert de la diaspora. Vous pouvez garder le malade au lit, dans le coma, pendant presque trois ans encore, sans d\u00e9c\u00e8s <\/em>\u00bb.<\/span><\/p>\n<p style=\"text-align: left;\"><strong><span style=\"color: #000000;\">Aucun changement sans action d\u2019\u00e9clat<\/span><\/strong><\/p>\n<p><span style=\"color: #000000;\">Boulos se croit autoris\u00e9 \u00e0 critiquer l\u2019amour du plaisir chez les Ha\u00eftiens. C\u2019est pourquoi il exhorte ses compatriotes \u00e0 arr\u00eater de danser et \u00e0 commencer \u00e0 prendre leurs responsabilit\u00e9s au s\u00e9rieux. <em>C\u2019est pourquoi, <\/em>dit-il,\u00a0<\/span><span style=\"color: #000000;\"><em>\u00abNous aimons danser\u00a0<\/em><em>le<\/em> <em>car<\/em><em>naval<\/em>\u00bb. Aussi rappelle-t-il ce qu\u2019avait dit \u00ab <em>Bourik Chaje <\/em>\u00bb, l\u2019ex-ambassadeur am\u00e9ricain Alvin Adams :<\/span><\/p>\n<blockquote><p><span style=\"color: #000000;\"> \u00ab<em>Apre <\/em><em>dans, tanbou lou<\/em>\u00bb.<\/span><\/p><\/blockquote>\n<p style=\"text-align: left;\"><span style=\"color: #000000;\">Et R\u00e9ginald Boulos d\u2019ajouter :<\/span><\/p>\n<blockquote>\n<p style=\"text-align: left;\"><span style=\"color: #000000;\"> \u00ab<em>Il <\/em><em>faut attendre apr\u00e8s le carnaval. Je ne vois pas comment un pays pourra continuer \u00e0 \u00eatre g\u00e9r\u00e9 sans changement structurel et sans action d\u2019\u00e9clat <\/em>\u00bb.<\/span><\/p>\n<\/blockquote>\n<p style=\"text-align: left;\"><span style=\"color: #000000;\">Action d\u2019\u00e9clat = La troisi\u00e8me voie L\u2019action d\u2019\u00e9clat pr\u00e9conis\u00e9 par Boulos se r\u00e9sume en un gouvernement int\u00e9rimaire pour une dur\u00e9e de trois ans, avec Jovenel Mo\u00efse comme pr\u00e9sident, ainsi que le Parlement qui doit rester en place durant cette m\u00eame p\u00e9riode. Il sugg\u00e8re, par contre, que celui-ci satisfasse deux conditions : Renoncer \u00e0 son droit d\u2019amender la Constitution et qu\u2019il soit priv\u00e9 du droit de renvoyer le gouvernement.<\/span><\/p>\n<p><span style=\"color: #000000;\">Boulos juge opportun d\u2019ajouter les points suivants : Durant cette transition, seront mises en place l\u2019Assembl\u00e9e constituante, la Conf\u00e9rence nationale, en m\u00eame temps que seront organis\u00e9es les \u00e9lections g\u00e9n\u00e9rales dans trois ans.<\/span><\/p>\n<p style=\"text-align: left;\"><span style=\"color: #000000;\">Boulos pense que le Parlement constitue le plus gros probl\u00e8me du pays. Dot\u00e9, dit-il, de grands pouvoirs et de privil\u00e8ges exceptionnels par le Parlement de 1987, amend\u00e9, il ne voudra jamais y renoncer. Selon lui, les parlementaires en fonction ne ratifieront jamais les amendements propos\u00e9s par la Commission Tardieu.<\/span><\/p>\n<p style=\"text-align: left;\"><strong><span style=\"color: #000000;\">Le programme\u00a0<\/span><span style=\"color: #000000;\">de la troisi\u00e8me voie<\/span><\/strong><\/p>\n<p style=\"text-align: left;\"><span style=\"color: #000000;\">Si les pouvoirs lui \u00e9taient donn\u00e9s, R\u00e9ginald Boulos aurait accouch\u00e9 d\u2019un Ha\u00efti id\u00e9al, celui dont r\u00eavent ses filles et fils patriotes. Aussi \u00e9tale-t-il dans cette interview, le programme de la troisi\u00e8me voie qu\u2019il pr\u00f4ne.<\/span><\/p>\n<p style=\"text-align: left;\"><span style=\"color: #000000;\">En effet, il fait son expos\u00e9 comme suit. \u00ab <em>La troisi\u00e8me voie est une nouvelle vision faite de modernit\u00e9, de transparence, de lutte contre l\u2019impunit\u00e9, de lutte contre la corruption, de la tenue du proc\u00e8s PetroCaribe, de la mise en place des services sociaux, de la cr\u00e9ation massive d\u2019emplois, de la promotion des PME, de la pro- motion de l\u2019entrepreneuriat \u2018noir\u2019. Parce que nous sommes un pays \u00e0 90 % de \u2018 Noirs\u2019, nous ne pouvons pas avoir aujourd\u2019hui un secteur priv\u00e9 clair <\/em>\u00bb.<\/span><\/p>\n<p style=\"text-align: left;\"><span style=\"color: #000000;\">Afin que nul ne pr\u00e9texte cette intervention mal comprise, le Dr Boulos se fait redondant, s\u2019ing\u00e9niant \u00e0 renforcer les id\u00e9es exprim\u00e9es concernant la dichotomie gens noirs et gens clairs, Noirs et Mul\u00e2tres. Continuant dans cette explication, R\u00e9ginald Boulos avance qu\u2019il est de peau claire, il doit pouvoir exprimer ainsi sa pens\u00e9e. Car on ne peut lui imputer la responsabilit\u00e9 d\u2019avoir \u00e9t\u00e9 cr\u00e9\u00e9, homme \u00e0 peau claire.<\/span><\/p>\n<p style=\"text-align: left;\"><span style=\"color: #000000;\">Le Dr Boulos n\u2019a pas rat\u00e9 l\u2019occasion de dissiper des pr\u00e9somptions le concernant, que certaines gens entretiennent dans leur esprit, \u00e0 savoir ses vell\u00e9it\u00e9s pr\u00e9sidentielles. Il d\u00e9clare, apparemment sans ambages, qu\u2019il n\u2019est pas candidat \u00e0 la pr\u00e9sidence. Il pr\u00e9cise en m\u00eame temps qu\u2019il est sinc\u00e8re et invite tout un chacun \u00e0 le juger par ses \u00ab <em>actions futures <\/em>\u00bb. Nonobstant toutes ces pr\u00e9cautions qu\u2019il a prises, des observateurs pensent qu\u2019il y a un candidat \u00e0 la pr\u00e9sidence qui sommeille tranquillement en R\u00e9ginald Boulos.<\/span><\/p>\n<p style=\"text-align: left;\"><span style=\"color: #000000;\">Mais il faut admettre que cette proposition de Boulos risque de d\u00e9clencher un r\u00e9flexe de rejet de la part de la grande majorit\u00e9 des citoyens, ceux qui descendent dans la rue pour protester la mauvaise gouvernance de M. Mo\u00efse et sa tol\u00e9rance des voleurs des USD 3,8 milliards du fonds Petro-Caribe. Et en tout \u00e9tat de cause, on ne peut s\u2019expliquer pourquoi l\u2019homme d\u2019affaires se croit autoris\u00e9 \u00e0 pr\u00e9coniser une telle solution pour le pays quand il a eu lui-m\u00eame \u00e0 sugg\u00e9rer \u00e0 M. Mo\u00efse de d\u00e9missionner, face \u00e0 la mont\u00e9e de la vague oppositionnelle. Dans ce cas, il apporterait de l\u2019eau au moulin de ceux qui se m\u00e9fient de ses conseils.<\/span><\/p>\n<p style=\"text-align: left;\"><span style=\"color: #000000;\">L.J.<\/span><\/p>\n<hr \/>\n<p style=\"text-align: left;\"><span style=\"color: #000000;\">cet article est publi\u00e9 par l\u2019Hebdomadaire Ha\u00efti-Observateur \u00e9dition du 16 janvier 2019, et se trouve en <strong>P. 1, 2<\/strong>\u00a0\u00e0 : <a style=\"color: #000000;\" href=\"http:\/\/haiti-observateur.ca\/wp-content\/uploads\/2019\/01\/H-O-16-jan-2019.pdf\">http:\/\/haiti-observateur.ca\/wp-content\/uploads\/2019\/01\/H-O-16-jan-2019.pdf<\/a><\/span><\/p>\n","protected":false},"excerpt":{"rendered":"<p>L\u2019HOMME D\u2019AFFAIRES R\u00c9GINALD BOULOS CONSEILLE Jovenel Mo\u00efse d\u00e9missionne pour diriger une transition de 3 ans L\u2019homme d\u2019affaires R\u00e9ginald Boulos, qui\u00a0 a une\u00a0 r\u00e9putation de \u00abfaiseur de rois \u00bb, consid\u00e9r\u00e9 aussi comme un des architectes du syst\u00e8me politique T\u00e8t Kale, croit&#8230; <\/p>\n","protected":false},"author":1,"featured_media":3240,"comment_status":"closed","ping_status":"closed","sticky":false,"template":"","format":"standard","meta":{"footnotes":""},"categories":[25,30],"tags":[330,332,1088,1283,1409,1516,1855,2028,2252],"class_list":["post-3254","post","type-post","status-publish","format-standard","has-post-thumbnail","hentry","category-haiti","category-leo-joseph","tag-boulos","tag-bourik-chaje","tag-haiti-observateur","tag-jovenel-moise","tag-leo-joseph","tag-martelly","tag-petro-caribe","tag-reginald","tag-tardieu"],"_links":{"self":[{"href":"https:\/\/haiti-observateur.news\/index.php?rest_route=\/wp\/v2\/posts\/3254","targetHints":{"allow":["GET"]}}],"collection":[{"href":"https:\/\/haiti-observateur.news\/index.php?rest_route=\/wp\/v2\/posts"}],"about":[{"href":"https:\/\/haiti-observateur.news\/index.php?rest_route=\/wp\/v2\/types\/post"}],"author":[{"embeddable":true,"href":"https:\/\/haiti-observateur.news\/index.php?rest_route=\/wp\/v2\/users\/1"}],"replies":[{"embeddable":true,"href":"https:\/\/haiti-observateur.news\/index.php?rest_route=%2Fwp%2Fv2%2Fcomments&post=3254"}],"version-history":[{"count":0,"href":"https:\/\/haiti-observateur.news\/index.php?rest_route=\/wp\/v2\/posts\/3254\/revisions"}],"wp:featuredmedia":[{"embeddable":true,"href":"https:\/\/haiti-observateur.news\/index.php?rest_route=\/"}],"wp:attachment":[{"href":"https:\/\/haiti-observateur.news\/index.php?rest_route=%2Fwp%2Fv2%2Fmedia&parent=3254"}],"wp:term":[{"taxonomy":"category","embeddable":true,"href":"https:\/\/haiti-observateur.news\/index.php?rest_route=%2Fwp%2Fv2%2Fcategories&post=3254"},{"taxonomy":"post_tag","embeddable":true,"href":"https:\/\/haiti-observateur.news\/index.php?rest_route=%2Fwp%2Fv2%2Ftags&post=3254"}],"curies":[{"name":"wp","href":"https:\/\/api.w.org\/{rel}","templated":true}]}}