{"id":2989,"date":"2018-12-12T17:29:03","date_gmt":"2018-12-12T22:29:03","guid":{"rendered":"http:\/\/haiti-observateur.ca\/?p=2989"},"modified":"2018-12-12T17:29:03","modified_gmt":"2018-12-12T22:29:03","slug":"nouvelles-breves-par-pierre-quiroule","status":"publish","type":"post","link":"https:\/\/haiti-observateur.news\/?p=2989","title":{"rendered":"Nouvelles Br\u00e8ves par Pierre Quiroule"},"content":{"rendered":"<p><span style=\"color: #000000;\"><strong>NOUVELLES BR\u00c8VES <\/strong><em>par Pierre Quiroule<\/em><\/span><\/p>\n<p><span style=\"color: #000000;\"><strong>S<\/strong>uite \u00e0 quatre weekends de manifestations, pour la plupart violentes, en France, sous l\u2019impulsion des \u00ab gilets jaunes \u00bb, le pr\u00e9sident Emmanuel Macron s\u2019est adress\u00e9 \u00e0 la nation, le lundi 10 d\u00e9cembre, dans un discours de 13 minutes, admettant qu\u2019il n\u2019avait pas pr\u00eat\u00e9 attention au tout d\u00e9but des manifestations, mais que son gouvernement prendrait des mesures pour soulager le sort des plus d\u00e9munis de la soci\u00e9t\u00e9.<\/span><\/p>\n<p><span style=\"color: #000000;\">D\u00e9clarant qu\u2019il existe un \u00ab \u00e9tat social et \u00e9conomique d\u2019urgence\u00bb, le pr\u00e9sident promet de r\u00e9duire les taxes pour les plus d\u00e9munis et suspendre l\u2019augmentation des impositions pour les retrait\u00e9s. Le salaire minimum subira une augmentation de 100 euros par mois, \u00e9quivalent \u00e0 114 dollars U.S., \u00e0 partir du 1er janvier 2019.<\/span><\/p>\n<p><span style=\"color: #000000;\">Les manifestations des \u00abgilets jaunes\u00bb, qui ont d\u00e9but\u00e9 le 17 novembre dernier, visaient l\u2019annulation de l\u2019augmentation qu\u2019avait annonc\u00e9e le gouvernement sur les produits p\u00e9troliers. Bien qu\u2019une semaine plus t\u00f4t le Premier ministre \u00c9douard Philippe ait mentionn\u00e9 l\u2019annulation de la hausse sur la gazoline et autres produits p\u00e9troliers, le mouvement avait d\u00e9j\u00e0 ajout\u00e9 d\u2019autres revendications, savoir les avantages accord\u00e9s aux riches par le gouvernement, et la paup\u00e9risation des masses.<\/span><\/p>\n<p><span style=\"color: #000000;\">Comme en Ha\u00efti, les autorit\u00e9s n\u2019entendent raison \u00e0 moins qu\u2019elles soient menac\u00e9es par la violence. Et pas n\u2019importe quelle violence, mais celle de grande intensit\u00e9, tel que constat\u00e9 en France, ces jours-ci, aussi bien qu\u2019en Ha\u00efti, les 6, 7 et 8 juillet derniers. Est-ce dire que les Ha\u00eftiens devront tourner le dos aux manifestations pacifiques, comme celles des 17 octobre et 18 novembre, pour porter le gouvernement ha\u00eftien \u00e0 r\u00e9pondre positivement \u00e0 leurs dol\u00e9ances exigeant reddition de compte dans la dilapidation du fonds PetroCaribe ?<\/span><\/p>\n<p><span style=\"color: #000000;\">Que le gouvernement ne s\u2019y m\u00e9prenne, en croyant qu\u2019il aura gain de cause par la force meurtri\u00e8re de ses agents recrut\u00e9s \u00e0 l\u2019\u00e9tranger pour massacrer les filles et fils du peuple. Le weekend \u00e9coul\u00e9, avant le discours du pr\u00e9sident Macron, lundi dernier, appelant \u00e0 la r\u00e9conciliation des Fran\u00e7ais, le gouvernement avait d\u00e9ploy\u00e9 quelque 90 000 policiers \u00e0 travers les plus grandes villes de France, qui avaient effectu\u00e9 1 000 arrestations parmi les manifestants.<\/span><\/p>\n<p><span style=\"color: #000000;\">*<strong>Concernant la crise en France, le titulaire fran\u00e7ais des Affaires \u00e9trang\u00e8res s\u2019en prend au pr\u00e9sident Donald Trump. <\/strong>Le ministre Jean-Yves Le Drian a r\u00e9pondu, dimanche, \u00e0 un tweet \u00e9mis samedi par le pr\u00e9sident am\u00e9ricain, selon lequel les Fran\u00e7ais se r\u00e9voltent contre l\u2019accord sur l\u2019environnement pr\u00f4n\u00e9 par le pr\u00e9sident Macron, mais fortement critiqu\u00e9 par le pr\u00e9sident Trump, ajoutant que les manifestants citaient son nom. Il a ajout\u00e9 que \u00ab L\u2019accord de Paris ne fait rien de bon pour Paris. Les gens n\u2019entendent pas payer des sommes extravagantes, de surcro\u00eet aux pays du tiers monde . . . pour soi-disant prot\u00e9ger l\u2019environnement \u00bb.<\/span><\/p>\n<p><span style=\"color: #000000;\">Le Drian de r\u00e9torquer : \u00abLes manifestants n\u2019ont pas pro test\u00e9 en anglais \u00bb et n\u2019ont cit\u00e9 aucun nom. Au cours d\u2019une entrevue radiophonique sur RTL, il ajouta : \u00ab Nous ne nous immis\u00e7ons pas dans la politique interne de l\u2019Am\u00e9rique, et nous voudrions qu\u2019il y ait r\u00e9ciprocit\u00e9 \u00bb. De plus, avance M. Le Drian : \u00abLe pr\u00e9sident Macron avait d\u00e9j\u00e0 dit au pr\u00e9sident am\u00e9ricain de ne pas se m\u00ealer de politique en France\u00bb.<\/span><\/p>\n<p><span style=\"color: #000000;\"><strong>*Le bureau de communication de la Premi\u00e8re dame d\u2019Ha\u00efti a d\u00e9menti, dimanche 9 d\u00e9cembre, l\u2019information relative \u00e0 sa participation, en France, \u00e0 la signature d\u2019un contrat avec la firme allemande Dermalog. Par contre, sur les r\u00e9seaux sociaux, des photos de Mme Martine Mo\u00efse, en compagnie de certains \u00ab Blancs \u00bb \u00e0 Cannes, dit-on, sont en circulation.<\/strong> Le s\u00e9nateur Youri Latortue, de la Commission \u00e9thique et anticorruption du S\u00e9nat, affirme que USD 8,2 millions $ ont \u00e9t\u00e9 vers\u00e9s comme avance \u00e0 la firme Dermalog sur un contrat totalisant USD 27 millions $. Ce contrat a \u00e9t\u00e9 sign\u00e9 dans l\u2019opacit\u00e9 totale, selon une information diffus\u00e9e, mardi 11 d\u00e9cembre, par Nelson Augustin sur le blog VBI.<\/span><\/p>\n<p><span style=\"color: #000000;\">Il faut souhaiter que soit donn\u00e9e une explication claire de ce qui s\u2019est pass\u00e9. Car, la premi\u00e8re dame aurait re\u00e7u une ristourne. D\u2019ailleurs c\u2019est ce qui l\u2019avait int\u00e9ress\u00e9 \u00e0 faire le voyage en France. Et l\u2019on se demande pour quoi pas en Allemagne, puisqu\u2019il s\u2019agit d\u2019une firme allemande. Ou bien, pourquoi pas \u00e0 Port-au-Prince, selon les normes \u00e9tablies ? (Voir l\u2019\u00c9ditorial \u00e0 la page 10).<\/span><\/p>\n<p><span style=\"color: #000000;\"><strong>Pierre Quiroule II 12 d\u00e9cembre 2018<\/strong><\/span><\/p>\n<hr \/>\n<p style=\"text-align: left;\"><span style=\"color: #000000;\">cet article est publi\u00e9 par l\u2019hebdomadaire Ha\u00efti-Observateur, \u00e9dition du 12 d\u00e9cembre 2018 et se trouve en <strong>P.7<\/strong>\u00a0\u00e0 :\u00a0<a style=\"color: #000000;\" href=\"http:\/\/haiti-observateur.ca\/wp-content\/uploads\/2018\/12\/H-O-12-december-2018.pdf\">http:\/\/haiti-observateur.ca\/wp-content\/uploads\/2018\/12\/H-O-12-december-2018.pdf<\/a><\/span><\/p>\n","protected":false},"excerpt":{"rendered":"<p>NOUVELLES BR\u00c8VES par Pierre Quiroule Suite \u00e0 quatre weekends de manifestations, pour la plupart violentes, en France, sous l\u2019impulsion des \u00ab gilets jaunes \u00bb, le pr\u00e9sident Emmanuel Macron s\u2019est adress\u00e9 \u00e0 la nation, le lundi 10 d\u00e9cembre, dans un discours&#8230; <\/p>\n","protected":false},"author":1,"featured_media":2975,"comment_status":"closed","ping_status":"closed","sticky":false,"template":"","format":"standard","meta":{"footnotes":""},"categories":[25,38,39],"tags":[79,665,980,1088,1390,1852,1886,2360,2431],"class_list":["post-2989","post","type-post","status-publish","format-standard","has-post-thumbnail","hentry","category-haiti","category-pierquiroule","category-politique","tag-accord","tag-dermalog","tag-gazoline","tag-haiti-observateur","tag-le-drian","tag-petocaribe","tag-pierre-quiroule-ii","tag-vbi","tag-youri-latortue"],"_links":{"self":[{"href":"https:\/\/haiti-observateur.news\/index.php?rest_route=\/wp\/v2\/posts\/2989","targetHints":{"allow":["GET"]}}],"collection":[{"href":"https:\/\/haiti-observateur.news\/index.php?rest_route=\/wp\/v2\/posts"}],"about":[{"href":"https:\/\/haiti-observateur.news\/index.php?rest_route=\/wp\/v2\/types\/post"}],"author":[{"embeddable":true,"href":"https:\/\/haiti-observateur.news\/index.php?rest_route=\/wp\/v2\/users\/1"}],"replies":[{"embeddable":true,"href":"https:\/\/haiti-observateur.news\/index.php?rest_route=%2Fwp%2Fv2%2Fcomments&post=2989"}],"version-history":[{"count":0,"href":"https:\/\/haiti-observateur.news\/index.php?rest_route=\/wp\/v2\/posts\/2989\/revisions"}],"wp:featuredmedia":[{"embeddable":true,"href":"https:\/\/haiti-observateur.news\/index.php?rest_route=\/"}],"wp:attachment":[{"href":"https:\/\/haiti-observateur.news\/index.php?rest_route=%2Fwp%2Fv2%2Fmedia&parent=2989"}],"wp:term":[{"taxonomy":"category","embeddable":true,"href":"https:\/\/haiti-observateur.news\/index.php?rest_route=%2Fwp%2Fv2%2Fcategories&post=2989"},{"taxonomy":"post_tag","embeddable":true,"href":"https:\/\/haiti-observateur.news\/index.php?rest_route=%2Fwp%2Fv2%2Ftags&post=2989"}],"curies":[{"name":"wp","href":"https:\/\/api.w.org\/{rel}","templated":true}]}}