{"id":2958,"date":"2018-12-12T08:14:26","date_gmt":"2018-12-12T13:14:26","guid":{"rendered":"http:\/\/haiti-observateur.ca\/?p=2958"},"modified":"2018-12-12T08:14:26","modified_gmt":"2018-12-12T13:14:26","slug":"lunion-republicaine-en-requete-citoyenne-mesure-protectrice-et-etat-des-lieux","status":"publish","type":"post","link":"https:\/\/haiti-observateur.news\/?p=2958","title":{"rendered":"l\u2019Union R\u00e9publicaine\u00a0en Requ\u00eate Citoyenne\u00a0: Mesure Protectrice\u00a0et \u00c9tat des Lieux"},"content":{"rendered":"<p style=\"text-align: left;\"><span style=\"color: #000000;\"><strong>DIPLOMATIE INTERNATIONALE &amp; SOCI\u00c9T\u00c9 <\/strong><em><a style=\"color: #000000;\" href=\"mailto:dan.albertini@reseauhem.ca\">par Dan Albertini<\/a><\/em><\/span><\/p>\n<ul>\n<li style=\"text-align: left;\"><span style=\"color: #000000;\"><strong>l\u2019Union R\u00e9publicaine\u00a0en <em>Requ\u00eate Citoyenne<\/em>\u00a0: Mesure Protectrice\u00a0et \u00c9tat des Lieux<\/strong><\/span><\/li>\n<\/ul>\n<p style=\"text-align: left;\"><span style=\"color: #000000;\"><em>Entre (). Macron-des-r\u00eaves croit en dring en l\u2019automatisme de la romance \u2018en passant par la Loraine\u2026, ne suis pas si vilaine avec mes sabots, puisque le fils du roi m\u2019aime\u2019. Oups, le fils du roi n\u2019\u00e9tait pas \u00e0 la rombi\u00e8re (bourgeoise) et c\u2019est la R\u00e9publique en gilet jaune, fermons ().<\/em><\/span><span style=\"color: #000000;\"><strong>\u00a0<\/strong><\/span><\/p>\n<p style=\"text-align: left;\"><span style=\"color: #000000;\"><strong>P<\/strong>resser sur le <strong>B<\/strong> vital de notre <em>cr\u00e9ance<\/em> est plus que de la foi c\u2019est la loi. J\u2019ai dans ce cadre-l\u00e0 \u00a0libell\u00e9 le 28\/03\/2103 \u00e0 travers ces colonnes l\u2019article suivant\u00a0: <a style=\"color: #000000;\" href=\"http:\/\/haiti-observateur.ca\/?p=2953\">mesure protectrice de l\u2019union r\u00e9publicaine,\u00a0<em>requ\u00eate citoyenne<\/em><\/a> <em>selon l\u2019art. 52.1-k, du chapitre III, et de l\u2019art. 138 de la constitution, <\/em>parce qu\u2019il y avait guerre des <em>\u00e9meraudes<\/em>. Urgence. \u00c9meraudes, nous en sommes tous, et en guerre, si. Quel est alors l\u2019\u00e9tat des lieux, le 12\/12\/2018\u00a0car 13H00 ne doit arriver\u00a0?<\/span><\/p>\n<p style=\"text-align: left;\"><span style=\"color: #000000;\">La R\u00e9publique et <strong><u><a style=\"color: #000000;\" href=\"http:\/\/haiti-observateur.ca\/?p=2942\">la notion du contrat<\/a><\/u><\/strong><\/span><\/p>\n<p style=\"text-align: left;\"><span style=\"color: #000000;\">Il y a rupture des baux parce que <em>Dever<\/em> a vertement viol\u00e9 la close de la <u><a style=\"color: #000000;\" href=\"http:\/\/haiti-observateur.ca\/?p=2953\">mesure protectrice de l\u2019union r\u00e9publicaine<\/a><\/u>. Devers est une r\u00e9publique et gare \u00e0 l\u2019exo qui croit s\u2019immiscer en ombre, en besogne au pays pour satisfaire ses propres lois quand il y a p\u00e9ril en la demeure chez lui.<\/span><\/p>\n<p style=\"text-align: left;\"><span style=\"color: #000000;\">Une r\u00e9publique oui, il y en a plus d\u2019une, et nous l\u2019avions dit dans <em><u><a style=\"color: #000000;\" href=\"http:\/\/haiti-observateur.ca\/?p=2904\">une avalanche diplomatique pr\u00e9visible<\/a><\/u> (et <a style=\"color: #000000;\" href=\"http:\/\/haiti-observateur.ca\/?p=2906\">esquisse<\/a> <a style=\"color: #000000;\" href=\"http:\/\/haiti-observateur.ca\/?p=2906\">de solution \u00e0 l\u2019Avalanche diplomatique 201<\/a>6). <\/em>Il y a eu mort d\u2019hommes par la faute du pr\u00e9sident. Chef d\u2019\u00e9tat \u00e9gocentrique qui ne sait pr\u00e9voir ni voir ses limites tandis que l\u2019\u00e9tranger est dans nos portes, <em>Deves<\/em> menace, il d\u00e9pense. <em>Devers<\/em>, majuscule\u2026 pr\u00e9sident.<\/span><\/p>\n<p style=\"text-align: left;\"><span style=\"color: #000000;\">Dressons alors un bilan factuel puisqu\u2019il y a rupture des baux.<\/span><\/p>\n<p style=\"text-align: left;\"><span style=\"color: #000000;\"><strong>Constat, exc\u00e8s de langage, <em>h\u00e9ritage colonial, en fait et en droit<\/em><\/strong><\/span><\/p>\n<ol style=\"text-align: left;\">\n<li><span style=\"color: #000000;\">Visi\u00e8re lev\u00e9e d\u2019une pr\u00e9sidence\u00a0: \u2018<em>le pr\u00e9sident a parl\u00e9 c\u2019est fini\u2019 dixit Jovenel Mo\u00efse<\/em><\/span>\n<ul>\n<li><span style=\"color: #000000;\">Le contrat\u00a0:\u00a0le peuple est souverain, c\u2019est la notion imp\u00e9rative\u00a0!<\/span><\/li>\n<\/ul>\n<\/li>\n<li><span style=\"color: #000000;\">\u00c9dit de s\u00e9nateurs en fuite\u00a0: \u2018<em>nous sommes des hommes d\u2019\u00c9tat\u2019<\/em><\/span>\n<ul>\n<li><span style=\"color: #000000;\">\u00c9tat des lieux\u00a0:\u00a0<u><a style=\"color: #000000;\" href=\"http:\/\/reseauhem-archives.xyz\/la_roue_ovale_d_un_parlement_sans%20racines.htm\">la roue ovale d\u2019un Parlement sans racine<\/a><\/u> publi\u00e9 a priori en 2006<\/span><\/li>\n<\/ul>\n<\/li>\n<li><span style=\"color: #000000;\">Criminalit\u00e9\u00a0I : <em>la police en escouade canid\u00e9 a investi le parlement, en intimidation<\/em><\/span>\n<ul>\n<li><span style=\"color: #000000;\">Le contrat\u00a0:\u00a0le territoire du parlement est inviolable<\/span><\/li>\n<\/ul>\n<\/li>\n<li><span style=\"color: #000000;\">R\u00e9v\u00e9lation\u00a0I : le pr\u00e9sident du S\u00e9nat <em>a cit\u00e9 et index\u00e9<\/em> un d\u00e9put\u00e9, en s\u00e9ance pl\u00e9ni\u00e8re<\/span>\n<ul>\n<li><span style=\"color: #000000;\">\u00c9tat des lieux\u00a0: Immunit\u00e9 dissoute<\/span><\/li>\n<\/ul>\n<\/li>\n<li><span style=\"color: #000000;\">R\u00e9v\u00e9lation II\u00a0: le pr\u00e9sident <em>a \u2018un fils d\u2019un mariage incestueux\u2019<\/em>, au Canada<\/span>\n<ul>\n<li><span style=\"color: #000000;\">Constat\u00a0: liaison incestueuse r\u00e9v\u00e9l\u00e9e de la fratrie imm\u00e9diate, \u00e0 Port-de-Paix<\/span><\/li>\n<\/ul>\n<\/li>\n<li><span style=\"color: #000000;\">Mon\u00e9tisation\u00a0: le pr\u00e9sident a \u00e9mis un \u00e9dit r\u00e9tract\u00e9, sans expertise, sur l\u2019\u00e9conomie<\/span>\n<ul>\n<li><span style=\"color: #000000;\">Constat\u00a0: la monnaie nationale d\u00e9gringole depuis lors<\/span><\/li>\n<\/ul>\n<\/li>\n<li><span style=\"color: #000000;\">Insurrection\u00a0: <em>une r\u00e9publique nordiste<\/em> menace d\u2019avancer vers le reste du pays<\/span>\n<ul>\n<li><span style=\"color: #000000;\">Constat\u00a0: menace, prise en otage et rupture de contrat unilat\u00e9ral<\/span><\/li>\n<\/ul>\n<\/li>\n<\/ol>\n<blockquote>\n<p style=\"text-align: left;\"><span style=\"color: #000000;\"><em>En vertu de ces constats, de ces exc\u00e8s, de cet h\u00e9ritage, doit-on rompre les baux<\/em> <em>ad nauseam\u00a0<\/em>?<\/span><\/p>\n<\/blockquote>\n<p style=\"text-align: left;\"><span style=\"color: #000000;\">La raison de la demande en mesure de protection de l\u2019union r\u00e9publicaine, du 28\/03\/2013 est diff\u00e9rente d\u2019ici. C\u2019est le pr\u00e9sident d\u2019abord, le parlement ensuite, la police pour finir, qui font outrage \u00e0 la constitution et \u00e0 l\u2019union r\u00e9publicaine, en accusant la loi matrice du pays de faible.<\/span><\/p>\n<p style=\"text-align: left;\"><span style=\"color: #000000;\"><strong>S<\/strong>i l\u2019on se compare, soit pour s\u2019\u00e9vertuer soit pour se consoler ou pour se condamner, en vertu de ce qui se passe ailleurs <em>&amp; ailleurs<\/em>. Je maintiens la s\u00e9rie qui trace de la diplomatie de <em>p\u2019tits noms,<\/em> <em>manno<\/em> Macron qui ne se voulait \u2018<em>manu<\/em>\u2019, puisque sans solution, en \u00e9chec av\u00e9r\u00e9, et se croyant le <em>napol\u00e9on II de <\/em>l\u2019histoire, il a mis l\u2019euro au hasard<em>. <\/em>Le d\u00e9saccord de Londres qui a gard\u00e9 sa l-sterling \u00e9tait une pr\u00e9diction<em>. <\/em>Paris-5 a ferm\u00e9 l\u2019\u0153il trop longtemps pour ne pas voir. L\u2019effroi s\u2019installe sur la r\u00e9alit\u00e9 profonde du peuple des Bastilles, car il y en a plusieurs, quand Versailles fume encore du tabac insulaire cubain de r\u00e9serves aux frais de la V<sup>e<\/sup>.<\/span><\/p>\n<p style=\"text-align: left;\"><span style=\"color: #000000;\">Lisons Paris Match\u00a0dans \u2018<em>\u2019les jours o\u00f9 l\u2019ex\u00e9cutif a trembl\u00e9\u2019\u2019<\/em>, signe que tout ne va pas bien tel on le pr\u00e9tend pour la maitrise par <em>les grandes-\u00e9coles,\u00a0<\/em>Edouard P f\u00eatait son 48<sup>e<\/sup> d\u2019apr\u00e8s le texte de Bruno Jeudi, Anne-Sophie Lechevallier, \u00c9ric Haquemand, (06\/12\/2018). Je cite\u00a0: <a style=\"color: #000000;\" href=\"https:\/\/www.parismatch.com\/Actu\/Politique\/Le-jour-ou-l-Executif-a-tremble-1592709\">\u2019<em>Et, sa femme Edith, n\u2019avait pas voulu d\u00e9commander le d\u00eener organis\u00e9 chaque ann\u00e9e avec leur trentaine d\u2019amis<\/em>\u2019<\/a>. Ailleurs\u00a0&amp; ailleurs, cet ailleurs est Paris, car la France c\u2019est chez Nous par le droit \u00e0 l\u2019h\u00e9ritage de l\u2019esclavage colonial fran\u00e7ais qui nous doit, plus que le nazi doit au Juif.<\/span><\/p>\n<p style=\"text-align: left;\"><span style=\"color: #000000;\">Ailleurs, c\u2019est Paris Match l\u2019autre colonne <em>m\u00e9dia<\/em>, deux r\u00e9alit\u00e9s qui d\u00e9montrent en bref, que, lorsque le peuple a faim sur le <em>bas-de-pav\u00e9<\/em> ce n\u2019est pas l\u2019affaire de Paris qui f\u00eate sa tradition ins\u00e9parable o\u00f9, \u00e0 Paris des r<em>ois<\/em>, le caviar est avec le vin rouge aux frais de la R\u00e9publique qui br\u00fble. Edouard P n\u2019a pas su se soucier pour que cela n\u2019arrive, mais au contraire, il se la serait attribu\u00e9e en intelligence si la hausse de la taxe des rois passait, ce soir-l\u00e0, ferait des envieux au\u00a0: bravo <em>ed<\/em>. H\u00e9las non c\u2019est l\u2019erreur que doit payer <em>ed-et-manu <\/em>qui ont, en un seul homme, rompu la notion du contrat. R\u00e9sultat\u00a0: <a style=\"color: #000000;\" href=\"https:\/\/www.liberation.fr\/checknews\/2018\/12\/05\/peut-on-deposer-plainte-contre-le-president-comme-dit-l-avoir-fait-un-gilet-jaune-a-saint-malo_1696087\">une plainte sans suite d\u00e9pos\u00e9e contre<\/a> <em>manu <\/em>M., <em>le nier, Paris perdra ses colonies<\/em> du nouveau registre\u00a0: <em>l\u2019outremer.<\/em><\/span><\/p>\n<p style=\"text-align: left;\"><span style=\"color: #000000;\">Ailleurs est aussi chez <em>tonton <\/em>o\u00f9 <em>l\u2019abb\u00e9 du deal<\/em> pris dans l\u2019engrenage infernal de ses mirages en demi-mensonges n\u2019arrive pas \u00e0 colmater les br\u00e8ches de commut\u00e9 provoqu\u00e9e. \u00c9gocentrique de la <em>rotonde<\/em> de <em>vlad-\u00e0-Kim, <\/em>au <em>prince criminel<\/em> de passage chez <em>perv<\/em>&#8211;<em>erdo <\/em>jusqu\u2019\u00e0 Duterte, le Sud lui enverra encore un peu plus de migrants aux portes de l\u2019Eden, sans sourire. D\u2019ailleurs nous connaissons la guerre, <em>et nous sommes aussi ces soldats GI d\u00e9ploy\u00e9s contre le racisme.<\/em><\/span><\/p>\n<p style=\"text-align: left;\"><span style=\"color: #000000;\">R\u00e9visons la pr\u00e9sidence rotative de <em>j\u00f2v<\/em> \u00e0 la CARICOM comme <em>\u00e9tat des lieux<\/em>. Si <em>j\u00f2v<\/em> \u00e9tait rest\u00e9 permanent, lequel de ses homologues lui aurait enlev\u00e9 l\u2019accr\u00e9ditation si ce n\u2019est Kingston qui peut aboutir, Barahona nous alimenter, Havana nous h\u00e9berger, <em>etc<\/em>.\u00a0? C\u2019est encore la notion du contrat quand il y a p\u00e9ril en la demeure. Il faut \u00e9vacuer les \u00e9gouts des \u00e9curies d\u2019Osias. La RD en premier aurait renvers\u00e9 <em>j\u00f2v<\/em> \u00e0 la CARICOM et non sans raison.<\/span><\/p>\n<p style=\"text-align: left;\"><span style=\"color: #000000;\">Ce n\u2019est donc au hasard que le <a style=\"color: #000000;\" href=\"https:\/\/issuu.com\/jean-juniorjoseph\/docs\/haiti-observateur-10decembre2015\">9\/12\/2015\/H-O\/P7<\/a>, <a style=\"color: #000000;\" href=\"http:\/\/haiti-observateur.ca\/?p=2906\">mieux pr\u00e9parer 2021<\/a> est \u00e9tal\u00e9 pour accuser 2016 ou l\u2019avalanche diplomatique pr\u00e9visible, afin d\u2019\u00e9viter l\u2019autre d\u00e9rive pr\u00e9visible per\u00e7ue. Ce n\u2019est alors sans raison, mais sans lien direct implicite avec le <em>gilet-jaune<\/em> fran\u00e7ais, car pure co\u00efncidence, <em><a style=\"color: #000000;\" href=\"http:\/\/internationaldiplomat.ca\/international\/haiti\/haiti-dapres-lapocalypse-moderne-de-la-legende-de-baron-jovenel\/\">l\u2019Enjoy Plaza<\/a><\/em> de Jean Jackson Michel d\u00e9truit \u00e0 l\u2019Arcahaie [cit\u00e9 du drapeau en Ha\u00efti], \u00e9tait jaune et <em>tout jaune<\/em> comme un <em>gilet jaune outremer<\/em> que le pr\u00e9sident <em>j\u00f2v<\/em> a fait d\u00e9truire par\u00a0la haine. Comme si le <em>gilet-jaune<\/em> en France r\u00e9clame justice par solidarit\u00e9 dans sa mesure de protection de l\u2019union r\u00e9publicaine.<\/span><\/p>\n<p style=\"text-align: left;\"><span style=\"color: #000000;\">Si nous sommes en mati\u00e8re de pr\u00e9sidence dans l\u2019impasse r\u00e9publicaine globale, et par solidarit\u00e9, <em>franscr\u00e9ole<\/em>, je r\u00e9ponds par l\u2019interrogation sur le <strong>parlement<\/strong>, de l\u2019article originel : o\u00f9 est ce r\u00e9servoir de g\u00e9nies pour ne pas avoir accompagn\u00e9 la 49<sup>e<\/sup> sur la1<sup>e<\/sup> marche\u00a0?<\/span><\/p>\n<p style=\"text-align: left;\"><span style=\"color: #000000;\">La mesure protectrice renfermait ses <strong>mesures provisionnelles\u00a0: <\/strong>meubler l\u2019institution de haut savoir, dans le but de rehausser le niveau de l\u2019institution en permanence [\u2026]. J\u2019ai \u00e9t\u00e9 plus loin en d<strong>emande de d\u00e9dommagement<\/strong>. L\u2019imposition du silence pendant six mois, pour exc\u00e8s de z\u00e8le bas\u00e9 sur de la haine politique\u00a0; l\u2019imposition du silence pendant six mois, pour obstruction \u00e0 l\u2019exercice du mandat de l\u2019\u00e9lu (Art.138), obtenu au scrutin universel\u00a0; la lev\u00e9e de l\u2019immunit\u00e9 parlementaire pour une p\u00e9riode de trois mois, pour tort moral et national caus\u00e9 par des accusations mensong\u00e8res et non fond\u00e9es\u00a0; la mise en examen pour haute trahison dans le but de faire perdre au pays, les droits de sa souverainet\u00e9 et des avantages cons\u00e9quents aux contrats sign\u00e9s sous cette pr\u00e9sidence.<\/span><\/p>\n<p style=\"text-align: left;\"><span style=\"color: #000000;\">La question n\u2019est donc pas ici en qu\u00eate d\u2019indulgence ni de l\u2019irr\u00e9v\u00e9rence qui pourrait s\u2019\u00e9clater en pol\u00e9mique. Le Parlement a peut-\u00eatre appris, mais pas assez, car son comportement partisan en faveur de la pr\u00e9sidence cette fois-ci a min\u00e9 l\u2019\u00c9tat au d\u00e9triment de la Nation. L\u2019\u00e9tat des lieux a empir\u00e9. Et, par rapport au pr\u00e9c\u00e9dent scandale, la pr\u00e9sidence s\u2019installe aujourd\u2019hui dans le crime, dans la faillite, dans la menace de la souverainet\u00e9 au point o\u00f9 le quidam \u00e9voque sans critiques aucunes, la main de l\u2019exo dans notre patrimoine.<\/span><\/p>\n<p style=\"text-align: left;\"><span style=\"color: #000000;\">Si le constat des lieux ne se ressemble pas dans la formule Andr\u00e9 Michel et dans celle de Jerry Tardieu, ils \u2018accordent. L\u2019union r\u00e9publicaine n\u2019a pas \u00e9t\u00e9 prot\u00e9g\u00e9e par la pr\u00e9sidence ni par le parlement. C\u2019est donc pourquoi nous devons nous prononcer en s\u00e9paration l\u00e9gale infirmant le mandat du pr\u00e9sident. Une formule Tardieu-Michel devrait \u00eatre consid\u00e9r\u00e9e sans d\u00e9tour.<\/span><\/p>\n<hr \/>\n<p style=\"text-align: left;\"><span style=\"color: #000000;\">cet article est publi\u00e9 par l&rsquo;hebdomadaire Ha\u00efti-Observateur, \u00e9dition du 12 d\u00e9cembre 2018 et se trouve en <strong>P.14<\/strong>\u00a0\u00e0 :\u00a0<a href=\"http:\/\/haiti-observateur.ca\/wp-content\/uploads\/2018\/12\/H-O-12-december-2018.pdf\">http:\/\/haiti-observateur.ca\/wp-content\/uploads\/2018\/12\/H-O-12-december-2018.pdf<\/a><\/span><\/p>\n","protected":false},"excerpt":{"rendered":"<p>DIPLOMATIE INTERNATIONALE &amp; SOCI\u00c9T\u00c9 par Dan Albertini l\u2019Union R\u00e9publicaine\u00a0en Requ\u00eate Citoyenne\u00a0: Mesure Protectrice\u00a0et \u00c9tat des Lieux Entre (). Macron-des-r\u00eaves croit en dring en l\u2019automatisme de la romance \u2018en passant par la Loraine\u2026, ne suis pas si vilaine avec mes sabots,&#8230; <\/p>\n","protected":false},"author":3,"featured_media":2920,"comment_status":"closed","ping_status":"closed","sticky":false,"template":"","format":"standard","meta":{"footnotes":""},"categories":[16,25],"tags":[615,784,822,843,861,1004,1088,1232,1490,1494,1561,1576,1795,1873,2044,2118,2252,2342],"class_list":["post-2958","post","type-post","status-publish","format-standard","has-post-thumbnail","hentry","category-diplomatieinternationale","category-haiti","tag-dan-albertini","tag-ed","tag-enjoy-plazs","tag-etet-des-leiux","tag-exo","tag-gilet","tag-haiti-observateur","tag-jaune","tag-manno","tag-manu","tag-mesure-provisionnelle","tag-michel","tag-parlement","tag-philippe","tag-republique","tag-sans-racines","tag-tardieu","tag-union-republicaine"],"_links":{"self":[{"href":"https:\/\/haiti-observateur.news\/index.php?rest_route=\/wp\/v2\/posts\/2958","targetHints":{"allow":["GET"]}}],"collection":[{"href":"https:\/\/haiti-observateur.news\/index.php?rest_route=\/wp\/v2\/posts"}],"about":[{"href":"https:\/\/haiti-observateur.news\/index.php?rest_route=\/wp\/v2\/types\/post"}],"author":[{"embeddable":true,"href":"https:\/\/haiti-observateur.news\/index.php?rest_route=\/wp\/v2\/users\/3"}],"replies":[{"embeddable":true,"href":"https:\/\/haiti-observateur.news\/index.php?rest_route=%2Fwp%2Fv2%2Fcomments&post=2958"}],"version-history":[{"count":0,"href":"https:\/\/haiti-observateur.news\/index.php?rest_route=\/wp\/v2\/posts\/2958\/revisions"}],"wp:featuredmedia":[{"embeddable":true,"href":"https:\/\/haiti-observateur.news\/index.php?rest_route=\/"}],"wp:attachment":[{"href":"https:\/\/haiti-observateur.news\/index.php?rest_route=%2Fwp%2Fv2%2Fmedia&parent=2958"}],"wp:term":[{"taxonomy":"category","embeddable":true,"href":"https:\/\/haiti-observateur.news\/index.php?rest_route=%2Fwp%2Fv2%2Fcategories&post=2958"},{"taxonomy":"post_tag","embeddable":true,"href":"https:\/\/haiti-observateur.news\/index.php?rest_route=%2Fwp%2Fv2%2Ftags&post=2958"}],"curies":[{"name":"wp","href":"https:\/\/api.w.org\/{rel}","templated":true}]}}