{"id":2953,"date":"2013-03-28T16:19:58","date_gmt":"2013-03-28T20:19:58","guid":{"rendered":"http:\/\/haiti-observateur.ca\/?p=2953"},"modified":"2013-03-28T16:19:58","modified_gmt":"2013-03-28T20:19:58","slug":"mesure-protectrice-de-lunion-republicaine-selon-lart-52-1-k","status":"publish","type":"post","link":"https:\/\/haiti-observateur.news\/?p=2953","title":{"rendered":"Mesure Protectrice de l\u2019Union R\u00e9publicaine Selon l\u2019Art. 52.1-k"},"content":{"rendered":"<p style=\"text-align: left;\"><span style=\"color: #000000;\"><strong>DIPLOMATIE INTERNATIONALE &amp; SOCI\u00c9T\u00c9\u00a0<\/strong><a href=\"dan.albertini@reseauhem.ca\"><em>par Dan Albertini<\/em><\/a><\/span><\/p>\n<ul>\n<li style=\"text-align: left;\"><span style=\"color: #000000;\"><strong>Mesure protectrice de l\u2019union r\u00e9publicaine selon l\u2019art. 52.1-k<\/strong><\/span><\/li>\n<li style=\"text-align: left;\"><span style=\"color: #000000;\"><strong> du chapitre III, et de l\u2019art. 138 de la Constitution. Requ\u00eate citoyenne<\/strong><\/span><strong style=\"color: #000000;\">\u00a0<\/strong><\/li>\n<\/ul>\n<p style=\"text-align: left;\"><span style=\"color: #000000;\"><em>Entre (). Une hypoth\u00e8se. Le maire de trois communes\u00a0: Camp P\u00e9rin, Bombardopolis, Baptiste. Le sc\u00e9nario implique les repr\u00e9sentants \u00e9lus du conseil communal, en assembl\u00e9e. Le premier pr\u00e8s des Cayes, le second non loin de Port-de-Paix et le troisi\u00e8me par contre, voisin de Elias Pinas RD. L\u2019exercice d\u00e9mocratique consiste \u00e0 voter des r\u00e8glements municipaux, \u00e0 r\u00e9gulariser une op\u00e9ration bancaire, \u00e0 acqu\u00e9rir du mat\u00e9riel pour les besoins d\u2019un conseil en d\u00e9lib\u00e9ration, la veille d\u2019une f\u00eate patronale qui s\u2019\u00e9talerait sur un cong\u00e9 de fin de semaine. Celui de Baptiste contrairement aux deux autres, se d\u00e9roule dans les faits, plus proche d\u2019une RD mieux outill\u00e9e pour des urgences. Sans vouloir exag\u00e9rer dans la catastrophe, nous devons simuler sur une base traditionnelle, r\u00e9elle, pour mieux comprendre et pr\u00e9venir. Des hommes arm\u00e9s dits militaires d\u00e9mobilis\u00e9s d\u00e9barquent et s\u00e8ment la panique par m\u00e9prise, les communications sont interrompues. O\u00f9 trouver refuge, sur qui se connecter\u00a0? Combien de villes ha\u00eftiennes se sont retrouv\u00e9es avec un tel sc\u00e9nario, depuis la Constitution de 1987\u00a0? Combien de fois des voisins ont mieux mesur\u00e9 notre vitalit\u00e9\u00a0? Bellerive aurait dit que le pays n\u2019avait besoin de d\u00e9centralisation, car il n\u2019y a rien de centralis\u00e9. Disons que la d\u00e9linquance est d\u00e9centralis\u00e9e. La Constitution est-elle r\u00e9ellement en vigueur en 2012 ? Fermons ()<\/em><\/span><\/p>\n<p style=\"text-align: left;\"><span style=\"color: #000000;\"><strong>Q<\/strong>uand la 49<sup>i\u00e8me<\/sup> l\u00e9gislature rentrait sur la sc\u00e8ne politique nationale, qui \u00e9tait de ceux qui animaient le s\u00e9minaire pour introduire les nouveaux \u00e9lus dans le processus l\u00e9gislatif, selon le protocole en vigueur dans les affaires de la R\u00e9publique\u00a0? Un nom sortait de l\u2019ombre. \u00c9tait-ce un ambassadeur \u00e9tranger\u00a0? La loi cadre du Parlement stipule par contre que cette institution est un r\u00e9servoir de comp\u00e9tences. O\u00f9 \u00e9tait ce r\u00e9servoir d\u2019hommes pensant pour ne pas avoir accompagn\u00e9 la 49<sup>i\u00e8me<\/sup> sur les premi\u00e8res marches\u00a0? Nous prenons acte aujourd\u2019hui que le d\u00e9faut d\u2019\u00eatre comp\u00e9tent plonge cette institution dans une impasse qui en effet, risque de d\u00e9boucher sur une crise. Nous n\u2019en sommes pas encore. Mais, si le pr\u00e9sident devrait \u00eatre destitu\u00e9 pour les <strong>d\u00e9fauts reproch\u00e9s par appr\u00e9ciation<\/strong>, ce serait la d\u00e9marche ignorante \u00e0 revers, bousculant l\u2019Art. 138. Pire, <strong>ce sera l\u2019occasion aussi de remettre en question<\/strong> toutes les ententes sign\u00e9es et tous les contrats consentis par un ill\u00e9gal. Par exemple les fonds ramass\u00e9s pour l\u2019\u00e9ducation, tant par la taxe sur les appels ou sur les transferts, mais aussi, les fonds accord\u00e9s par d\u2019autres pays dits amis, \u00e0 un pr\u00e9sident \u00e9tranger, selon la loi en vigueur. Ce serait r\u00e9ellement une crise majeure, sans issue. Loin de l\u2019assistance technique, ce sera la tutelle. <strong>Requ\u00eate.<\/strong><\/span><\/p>\n<p style=\"text-align: left;\"><span style=\"color: #000000;\"><strong>En fait et en Droit<\/strong><\/span><\/p>\n<ul style=\"text-align: left;\">\n<li><span style=\"color: #000000;\">L\u2019accusateur a tent\u00e9 de d\u00e9nigrer le citoyen <strong>ha\u00eftien-Art.138<\/strong>, en lui demandant de s\u2019inculper, sur la foi de son appr\u00e9ciation qui ne soutenait aucune preuve, mais des suspicions.<\/span><\/li>\n<li><span style=\"color: #000000;\">En fait, les accusations non soutenues sur une potentielle double citoyennet\u00e9 du pr\u00e9sident se sont av\u00e9r\u00e9es non fond\u00e9es. Donc, d\u00e9montrent la mauvaise foi de l\u2019accusateur qui a tent\u00e9 de lui enlever sa citoyennet\u00e9, en ayant recours \u00e0 un protocole discriminatoire. L\u2019exposition des huit passeports d\u00e9montrait la citoyennet\u00e9 ha\u00eftienne du pr\u00e9sident.<\/span><\/li>\n<li><span style=\"color: #000000;\">En droit, le passeport est une pi\u00e8ce d\u2019identit\u00e9 qui valide la citoyennet\u00e9 ha\u00eftienne en vertu des lois en vigueur de l\u2019immigration et de celles de la charte fondamentale de la nation.<\/span><\/li>\n<li><span style=\"color: #000000;\">L\u2019accusation n\u2019a pas prouv\u00e9 en droit, que sa d\u00e9claration f\u00fbt soutenue par des preuves.<\/span><\/li>\n<li><span style=\"color: #000000;\">C\u2019est en fait et en droit, une violation grave de la pr\u00e9somption <em>d\u2019innocence<\/em>, d\u2019apr\u00e8s les lois en vigueur dans le pays.<\/span><strong style=\"color: #000000;\">\u00a0<\/strong><\/li>\n<\/ul>\n<p style=\"text-align: left;\"><span style=\"color: #000000;\"><strong>Par appr\u00e9ciation<\/strong><\/span><\/p>\n<ul>\n<li style=\"text-align: left;\"><span style=\"color: #000000;\">La gestion des dix premiers mois d\u00e9montre que malgr\u00e9 la situation catastrophique post s\u00e9isme, et celle traditionnellement chaotique, que le pr\u00e9sident a d\u00e9montr\u00e9 toutes les capacit\u00e9s n\u00e9cessaires pour g\u00e9rer l\u2019impossible et, pour mener \u00e0 terme son mandat.<\/span><\/li>\n<li style=\"text-align: left;\"><span style=\"color: #000000;\">La mise en sc\u00e8ne orchestr\u00e9e par l\u2019accusation dite savante, d\u00e9montre d\u2019une part son incapacit\u00e9 \u00e0 g\u00e9rer les bonnes relations citoyennes (<strong>art. 52.1-k, du chapitre III)<\/strong>, politiques et constitutionnelles, dans les obligations de son mandat de l\u00e9gislateur. Et, d\u2019autre part, un avenir sombre pour le pays qui d\u00e9pose un tel pouvoir entre les mains de l\u2019accusateur.<\/span><span style=\"color: #000000;\"><strong>\u00a0<\/strong><\/span><\/li>\n<\/ul>\n<p style=\"text-align: left;\"><span style=\"color: #000000;\"><strong>Demande \u00e0 rejeter<\/strong><\/span><\/p>\n<ul>\n<li style=\"text-align: left;\"><span style=\"color: #000000;\">Le citoyen demande de rejeter la cause pour accusation incoh\u00e9rente et non fond\u00e9e.<\/span><\/li>\n<li style=\"text-align: left;\"><span style=\"color: #000000;\">Pour vice de proc\u00e9dure en relation aux points 4 et 5 dans les faits et dans le droit.<\/span><\/li>\n<li style=\"text-align: left;\"><span style=\"color: #000000;\">l\u2019introduction de tout \u00e9l\u00e9ment nouveau sans fondement <em>(limite d\u2019une commission d\u2019enqu\u00eate).<\/em><\/span><\/li>\n<\/ul>\n<p style=\"text-align: left;\"><span style=\"color: #000000;\"><strong>Demande de d\u00e9dommagement<\/strong><\/span><\/p>\n<ul>\n<li style=\"text-align: left;\"><span style=\"color: #000000;\">L\u2019imposition du silence pendant 6 mois, pour exc\u00e8s de z\u00e8le bas\u00e9 sur la haine politique.<\/span><\/li>\n<li style=\"text-align: left;\"><span style=\"color: #000000;\">L\u2019imposition du silence pendant 6 mois, pour obstruction \u00e0 l\u2019exercice du mandat de l\u2019\u00e9lu (Art.138), obtenu au scrutin universel<\/span><\/li>\n<li style=\"text-align: left;\"><span style=\"color: #000000;\">La lev\u00e9e de l\u2019immunit\u00e9 parlementaire pour une p\u00e9riode de 3 mois, pour tort moral et national caus\u00e9 par des accusations mensong\u00e8res et non fond\u00e9es.<\/span><\/li>\n<li style=\"text-align: left;\"><span style=\"color: #000000;\">La mise en examen pour haute trahison dans le but de faire perdre au pays, les droits de sa souverainet\u00e9 et des avantages cons\u00e9quents aux contrats sign\u00e9s sous cette pr\u00e9sidence.<\/span><\/li>\n<\/ul>\n<p style=\"text-align: left;\"><span style=\"color: #000000;\"><strong>Reconventionnellement et toujours sous suite des d\u00e9pens<\/strong><\/span><\/p>\n<ul>\n<li style=\"text-align: left;\"><span style=\"color: #000000;\">R\u00e9cup\u00e9ration des budgets de promotion des parlementaires en cause, pour publiciser l\u2019authenticit\u00e9 citoyenne du pr\u00e9sident, <strong>dans l\u2019int\u00e9r\u00eat de l\u2019union r\u00e9publicaine.<\/strong><\/span><\/li>\n<li style=\"text-align: left;\"><span style=\"color: #000000;\">D\u00e9gager du budget de fonctionnement de l\u2019institution fautive, les moyens financiers pour l\u2019instruction ad\u00e9quate des \u00e9lus municipaux, afin d\u2019\u00e9viter des effets pervers \u00e0 ce niveau, en confrontation relative avec le prochain gouvernement ratifi\u00e9.<\/span><\/li>\n<li style=\"text-align: left;\"><span style=\"color: #000000;\">Soulager la demande de d\u00e9dommagement par les deux points de la suite des d\u00e9pens.<\/span><\/li>\n<\/ul>\n<p style=\"text-align: left;\"><span style=\"color: #000000;\"><strong>\u00c0 titre de mesures pr\u00e9visionnelles<\/strong><\/span><\/p>\n<ul>\n<li style=\"text-align: left;\"><span style=\"color: #000000;\">Cette op\u00e9ration d\u00e9montre la n\u00e9cessit\u00e9 de renforcer les balises existantes afin d\u2019\u00e9viter la tentation d\u00e9g\u00e9n\u00e9rative contraire au contenu de la loi cadre de l\u2019institution\u00a0: &lt;&lt; un r\u00e9servoir de comp\u00e9tences &gt;&gt;.<\/span><\/li>\n<li style=\"text-align: left;\"><span style=\"color: #000000;\">La mise en garde contre toute tentative d\u2019alimenter un suivi politique discordant de cette requ\u00eate infructueuse sous le couvert de faits nouveaux, dans le but de nuire.<\/span><strong style=\"color: #000000;\">\u00a0<\/strong><\/li>\n<\/ul>\n<p style=\"text-align: left;\"><span style=\"color: #000000;\"><strong>\u00c0 titre de mesures d\u2019extr\u00eame urgence<\/strong><\/span><\/p>\n<ul>\n<li style=\"text-align: left;\"><span style=\"color: #000000;\">D\u2019organiser rapidement une s\u00e9rie de s\u00e9minaires th\u00e9matiques dans le but de mieux encadrer les \u00e9lus \u00e0 l\u2019\u00e9chelle nationale, lesquels doivent se constituer parlementaires ou autres, pour parvenir et r\u00e9ussir \u00e0 penser pour le b\u00e9n\u00e9fice du pays, de la nation, d\u2019un \u00e9tat de droit.<\/span><\/li>\n<\/ul>\n<p style=\"text-align: left;\"><span style=\"color: #000000;\"><strong>\u00c0 titre de mesures provisionnelles<\/strong><\/span><\/p>\n<ul>\n<li style=\"text-align: left;\"><span style=\"color: #000000;\">Meubler l\u2019institution de haut savoir, dans le but de rehausser le niveau de l\u2019institution en permanence.<\/span><\/li>\n<li style=\"text-align: left;\"><span style=\"color: #000000;\">Limiter concr\u00e8tement les tergiversations qui retardent le processus de ratification du premier ministre d\u00e9sign\u00e9.<\/span><strong style=\"color: #000000;\">\u00a0<\/strong><\/li>\n<\/ul>\n<p style=\"text-align: left;\"><span style=\"color: #000000;\">En conclusion, l\u2019\u00e9tat ha\u00eftien pourra se f\u00e9liciter d\u2019avoir r\u00e9tabli son autorit\u00e9, non par des mesures coercitives qui rel\u00e8vent des instances judiciaires mais, par des mesures \u00e9ducatives dans le but d\u2019\u00e9viter tout d\u00e9rapage \u00e0 l\u2019avenir, et <strong>la mise en p\u00e9ril de sa souverainet\u00e9<\/strong>, car chaque demande de coop\u00e9ration judiciaire avec un autre \u00e9tat ouvre une br\u00e8che sur le tronc de la souverainet\u00e9. Faut-il rappeler le fonctionnalisme des commissions sp\u00e9ciales et des commissions d\u2019enqu\u00eate\u00a0? L\u2019enqu\u00eate d\u2019abord est confidentielle. Faisons mieux et la R\u00e9publique aura gagn\u00e9. De plus, \u00e7a \u00e9vitera une autre gifle magistrale de la RD aux p<em>arlementrie<\/em>s ha\u00eftiennes. Elever Martelly au grade de grand croix plaque d\u2019or (Duarte) par Fernandez c\u2019en est une.<\/span><\/p>\n<hr \/>\n<p style=\"text-align: left;\"><span style=\"color: #000000;\">cet article est publi\u00e9 pas l&rsquo;hebdomadaire Ha\u00efti-Observateur, \u00e9dition du 28 mars 2013 et se trouve en\u00a0<strong>P.5<\/strong><\/span><\/p>\n","protected":false},"excerpt":{"rendered":"<p>DIPLOMATIE INTERNATIONALE &amp; SOCI\u00c9T\u00c9\u00a0par Dan Albertini Mesure protectrice de l\u2019union r\u00e9publicaine selon l\u2019art. 52.1-k du chapitre III, et de l\u2019art. 138 de la Constitution. Requ\u00eate citoyenne\u00a0 Entre (). Une hypoth\u00e8se. Le maire de trois communes\u00a0: Camp P\u00e9rin, Bombardopolis, Baptiste. Le&#8230; <\/p>\n","protected":false},"author":3,"featured_media":2955,"comment_status":"closed","ping_status":"closed","sticky":false,"template":"","format":"standard","meta":{"footnotes":""},"categories":[16,25,47],"tags":[615,640,1088,1560,1764,1844,2209],"class_list":["post-2953","post","type-post","status-publish","format-standard","has-post-thumbnail","hentry","category-diplomatieinternationale","category-haiti","category-societe","tag-dan-albertini","tag-dedommagement","tag-haiti-observateur","tag-mesure-protectrice-union-republicaine","tag-organiser","tag-peril","tag-souverainete"],"_links":{"self":[{"href":"https:\/\/haiti-observateur.news\/index.php?rest_route=\/wp\/v2\/posts\/2953","targetHints":{"allow":["GET"]}}],"collection":[{"href":"https:\/\/haiti-observateur.news\/index.php?rest_route=\/wp\/v2\/posts"}],"about":[{"href":"https:\/\/haiti-observateur.news\/index.php?rest_route=\/wp\/v2\/types\/post"}],"author":[{"embeddable":true,"href":"https:\/\/haiti-observateur.news\/index.php?rest_route=\/wp\/v2\/users\/3"}],"replies":[{"embeddable":true,"href":"https:\/\/haiti-observateur.news\/index.php?rest_route=%2Fwp%2Fv2%2Fcomments&post=2953"}],"version-history":[{"count":0,"href":"https:\/\/haiti-observateur.news\/index.php?rest_route=\/wp\/v2\/posts\/2953\/revisions"}],"wp:featuredmedia":[{"embeddable":true,"href":"https:\/\/haiti-observateur.news\/index.php?rest_route=\/"}],"wp:attachment":[{"href":"https:\/\/haiti-observateur.news\/index.php?rest_route=%2Fwp%2Fv2%2Fmedia&parent=2953"}],"wp:term":[{"taxonomy":"category","embeddable":true,"href":"https:\/\/haiti-observateur.news\/index.php?rest_route=%2Fwp%2Fv2%2Fcategories&post=2953"},{"taxonomy":"post_tag","embeddable":true,"href":"https:\/\/haiti-observateur.news\/index.php?rest_route=%2Fwp%2Fv2%2Ftags&post=2953"}],"curies":[{"name":"wp","href":"https:\/\/api.w.org\/{rel}","templated":true}]}}