{"id":2945,"date":"2012-02-22T12:48:32","date_gmt":"2012-02-22T17:48:32","guid":{"rendered":"http:\/\/haiti-observateur.ca\/?p=2945"},"modified":"2012-02-22T12:48:32","modified_gmt":"2012-02-22T17:48:32","slug":"leurope-va-t-elle-imploser-quand-la-grece-a-du-reclamer-une-dette-de-guerre","status":"publish","type":"post","link":"https:\/\/haiti-observateur.news\/?p=2945","title":{"rendered":"L\u2019Europe va-t-elle Imploser Quand la Gr\u00e8ce a d\u00fb R\u00e9clamer une Dette de Guerre"},"content":{"rendered":"<p style=\"text-align: left;\"><span style=\"color: #000000;\"><strong>DIPLOMATIE INTERNATIONALE ET SOCI\u00c9T\u00c9<\/strong>\u00a0<a style=\"color: #000000;\" href=\"dan.albertini@reseauhem.ca\"><em>par Dan Albertini<\/em><\/a><\/span><\/p>\n<ul style=\"text-align: left;\">\n<li><span style=\"color: #000000;\"><strong><em> L\u2019Europe va-t-elle imploser quand la Gr\u00e8ce a d\u00fb r\u00e9clamer une dette de guerre pour forcer la bonne volont\u00e9 de l\u2019Allemagne<\/em><\/strong><\/span><\/li>\n<li><span style=\"color: #000000;\"><strong><em> ou, Ha\u00efti doit-elle se rappeler que le proc\u00e8s du G\u00e9nie du Code noir n\u2019a pas encore lieu, le rapatriement de nos standards vol\u00e9s non plus ?<\/em><\/strong><\/span><\/li>\n<\/ul>\n<p style=\"text-align: left;\"><span style=\"color: #000000;\">\u00ab\u00a0Les Allemands, qui rechignent \u00e0 financer un second plan de sauvetage pour la Gr\u00e8ce, devraient se souvenir de tout ce qu&rsquo;ils ont pill\u00e9 dans ce pays pendant la Seconde Guerre mondiale [&#8230;] Avec les int\u00e9r\u00eats, ce sont 81 milliards d&rsquo;euros qui sont dus \u00e0 Ath\u00e8nes. C&rsquo;est l\u00e0 une autre fa\u00e7on de voir l&rsquo;Europe et son histoire\u00a0\u00bb. C\u2019est ce que rapportait le quotidien fran\u00e7ais Le Monde en date du vendredi 17 f\u00e9vrier pass\u00e9. Citons : &lt;&lt; L&rsquo;homme qui s&rsquo;exprime ainsi n&rsquo;est pas un ancien r\u00e9sistant grec, ni m\u00eame un membre de l&rsquo;opposition grecque, il n&rsquo;est pas grec du tout. Il s&rsquo;agit de l&rsquo;eurod\u00e9put\u00e9 Daniel Cohn-Bendit, interpellant mercredi 15 f\u00e9vrier les responsables allemands au Parlement europ\u00e9en au lendemain du refus de la tro\u00efka europ\u00e9enne d&rsquo;octroyer un deuxi\u00e8me plan d&rsquo;aide de 130 milliards d&rsquo;euros \u00e0 Ath\u00e8nes &gt;&gt;. L\u2019Allemagne a rapidement r\u00e9agi pour soulager la Gr\u00e8ce du poids de la faillite. Et le pr\u00e9sident Martelly, va-t-il alors transgresser 1804 pour se valoir moderne dans la mendicit\u00e9 ?<\/span><\/p>\n<p style=\"text-align: left;\"><span style=\"color: #000000;\">Cohn-Bendit, Eurod\u00e9put\u00e9, et les n\u00f4tres ? Devrions-nous nous sentir stigmatis\u00e9s ou soulag\u00e9s en lisant ce quotidien fran\u00e7ais ou en \u00e9coutant le Fran\u00e7ais Cohn-Bendit s\u2019exprimer ainsi ? Arr\u00eatons-nous le temps d\u2019une pose. Cohn-Bendit ne r\u00e9clamait-il pas par l\u00e0 sur le principe &lt;&lt; une autre fa\u00e7on de voir l\u2019Europe et son histoire &gt;&gt;, en simulant &lt;&lt; Ha\u00efti Nouvelle ou la s\u00e9rie des grands proc\u00e8s de l\u2019Histoire &gt;&gt; ? Ce que nous r\u00e9clamions par le proc\u00e8s du \u2018\u2019G\u00e9nie du Code noir\u2019\u2019, dans un monde o\u00f9 Ki moon veut d\u2019une part et que le candidat de la \u2018\u2019France forte\u2019\u2019 veut d\u2019autre part, humanis\u00e9 pour des humains ? Une simulation qui me stimule encore plus.<\/span><\/p>\n<p style=\"text-align: left;\"><span style=\"color: #000000;\">Nous en avions parl\u00e9 en 2010 \u00e0 plus d\u2019un, mais en particulier \u00e0 un ancien ministre duvali\u00e9riste pr\u00e9sent \u00e0 Gen\u00e8ve comme Secr\u00e9taire parlementaire pour le compte du Parlement ha\u00eftien. Nous lui avons parl\u00e9 d\u2019une Ha\u00efti nouvelle r\u00e9cup\u00e9rant ses standards afin de les rehausser. Oh combien ses sentiments patriotiques disait-il, ont fait tourner son sang et grimper le courant de ses \u00e9motions. Nous le croyions sinc\u00e8re \u00e9videmment. Il devait hanter le Parlement avec cette notion. Non, ce ne sont pas des reproches mais, permettez cette digression. Qui donc est le p\u2019tit doc d\u00e9chu pour devoir endosser ces chaussures r\u00e9publicaines qui permettent de marcher la t\u00eate haute ? Oh cette grandeur ! Mais alors rien, absolument rien ne s\u2019est pass\u00e9 dans ce parlement sans racines, pour r\u00e9parer cette fracture historique. Il a pr\u00e9f\u00e9r\u00e9 fuir vers un poste de chef de cabinet politique provisoire. Pauvre dard d\u2019une \u00e9poque. Mais il aura toujours sa place en R\u00e9publique et dans son bastion \u00e0 Thiotte. Je savais que l\u2019histoire allait r\u00e9gler ses comptes dans ce pays d\u2019un &lt;&lt; Le Pen condamn\u00e9 pour n\u00e9gationnisme &gt;&gt;. Je savais aussi que l\u2019HISTOIRE allait nous donner rendez-vous face \u00e0 ce pays du G\u00e9nie du Code noir. Ha\u00efti relira int\u00e9gralement le Code noir pour son G\u00e9nie le jour de l\u2019instruction.<\/span><\/p>\n<p style=\"text-align: left;\"><span style=\"color: #000000;\">Le Monde m\u00e9dia et Nous Imaginez le pr\u00e9sident JBA r\u00e9clamant \u00e0 la France cette indemnit\u00e9 de plusieurs milliards d\u2019Euros. Ce pr\u00e9sident a \u00e9t\u00e9 victime de chantage et de d\u00e9portation exemplaire, par les \u2018\u2019vertus\u2019\u2019 de cette m\u00eame France coupable. Le Monde en avait-il parl\u00e9, comment ? Imaginez maintenant un m\u00e9dia ha\u00eftien osant \u00e0 peine citer en critique les ing\u00e9rences de l\u2019ambassadeur le Bret, mais d\u00e9criant \u00e0 plein gosier les doubles nationaux suspect\u00e9s dans le conseil des ministres. Imaginez pour finir, Cohn-Bendit d\u00e9non\u00e7ant sans le savoir, par la reprise m\u00e9diatique du quotidien Le Monde, par le m\u00eame principe de l\u2019Allemagne coupable en Gr\u00e8ce, la France d\u00e9shumanisant tous ces Noirs pendant plus d\u2019un si\u00e8cle. Plus que le temps de voleurs nazis d\u00e9nonc\u00e9s par Cohn-Bendit. Bravo !<\/span><\/p>\n<p style=\"text-align: left;\"><span style=\"color: #000000;\">Qui nous fixera alors les balises du temps, de la douleur et des stigmates pour tenter d\u2019effacer notre m\u00e9moire ? Le Monde peut-il effectuer aujourd\u2019hui ce calcul pour Ha\u00efti ? DCB, s\u2019il vous pla\u00eet ! Voyez monsieur le \u2018\u2019noiriste\u2019\u2019, Duvalier et vous ne pouvez m\u00eame pas vous exprimer l\u00e0-dessus malgr\u00e9 cette escorte de ville \u00e0 la Primature. Que calamidad, dirait-on en castellano dominicain !<\/span><\/p>\n<p style=\"text-align: left;\"><span style=\"color: #000000;\">L\u2019\u00e9conomie relative Si nous nous investissons encore plus loin dans une petite analyse de l\u2019article du quotidien Le Monde, il est facile de d\u00e9couvrir si c\u2019est le cas de le dire, que la RFA d\u2019Helmut Kohl aurait r\u00e9alis\u00e9 des \u00e9conomies substantielles qui ont permis \u00e0 l\u2019Allemagne r\u00e9unie, de devenir ce qu\u2019elle est aujourd\u2019hui. Celle qui aurait ainsi amorti cette dette de guerre. Cohn-Bendit ne nous permet-il pas de croire par\u00a0<\/span><span style=\"color: #000000;\">l\u2019analyse de ce quotidien fran\u00e7ais, que la France ne serait pas aujourd\u2019hui, cette grande puissance malade qui a besoin d\u2019\u00eatre \u2018\u2019forte\u2019\u2019, malgr\u00e9 essouffl\u00e9e par l\u2019usure du temps et du mauvais g\u00e9nie ? O\u00f9 sont donc nos standards aujourd\u2019hui ? Qui nous les a vol\u00e9s pour cr\u00e9er sa fortune ? Mais surtout, qui par la suite s\u2019\u00e9tait amus\u00e9 \u00e0 une mendicit\u00e9 obscure pour alimenter sa folie au d\u00e9triment de notre souverainet\u00e9 ? Une question adress\u00e9e \u00e0 qui de droit. Qui rechigna plus tard ? Il faudrait peut-\u00eatre fournir des r\u00e9ponses d\u2019une part et d\u2019autre part pour \u00e9viter les grands proc\u00e8s.<\/span><\/p>\n<p style=\"text-align: left;\"><span style=\"color: #000000;\">La s\u00e9rie des grands proc\u00e8s de l\u2019histoire Si le quotidien fran\u00e7ais Le Monde s\u2019est ainsi pr\u00e9sent\u00e9 sans le vouloir au rendez-vous de l\u2019HISTOIRE par la force de la d\u00e9claration Cohn-Bendit, il y a fort \u00e0 parier que la br\u00e8che ne sera colmat\u00e9e par le simple d\u00e9sir d\u2019un plombier de la politique. D\u2019un Hollande. Nous comprenons par l\u00e0, que la Gr\u00e8ce europ\u00e9enne ne voulait accepter de plonger toute seule. Elle s\u2019accordait le droit de tirer des cadavres du placard. Que dalle les effets d\u2019entrainement. Nous appr\u00e9cions par contre le fait que les Am\u00e9ricains aient entrepris de d\u00e9dommager leurs victimes de la d\u00e9shumanisation. Ha\u00efti peut-elle se redresser alors avec son pr\u00e9sident pour r\u00e9clamer et r\u00e9cup\u00e9rer ses standards d\u2019origine que l\u2019on \u00e9touffe avec une parodie de coop\u00e9ration internationale. Un m\u00e9canisme de surveillance de pr\u00e9f\u00e9rence et de transfert de richesses vers l\u2019ancienne m\u00e9tropole. Dressons un bilan r\u00e9aliste qui souligne les vraies activit\u00e9s \u00e9conomiques comme les activit\u00e9s financi\u00e8res non comptabilis\u00e9es par la faute de la mendicit\u00e9 comme principe de politique \u00e9trang\u00e8re, nous verrons ce qu\u2019il nous reste en caisse dans la colonne des cr\u00e9dits. Quelle heure est-il ?<\/span><\/p>\n<p style=\"text-align: left;\"><span style=\"color: #000000;\">Cette remont\u00e9e brutale de la m\u00e9moire transformera-t-elle l\u2019Europe en \u2018\u2019Tout de Babel\u2019\u2019 avec le communiste Fran\u00e7ois Hollande s\u2019il est \u00e9lu ? Nous sommes donc loin d\u2019\u00eatre obnubil\u00e9s par le pass\u00e9 et vouloir une entreprise de d\u00e9molition. Mais, playback, cette note du d\u00e9put\u00e9 Cohn-Bendit et l\u2019article du quotidien Le Monde signifient-ils que l\u2019Europe va imploser ou, est-ce un rappel \u00e0 la R\u00e9publique d\u2019Ha\u00efti que cette &lt;&lt; Ha\u00efti Nouvelle &gt;&gt; ne se fera pas sans la &lt;&lt; la S\u00e9rie des Grands Proc\u00e8s de l\u2019Histoire &gt;&gt; ?<\/span><\/p>\n<p style=\"text-align: left;\"><span style=\"color: #000000;\">Chez Nous Si la strat\u00e9gie du Sud de Rigaud s\u2019est perp\u00e9tu\u00e9e pour imposer un silence complice sur Port-au-Prince, le Cap-Ha\u00eftien voisin comme source d\u2019inspiration n\u2019aurait-il mieux valu ce meilleur d\u00e9fenseur pour les enfants de Br\u00e9da et m\u00eame de Marchand ? Il ne consiste pas \u00e0 faire du neuf avec le Nord, mais il ne faudra pas compter sur certaines \u00e9lites\u2026 . O\u00f9 est donc pass\u00e9 Charlito Baker pour ses conseils, ou, est-il satisfait de l\u2019insatisfaction qui r\u00e8gne, avec des contrats obtenus ? La r\u00e9ponse appartient d\u00e9sormais au Pr\u00e9sident de la R\u00e9publique qui doit pilonner les paresses du Parlement, s\u2019il appartient lui-m\u00eame \u00e0 cette race des Buffalo soldiers de la Cr\u00eate-\u00e0-Pierrot, de la Butte Charrier et de Verti\u00e8re. L\u2019intelligence de la pr\u00e9sidence sera-t-elle plus que celle d\u2019un petit p\u00e8re de campagne, comme le petit doc rural de Duvalier ? Si son nouveau discours n\u2019est r\u00e9publicain puisqu\u2019il ne peut \u00eatre de droite ni du centre, que dire de gauche, le mandat du 14 mai devra se red\u00e9finir \u00e0 ses d\u00e9pens.<\/span><\/p>\n<p style=\"text-align: left;\"><span style=\"color: #000000;\">Comprendra-t-il alors que les ruines d\u2019Ath\u00e8nes ont trouv\u00e9 Cohn-Bendit tandis que les ruines de Portau-Prince semblent trop compter jusqu\u2019\u00e0 pr\u00e9sent sur le tr\u00e9pas de nos afflig\u00e9s du sort pour effacer la m\u00e9moire dans ce pays o\u00f9 \u2018\u2019l\u2019\u00e2ne braie\u2019\u2019. La voie r\u00e9f\u00e9rendaire sur la position \u00e0 adopter sera-t-elle ainsi in\u00e9vitable dans ce nouveau monde en \u00e9bullition relative s\u2019il refuse de cliver Sarkozy de Gaule et de Napol\u00e9on ?<\/span><\/p>\n<hr \/>\n<p style=\"text-align: left;\">cet article est publi\u00e9 par l&rsquo;hebdomadaire Ha\u00efti-Observateur \u00e9dition du 22 f\u00e9vrier 2012, et se trouve en <strong>P.<\/strong><\/p>\n","protected":false},"excerpt":{"rendered":"<p>DIPLOMATIE INTERNATIONALE ET SOCI\u00c9T\u00c9\u00a0par Dan Albertini L\u2019Europe va-t-elle imploser quand la Gr\u00e8ce a d\u00fb r\u00e9clamer une dette de guerre pour forcer la bonne volont\u00e9 de l\u2019Allemagne ou, Ha\u00efti doit-elle se rappeler que le proc\u00e8s du G\u00e9nie du Code noir n\u2019a&#8230; <\/p>\n","protected":false},"author":3,"featured_media":1224,"comment_status":"closed","ping_status":"closed","sticky":false,"template":"","format":"standard","meta":{"footnotes":""},"categories":[16,25,54],"tags":[229,339,376,461,525,615,762,1048,1088,1130,1700,1904,1948,2365],"class_list":["post-2945","post","type-post","status-publish","format-standard","has-post-thumbnail","hentry","category-diplomatieinternationale","category-haiti","category-international","tag-baker","tag-breda","tag-calamidad","tag-charlito","tag-cohn-bendit","tag-dan-albertini","tag-duvalier","tag-grece","tag-haiti-observateur","tag-hollande","tag-noiriste","tag-playback","tag-president","tag-vertieres"],"_links":{"self":[{"href":"https:\/\/haiti-observateur.news\/index.php?rest_route=\/wp\/v2\/posts\/2945","targetHints":{"allow":["GET"]}}],"collection":[{"href":"https:\/\/haiti-observateur.news\/index.php?rest_route=\/wp\/v2\/posts"}],"about":[{"href":"https:\/\/haiti-observateur.news\/index.php?rest_route=\/wp\/v2\/types\/post"}],"author":[{"embeddable":true,"href":"https:\/\/haiti-observateur.news\/index.php?rest_route=\/wp\/v2\/users\/3"}],"replies":[{"embeddable":true,"href":"https:\/\/haiti-observateur.news\/index.php?rest_route=%2Fwp%2Fv2%2Fcomments&post=2945"}],"version-history":[{"count":0,"href":"https:\/\/haiti-observateur.news\/index.php?rest_route=\/wp\/v2\/posts\/2945\/revisions"}],"wp:featuredmedia":[{"embeddable":true,"href":"https:\/\/haiti-observateur.news\/index.php?rest_route=\/"}],"wp:attachment":[{"href":"https:\/\/haiti-observateur.news\/index.php?rest_route=%2Fwp%2Fv2%2Fmedia&parent=2945"}],"wp:term":[{"taxonomy":"category","embeddable":true,"href":"https:\/\/haiti-observateur.news\/index.php?rest_route=%2Fwp%2Fv2%2Fcategories&post=2945"},{"taxonomy":"post_tag","embeddable":true,"href":"https:\/\/haiti-observateur.news\/index.php?rest_route=%2Fwp%2Fv2%2Ftags&post=2945"}],"curies":[{"name":"wp","href":"https:\/\/api.w.org\/{rel}","templated":true}]}}