{"id":2929,"date":"2014-03-04T07:09:30","date_gmt":"2014-03-04T12:09:30","guid":{"rendered":"http:\/\/haiti-observateur.ca\/?p=2929"},"modified":"2014-03-04T07:09:30","modified_gmt":"2014-03-04T12:09:30","slug":"laxe-cap-jeremie","status":"publish","type":"post","link":"https:\/\/haiti-observateur.news\/?p=2929","title":{"rendered":"l&rsquo;Axe Cap-J\u00e9r\u00e9mie"},"content":{"rendered":"<p style=\"text-align: left;\"><span style=\"color: #000000;\"><strong>DIPLOMATIE INTERNATIONALE ET SOCI\u00c9T\u00c9<\/strong> <a style=\"color: #000000;\" href=\"dan@danalbertini.com\"><em>Par Dan Albertini<\/em><\/a><\/span><\/p>\n<ul style=\"text-align: left;\">\n<li><span style=\"color: #000000;\"><strong>L\u2019AXE CAP-J\u00c9R\u00c9MIE<\/strong><\/span><\/li>\n<\/ul>\n<p style=\"text-align: left;\"><span style=\"color: #000000;\"> Entre ().<em> L\u2019Am\u00e9rique renouvelle sa foi dans la coop\u00e9ration humanitaire en renouvelant le Temporary Status Protected en faveur des Ha\u00eftiens h\u00e9berg\u00e9s aux US. Si l\u2019affaire est r\u00e9elle en mati\u00e8re de d\u00e9claration \u00e9crite, la bont\u00e9 m\u00eame aurait sa faiblesse. C\u2019est de guerre lasse que plus d\u2019un Ha\u00eftien r\u00e9pondant \u00e0 ce titre ont essay\u00e9 de se faire &lt;&lt; Granted &gt;&gt;, pour faire dans la formule. Mark Azuda, un nom qui serait retenu par des Ha\u00eftiens, comme obstacle majeur \u00e0 la reconnaissance d\u2019un citoyen malgr\u00e9 son acte de naissance<\/em>. Fermons les ().<\/span><\/p>\n<p style=\"text-align: left;\"><span style=\"color: #000000;\">Constitution : Art. 66, la Commune a l\u2019autonomie administrative et financi\u00e8re. Art. 73, 74 &lt;&lt; Je propose formellement Carrefour &gt;&gt;. Je proposais autre chose que la cr\u00e9ation d\u2019un Bicotin ha\u00eftien, la semaine derni\u00e8re dans Carrefour Autonome une Vision de M\u00e9gapole. (Bicotin : monnaie virtuelle cr\u00e9e dans la foul\u00e9e de l\u2019avarice des banques devenues un empire de vampires). Cette monnaie a pourtant \u00e9t\u00e9 cr\u00e9e et nombre d\u2019entre nous\u2026, passons c\u2019est un autre d\u00e9bat. Gardons le cap, partons vers un autre carrefour commercial potentiel qui \u00e9pargnerait Port-au-Prince la pollueuse. Bien que je sois n\u00e9 \u00e0 P-a-P, il faut remarquer et je me r\u00e9p\u00e8te pour faire un peu dans l\u2019actualit\u00e9 : &lt;&lt; \u2026quand bien m\u00eame que Port-au-Prince et Duvalier ramassaient le gros des retomb\u00e9es &gt;&gt;, que la pollution mentale de ce que l\u2019\u00e9crivain Jean-Euph\u00e8le Milc\u00e9 d\u00e9crivait dans l\u2019Alphabet des Nuits, est une tare \u00e0 \u00e9viter sur son parcours. Pourquoi ne pas r\u00e9guler le trafic des c\u00f4tes du littoral en y instituant formellement Carrefour Cap-J\u00e9r\u00e9mie par traversier ? La matrice d\u2019un autre type de jumelage transr\u00e9gional important. Si Lamothe corrompt l\u2019axe d\u2019expertise des comp\u00e9tences \u00e0 son seul profit politique, l\u2019alternative passerait par la maitrise des grandes villes par l\u2019opposition, au prochain scrutin. Il y a fort \u00e0 parier que ce serait l\u00e0 un d\u00e9but de signal politique muscl\u00e9 de citoyens voulant s\u2019exercer l\u00e9gitimement, constitutionnellement. Mais aussi, de red\u00e9finition \u00e9conomique.<\/span><\/p>\n<p style=\"text-align: left;\"><span style=\"color: #000000;\">Je reste dans l\u2019interrogation &lt;&lt; Quel avenir pour les grandes villes &gt;&gt;. Ce carrefour a besoin d\u2019un partenariat entre les associations r\u00e9gionales \u00e0 l\u2019\u00e9tranger qui soutiennent leur localit\u00e9, mais dans un sens int\u00e9grateur. J\u00e9r\u00e9mie a sa particularit\u00e9 dans la Grande Anse et le Cap-Ha\u00eftien, dans le Nord. Je reviens \u00e0 l\u2019agenda de Castel. Actualisons. Castel n\u2019a encore offert de blueprint pour tracer de map banco-commerciale sur l\u2019\u00eele, avec la RD, tandis qu\u2019il existe une autre forme de concurrence \u00e0 Aruba, \u00e0 Turck &amp; Caicos et \u00e0 Tobago. Si j\u2019ai parl\u00e9 d\u2019Ha\u00efti en mati\u00e8re d\u2019ouragan politique mais garantie par des villes autonomes pour pr\u00e9server le pays de la frivolit\u00e9 politique, l\u2019\u00e9quation insulaire garantirait tout d\u00e9rapage entre les deux r\u00e9publiques aussi, par exemple, celui de l\u2019article litigieux de la Cour Constitutionnelle de la RD. Car, il faut le dire, et le r\u00e9p\u00e9ter, c\u2019est un acte de nazis. Cependant, l\u2019exp\u00e9rience a prouv\u00e9 en Suisse, au Canada, et m\u00eame chez les conf\u00e9d\u00e9r\u00e9s am\u00e9ricains, que le pacte \u00e9conomique est tr\u00e8s pacificateur. L\u2019Europe est en train de l\u2019exp\u00e9rimenter. Pourquoi pas Cap-J\u00e9r\u00e9mie ! Cap-J\u00e9r\u00e9mie poss\u00e9derait d\u00e9j\u00e0 sa premi\u00e8re vocation. Les infrastructures d\u2019\u00e9changes directs n\u2019existent pas officiellement, ce au profit de qui ? D\u2019abord l\u2019\u00e9tranger qui nous bombarde de ses minibus sans avenir, ensuite Port-au-Prince le transitaire \u00e0 risque.<\/span><\/p>\n<p style=\"text-align: left;\"><span style=\"color: #000000;\">Le couloir maritime Cap-J\u00e9r\u00e9mie renforcerait le besoin de d\u00e9veloppement acc\u00e9l\u00e9r\u00e9 par le transport et la consommation, mais dans le sens de l\u2019\u00e9conomie et de l\u2019\u00e9pargne. L\u2019\u00e9conomie d\u2019abord par l\u2019intensit\u00e9 des \u00e9changes d\u2019un syst\u00e8me bancaire r\u00e9gional-international r\u00e9pondant <\/span><span style=\"color: #000000;\">directement aux besoins adapt\u00e9s des Ha\u00eftiens vivant \u00e0 l\u2019\u00e9tranger, dans le but de mieux forger le triangle international : Carrefour-Kingston-Havana. Mais d\u2019\u00e9pargne aussi, ce qui permettrait des investissements cons\u00e9quents au niveau de la formation de techniciens, d\u2019ing\u00e9nieurs r\u00e9pondant aux besoins de conservation du patrimoine issu de l\u2019importation. Car, le trajet terrestre est non seulement plus long, expos\u00e9 aux sinistres de la route, augmentant syst\u00e9matiquement le co\u00fbt des assurances, des voitures import\u00e9es avec l\u2019usure des pi\u00e8ces de rechanges, donc on\u00e9reux et de manipulation risqu\u00e9e pour les produits p\u00e9rissables. S\u00e9oul et Tokyo coop\u00e9ratifs chez nous, c\u2019est \u00e7a d\u2019ailleurs. L\u2019\u00e9pargne profiterait en mati\u00e8re de temps et d\u2019argent, aux parents qui assureraient mieux l\u2019avenir de leurs enfants. Je parlais de la r\u00e9cup\u00e9ration de Coutard Motors par Carrefour Autonome, la semaine derni\u00e8re. Ce nouveau d\u00e9veloppement pourrait commencer par l\u2019\u00e9rection d&rsquo;un parc de fabrication nationale de carrosserie r\u00e9gularis\u00e9e. Une ouverture intelligente sur la n\u00e9cessit\u00e9 de nos premiers 25 km de rails de train de surface.<\/span><\/p>\n<p style=\"text-align: left;\"><span style=\"color: #000000;\">Ce serait le nouvel \u00e9lixir r\u00e9gional, en m\u00eame temps int\u00e9grateur pour la paix, car le co\u00fbt de la MINUSTAH en Ha\u00efti est mal g\u00e9r\u00e9. Ou, g\u00e9r\u00e9 sur l\u2019ins\u00e9curit\u00e9 comme facteur, tandis que nous devrions le g\u00e9rer sur la s\u00e9curisation, m\u00eame civile, ce qui passe par des emplois, mais aussi par la protection du citoyen contre les accidents pr\u00e9visibles et inutiles.<\/span><\/p>\n<p style=\"text-align: left;\"><span style=\"color: #000000;\">Les architectes de l&rsquo;histoire doivent se pr\u00e9ciser au rendez-vous de ces deux grandes villes pour mieux instruire sur la vocation r\u00e9elle de la R\u00e9publique, au lieu de subir des assauts comme ceux de Duvalier contre J\u00e9r\u00e9mie, s\u00e9parant deux villes par une histoire sordide. L\u2019histoire appartient \u00e9videmment \u00e0 l\u2019avenir, mais l\u2019histoire c\u2019est aussi le pass\u00e9 qu\u2019il faut exorciser. Cela fait partie des grands chantiers de la modernisation, de la cr\u00e9ation d\u2019emploi bas\u00e9e sur du concret, sur un potentiel existant \u00e0 am\u00e9liorer, sur une machine administrative de services. Carrefour Autonome n\u2019est pas seulement une municipalit\u00e9 renferm\u00e9e, c\u2019est la jonction des autres villes par le Pont de l\u2019Audace et, avec l\u2019international. Le lobby des gens du Nord est d\u00e9j\u00e0 tr\u00e8s fort \u00e0 l\u2019\u00e9tranger, pourquoi ne pas connecter deux poids d\u00e9mographiques en consid\u00e9rant ce facteur incontournable qui fait appel \u00e0 un r\u00e9alisme politique dans les d\u00e9cisions d\u2019engagement pour les prochaines \u00e9lections ?<\/span><\/p>\n<p style=\"text-align: left;\"><span style=\"color: #000000;\">La pr\u00e9sidence aura beau mentir sur ses intentions ou, faire mentir les faits, que son plan directoire apr\u00e8s trois ans, je le r\u00e9p\u00e8te, de gal\u00e8res politiques, qu\u2019il n\u2019y aucun signal ni d\u2019indice en ce sens. La raison est fort simple, cela lui enl\u00e8verait toute maitrise ill\u00e9gitime sur le mandat des Maires, d\u2019autant plus qu\u2019il ne poss\u00e8de cette expertise de gouvernance pluraliste sinon le support hypocrite de certains investisseurs qui r\u00e9pondent aux besoins de la politique \u00e9trang\u00e8re de leur pays d\u00e9j\u00e0 sans solution de progr\u00e8s \u00e0 domicile. Par exemple, constatez les scandales de corruption \u00e0 Qu\u00e9bec, de frasques \u00e0 Toronto, de fausses facturations de s\u00e9nateurs \u00e0 Ottawa, de guerre d\u2019usure sur un pont entre politiciens au New Jersey, Paris n\u2019en parlons pas\u2026 etc. L\u2019opposition ferait mieux de se m\u00e9fier, et de surveiller un autre syst\u00e8me comme celui du \u2018\u2019cloud SMS 828\u2019\u2019. Car, la ville autonome c\u2019est une affaire de vision d\u2019avenir. dan@danalbertini.com<\/span><\/p>\n<hr \/>\n<p style=\"text-align: left;\">cet article est publi\u00e9 par l&rsquo;hebdomadaire Ha\u00efti-Observateur, \u00e9dition de 4 mars 2014 et se trouve <strong>en P.<\/strong><\/p>\n","protected":false},"excerpt":{"rendered":"<p>DIPLOMATIE INTERNATIONALE ET SOCI\u00c9T\u00c9 Par Dan Albertini L\u2019AXE CAP-J\u00c9R\u00c9MIE Entre (). L\u2019Am\u00e9rique renouvelle sa foi dans la coop\u00e9ration humanitaire en renouvelant le Temporary Status Protected en faveur des Ha\u00eftiens h\u00e9berg\u00e9s aux US. Si l\u2019affaire est r\u00e9elle en mati\u00e8re de d\u00e9claration&#8230; <\/p>\n","protected":false},"author":3,"featured_media":1224,"comment_status":"closed","ping_status":"closed","sticky":false,"template":"","format":"standard","meta":{"footnotes":""},"categories":[16,25,39],"tags":[219,292,375,425,512,583,615,1102,1326,2018,2245,2279,2327],"class_list":["post-2929","post","type-post","status-publish","format-standard","has-post-thumbnail","hentry","category-diplomatieinternationale","category-haiti","category-politique","tag-axe-cap-jeremie","tag-bicotin","tag-caicos","tag-carrefour","tag-cloud","tag-coutard-motord","tag-dan-albertini","tag-havana","tag-kingston","tag-rd","tag-tabago","tag-tokyo","tag-turck"],"_links":{"self":[{"href":"https:\/\/haiti-observateur.news\/index.php?rest_route=\/wp\/v2\/posts\/2929","targetHints":{"allow":["GET"]}}],"collection":[{"href":"https:\/\/haiti-observateur.news\/index.php?rest_route=\/wp\/v2\/posts"}],"about":[{"href":"https:\/\/haiti-observateur.news\/index.php?rest_route=\/wp\/v2\/types\/post"}],"author":[{"embeddable":true,"href":"https:\/\/haiti-observateur.news\/index.php?rest_route=\/wp\/v2\/users\/3"}],"replies":[{"embeddable":true,"href":"https:\/\/haiti-observateur.news\/index.php?rest_route=%2Fwp%2Fv2%2Fcomments&post=2929"}],"version-history":[{"count":0,"href":"https:\/\/haiti-observateur.news\/index.php?rest_route=\/wp\/v2\/posts\/2929\/revisions"}],"wp:featuredmedia":[{"embeddable":true,"href":"https:\/\/haiti-observateur.news\/index.php?rest_route=\/"}],"wp:attachment":[{"href":"https:\/\/haiti-observateur.news\/index.php?rest_route=%2Fwp%2Fv2%2Fmedia&parent=2929"}],"wp:term":[{"taxonomy":"category","embeddable":true,"href":"https:\/\/haiti-observateur.news\/index.php?rest_route=%2Fwp%2Fv2%2Fcategories&post=2929"},{"taxonomy":"post_tag","embeddable":true,"href":"https:\/\/haiti-observateur.news\/index.php?rest_route=%2Fwp%2Fv2%2Ftags&post=2929"}],"curies":[{"name":"wp","href":"https:\/\/api.w.org\/{rel}","templated":true}]}}