{"id":2909,"date":"2013-11-06T15:32:29","date_gmt":"2013-11-06T20:32:29","guid":{"rendered":"http:\/\/haiti-observateur.ca\/?p=2909"},"modified":"2013-11-06T15:32:29","modified_gmt":"2013-11-06T20:32:29","slug":"la-rerie-des-grands-proces-de-lhistoire-ou-le-mal-etre-dun-retard-annonce","status":"publish","type":"post","link":"https:\/\/haiti-observateur.news\/?p=2909","title":{"rendered":"La S\u00e9rie des Grands Proc\u00e8s de l\u2019Histoire ou le Mal \u00catre d\u2019un Retard Annonc\u00e9"},"content":{"rendered":"<p><span style=\"color: #000000;\"><strong>DIPLOMATIE INTERNATIONALE ET SOCI\u00c9T\u00c9<\/strong> <a href=\"dan@danalbertini.com\"><em>Par Dan Albertini<\/em><\/a><\/span><\/p>\n<ul>\n<li><strong><span style=\"color: #000000;\">La s\u00e9rie des Grands Proc\u00e8s de l\u2019histoire ou le mal \u00eatre d\u2019un retard annonc\u00e9<\/span><\/strong><\/li>\n<\/ul>\n<p style=\"text-align: left;\"><span style=\"color: #000000;\">Entre (). <em>Les Dominicains d\u2019origine ha\u00eftienne en RD, les nazis ont frapp\u00e9 par la Cour Constitutionnelle. Aucune organisation internationale n\u2019aurait tol\u00e9r\u00e9 un seul de ces jours nazis, contre les Juifs, m\u00eame en Iran ou \u00e0 Cuba. La RD doit \u00eatre s\u00e9v\u00e8rement sanctionn\u00e9 pour son acte. Purement et simplement. Ne pas agir imp\u00e9rativement est une faute grave. Fin de<\/em> (). <\/span><\/p>\n<p><span style=\"color: #000000;\">Un retard annonc\u00e9. Ce n\u2019est pas une gamme, c\u2019est que j\u2019ai \u00e9crit \u00e0 l\u2019intention d\u2019un ancien homme politique ha\u00eftien, la semaine \u00e9coul\u00e9e. Sachant pertinemment qu\u2019il observerait un profond mutisme. Choqu\u00e9 par la r\u00e9alit\u00e9 ou embarrass\u00e9 ? Question : quelqu&rsquo;un avait-il dit que si nous n&rsquo;allons pas, politiquement, par &lt;&lt; la s\u00e9rie des grands proc\u00e8s de l&rsquo;histoire &gt;&gt;, de fa\u00e7on officielle et collective, pour les besoins r\u00e9publicains, que nous ne pourrons faire face \u00e0 la notion de &lt;&lt; l&rsquo;\u00e9conomie du droit &gt;&gt;&#8230; ? Commentaires \u2013 Je suis arriv\u00e9 \u00e0 une conclusion en 2007. Deux notions particuli\u00e8res et distinctes allaient nous interpeller : l\u2019Histoire serait dissym\u00e9trique avec l\u2019\u00e9conomie du Droit. Je me suis personnellement d\u00e9finitivement r\u00e9solu \u00e0 agir autrement et en processus acc\u00e9l\u00e9r\u00e9, apr\u00e8s janvier 2010. Notre Histoire nous proposait des ajustements et des r\u00e9parations strat\u00e9giques, tandis que notre Droit nous d\u00e9voilait une \u00e9conomie relative d\u00e9faillante, assise sur une coulisse sans frein. Je me r\u00e9sume, la faiblesse de l\u2019un devrait s\u2019instrumenter par la force de l\u2019autre, de l\u2019Histoire. Ce pourquoi je dis retard aujourd\u2019hui.<\/span><\/p>\n<p><span style=\"color: #000000;\">Histoire et ajustements. Ha\u00efti avait p\u00e9nalis\u00e9 la femme depuis la cr\u00e9ation de l\u2019Etat en 1804, elle l\u2019avait exclue de la r\u00e9gence. Peu importe la ou les raisons \u00e9voqu\u00e9es, l\u2019intelligence de la lib\u00e9ration du Noir interdisait imp\u00e9rativement la violation de ce droit. Une r\u00e9volution ne s\u2019impose des limites qui p\u00e9nalisent par exclusion. La p\u00e9nalit\u00e9 d\u00e9coulait d\u2019un principe, la discrimination. Survolons. 1987, la Constitution a r\u00e9par\u00e9 hors de tout doute, la magistrature supr\u00eame devenait accessible par suffrage universel direct \u00e0 la femme. 2010 nous appelait donc \u00e0 corroborer par le pacte \u00e9lectoral. Inscrire d\u00e9finitivement cette r\u00e9paration par un ajustement. J\u2019ai alors propos\u00e9 \u00e0 travers les colonnes de Journal PAMH, de R\u00e9seau HEM International et ailleurs, un deal. Mirlande Manigat. Non pas pour son intelligence, ni pour un programme plus \u00e9labor\u00e9. Deux raisons essentielles. D\u2019une part, nous aurions franchi ce pas historique de la r\u00e9paration r\u00e9publicaine. D\u2019autre part, l\u00e0 j\u2019emprunte le terme \u2018\u2019\u00e9conomie\u2019\u2019 pour l\u2019aspect du Droit, nous aurions fait de l\u2019\u00e9pargne dans l\u2019Histoire avec tous ces d\u00e9tours \u00e9tourdis. Nonobstant que le retour vers le point \u2018\u2019z\u00e9ro\u2019\u2019 est malgr\u00e9 tout engag\u00e9, mais nous aurions \u00e9t\u00e9 en acc\u00e9l\u00e9r\u00e9, avec un fardeau de moins, la conviction engag\u00e9e. Le fait n\u2019est \u00e0 ce stade-ci de regretter ce passage retard\u00e9, mais de constater que les doutes \u00e9mis parall\u00e8lement sur les capacit\u00e9s de Martelly v\/s cette r\u00e9paration qui serait d\u00e9sormais un ajustement consum\u00e9, sont justifi\u00e9s. Martelly \u00e9tait un risque \u00e9vitable, une d\u00e9viation d\u00e9sol\u00e9e, je suis stricte \u00e0 ce sujet. Martelly ne couve aucun g\u00e9nie des investissements observ\u00e9s en Ha\u00efti, c\u2019est l\u2019\u0153uvre d\u2019une part, des efforts engag\u00e9s par la Communaut\u00e9 Ha\u00eftienne Internationale, et les effets du challenge Petrocaribe. Martelly n\u2019est pour moi cet illumin\u00e9 que l\u2019on fabrique, il est ce drogu\u00e9 que lui-m\u00eame a pr\u00e9sent\u00e9 \u00e0 travers cette interview avec Roselin Jean. Comparez les esclandres du maire de Toronto au Canada, pour une affaire de consommation ill\u00e9gale de drogue dure, ou, celle de l\u2019ancien ministre qu\u00e9b\u00e9cois \u00e9clabouss\u00e9 par son propre aveu. M\u00eame affaire, il y a forc\u00e9ment un milieu criminel impliqu\u00e9. Si la faute de la gestion politique revient au Pr\u00e9sident Pr\u00e9val, celle \u00e9lectorale revient au peuple qui l\u2019a vot\u00e9 et \u00e0 ceux qui, dans la politique n\u2019ont pas, en terme de r\u00e9sultats, fait leurs devoirs. Donc, retard annonc\u00e9.<\/span><\/p>\n<p><span style=\"color: #000000;\">Histoire et r\u00e9parations strat\u00e9giques. De ce fait, je savais pertinemment que si ce retard nous rattrapait, nous devrions nous saisir rapidement de l\u2019occasion de l\u2019Euphorie post \u00e9lectorale pour lancer le processus des r\u00e9parations strat\u00e9giques. La s\u00e9rie des grands proc\u00e8s de l\u2019histoire. Le Parlement le savait-il par la voie de Rony Gilot, secr\u00e9taire parlementaire \u00e0 l\u2019\u00e9poque ? Je l\u2019avais entretenu depuis sa visite de fonction, \u00e0 Gen\u00e8ve en 2010. Et, rappel\u00e9 \u00e0 mon arriv\u00e9e \u00e0 New York en 2011. Ce n\u2019est pas un reproche mais un rappel n\u00e9cessaire. L\u2019histoire a toujours ses t\u00e9moins. C\u2019\u00e9tait en effet un rattrapage pr\u00e9ventif pour ce qui risquait de surgir par la suite, nous prendre par d\u00e9faut. J\u2019avais \u00e0 l\u2019esprit, mes \u00e9nonc\u00e9s sur le besoin de rapatrier tous les exil\u00e9s, de mani\u00e8re \u00e0 \u00e9prouver l\u2019Etat ha\u00eftien, la diplomatie onusienne, la soci\u00e9t\u00e9 ha\u00eftienne. Je me l\u2019accorde sans pr\u00e9tention, car, contrairement \u00e0 ce que craignait la tension politique et diplomatique non avis\u00e9e, Duvalier et Aristide actent depuis lors. Basta ! L\u2019histoire d\u2019Ha\u00efti est dans les faits, l\u2019\u00e9vincement du g\u00e9nie du Code noir et cela veut dire une chose importante. La rage du perdant qui allait, s\u2019il n\u2019\u00e9tait condamn\u00e9, comme les Juifs l\u2019ont rigoureusement fait avec les Nazis, ressurgir, torpiller la v\u00e9rit\u00e9. Le Parlement ha\u00eftien aurait d\u00fb prendre acte \u00e0 cet effet. Mes informations me permettent de croire que le pr\u00e9sident de la Chambre basse de l\u2019\u00e9poque, Saurel Jacinthe aurait \u00e9t\u00e9 brief\u00e9, mais se serait av\u00e9r\u00e9 sourd, incons\u00e9quent. Celui-ci avait-il des rapports particuliers apr\u00e8s sa vie washingtonienne, ou, trop occup\u00e9 \u00e0 g\u00e9rer ses nouveaux rapports avec sa fille naturelle vivant au Canada ? D\u00e9sol\u00e9, il avait oubli\u00e9 qu\u2019il \u00e9tait un \u00e9lu \u00e0 double chapeau r\u00e9publicain. Quelle importance ? Lisez donc la r\u00e9plique du pr\u00e9sident en fonction de cette m\u00eame Assembl\u00e9e, Jean Tholbert Alexis, au repr\u00e9sentant am\u00e9ricain qui accuse le Parlement d\u2019improductivit\u00e9, par une Diplomatie Megalo-Missourian coiff\u00e9e d\u2019espions. Tolbert Alexis avait compris l\u2019objet de notre observatoire d\u2019analyse sur l\u2019homme \u00e0 la droite de Simon Dieuseul Desras. C&rsquo;est-\u00e0-dire lui-m\u00eame pr\u00e9sident de la Chambre basse. Ha\u00efti aurait pu s\u2019\u00e9pargner aujourd\u2019hui avec une telle d\u00e9marche, la honte de la faillite du Droit, faire mieux, un processus d\u2019apprentissage, de r\u00e9habilitation honorable. C\u2019est l\u00e0 le mal \u00eatre de la s\u00e9rie des grands proc\u00e8s de l\u2019Histoire en retard, car l\u2019\u00e9conomie du droit r\u00e9clame. <\/span><\/p>\n<p><span style=\"color: #000000;\">Droit et \u00e9conomie d\u00e9faillante. L\u2019exercice du droit \u00e9tait de ce fait, un risque de d\u00e9rapage majeur pour la politique ha\u00eftienne. L\u2019Etat n\u2019\u00e9tait pas mal outill\u00e9, mais pas du tout outill\u00e9 pour une telle gestion institutionnelle dite d\u00e9mocratique, mais je crois de pr\u00e9f\u00e9rence historique. Le fondement du Droit dans un \u00e9tat souverain, ne peut laisser vacant l\u2019origine de sa naissance, de son essence. Le Droit ha\u00eftien ne saurait \u00eatre en ce sens, seulement institutionnelle si cette institution ne s\u2019inspire de notre grande Histoire. Question de droit fondamental : comment s\u2019asseoir avec l\u2019ambassadeur fran\u00e7ais, sans complexe ni contentieux, en terme de priorit\u00e9, de philosophie, et ne pouvoir s\u2019asseoir, discuter avec un ancien pr\u00e9sident ha\u00eftien d\u00e9nonc\u00e9 par la clameur publique ? Il y a l\u00e0 un profond paradoxe qui ne nous fait honneur. Dispensons des d\u00e9tails sur Kissinger dans la consid\u00e9ration du Communisme en Ha\u00efti. N\u2019importe quel criminel ha\u00eftien se trouvera malheureusement une excuse dans sa conscience mais, aussi macabre soit-elle, elle ne d\u00e9passera ni le Code noir, ni la pens\u00e9e Kissinger. Je savais aussi que l\u2019\u00e9conomie du Droit ne nous permettrait d\u2019argumenter nos d\u00e9bats judiciaires fragiles, du fait des cons\u00e9quences de nos incons\u00e9quences. Si nous ne pouvions nous soustraire aux droits du justiciable, nous devrions par contre les lui assurer. Ha\u00efti s\u2019en est \u00e9vad\u00e9e. Je maintiens que le principe de l\u2019\u00e9conomie du Droit qui consisterait, non seulement \u00e0 pouvoir financer nationalement la justice ha\u00eftienne sans en c\u00e9der des parts de souverainet\u00e9, d\u2019autant plus que certains faits sont d\u00e9tenus par des \u00e9tats ou des institutions \u00e9trang\u00e8res, mais aussi par le fait que les proc\u00e8s n\u2019aboutiront jamais dans les sens d\u2019un enrichissement de la justice ha\u00eftienne en faveur des futurs r\u00e9pondants. Citons les faits av\u00e9r\u00e9s de violation de l\u2019instruction dans l\u2019affaire du juge Jean Serges Joseph, en plus de l\u2019amalgame provoqu\u00e9 par le Pr\u00e9sident de la R\u00e9publique lui-m\u00eame. Une fois de plus, retard et mal \u00eatre. <\/span><\/p>\n<p><span style=\"color: #000000;\">Droit et coulisse sans frein. C\u2019est ainsi que nous nous retrouvons conjointement assis sur un baluchon souill\u00e9 en terme de Droit. Des commissaires font la chose l\u00e0 o\u00f9 ils mangent. D\u2019autres institutions doivent s\u2019en m\u00ealer sur la base d\u2019un balai pr\u00e9ventif, loin de leur r\u00f4le id\u00e9al. Le Parlement s\u2019est expliqu\u00e9 en ce sens, mais la situation demeure confuse, donc insuffisant et sans solution finale imp\u00e9rative. Le mal \u00eatre devient encore plus profond. Retard. <\/span><\/p>\n<p><span style=\"color: #000000;\">Revenons \u00e0 la question initiale pos\u00e9e \u00e0 cet ancien homme politique. L&rsquo;int\u00e9r\u00eat ne serait de savoir qui l&rsquo;avait dit, mais pourquoi le lui aurait-on dit. C\u2019est important. Car, la question a une extension. Quelqu&rsquo;un d&rsquo;autre ou, le m\u00eame personnage, n&rsquo;avait-il pas dit : &lt;&lt; nous verrons les choses de notre vivant &gt;&gt;, quant au &lt;&lt; besoin d&rsquo;association des faiseurs de libert\u00e9 &gt;&gt;, &lt;&lt; par le retour de tous les exil\u00e9s &gt;&gt;&#8230;? Cette pr\u00e9cision est importante. JBA et JCD sont effectivement revenus au pays et, quid de violence annonc\u00e9e ! L\u2019observatoire. <\/span><\/p>\n<p><span style=\"color: #000000;\">Poursuivons avec la communication. Etait-ce un r\u00eave ou une vision politique, de dire : &lt;&lt; l&rsquo;avenir \u00e9conomique d&rsquo;Ha\u00efti se b\u00e2tira d\u00e9sormais par le biais d&rsquo;un pilier de l&rsquo;industrie du loisir, soit par le carnaval et par ses d\u00e9riv\u00e9s, d\u00e9centralis\u00e9 et itin\u00e9rant \u00e0 travers le pays &gt;&gt;, &lt;&lt; par l&rsquo;inclusion r\u00e9gionale et internationale des pays amis et participants &gt;&gt;&#8230;? La vision n\u2019est enti\u00e8rement partag\u00e9e mais les faits sont l\u00e0. Plus loin encore : &lt;&lt; que l&rsquo;exercice \u00e9lectoral qui consiste en un vote = une voix, est purement arithm\u00e9tique et, qu&rsquo;il fallait n\u00e9gocier les candidatures comme le retrait de certaines candidatures &gt;&gt;&#8230;? Avant trop tard ? Admettons-le en retard car il est tard. &lt;&lt; Que certains planifient l&rsquo;occupation de la R\u00e9publique d&rsquo;Ha\u00efti, pour une question de revanche historique. Et, que si nous ne faisions pas attention&#8230; &gt;&gt;&#8230;? Non seulement la d\u00e9claration de Washington interpelle mais l\u2019ignominie de la Cour Constitutionnelle RD est un signe avant-coureur qu\u2019il faut stopper par des sanctions internationales s\u00e9v\u00e8res. Isra\u00ebl ne l\u2019aurait jamais tol\u00e9r\u00e9e de n\u2019importe quel autre \u00e9tat. Conventions \u00e0 l\u2019appui. <\/span><\/p>\n<p><span style=\"color: #000000;\">Je poursuivais. Si et seulement si, tout cela est vrai, o\u00f9 en sommes-nous aujourd&rsquo;hui ? Je persiste et signe, si nous ne faisons pas attention, alors que nous sommes sur le chemin du retour vers le point Z\u00e9ro, afin de progresser vers le point UN, tout risque de s&rsquo;effondrer, faute d&rsquo;une alliance strat\u00e9gique nationale. Ha\u00efti a besoin de tous ses enfants. Rassembl\u00e9s. Cependant, je ne crois pas \u00e0 la chance mais aux efforts conjugu\u00e9s. <\/span><\/p>\n<p><span style=\"color: #000000;\">Le mal \u00eatre. Martelly est peut-\u00eatre celui qui a compris la n\u00e9cessit\u00e9 de l\u2019axe de l\u2019\u00e9conomie du loisir comme industrie, via le fait carnaval comme organisation internationale disponible. Que faisons-nous alors ? Vite, il faut r\u00e9pondre, non sur le pass\u00e9, mais sur le futur pr\u00e9sent. Quand je parlais de la n\u00e9cessit\u00e9 de r\u00e9aliser une plateforme num\u00e9rique de communication connect\u00e9e en boucle intercontinentale sur la base de la G\u00e9ographie Cybern\u00e9tique que je d\u00e9veloppais, en effet Rony Gilot avait manifest\u00e9 un int\u00e9r\u00eat. Un autre article d\u00e9montrait que la notion de Safe Numeric Cloud utilis\u00e9e par Fombrun-Geoffrion-Vision MIS pour Martelly en \u00e9lection, d\u00e9passait peut-\u00eatre les Parlementaires mis sur \u00e9coute ou le CEP de l\u2019\u00e9poque en terme logistique, mais que nous \u00e9tions tous sur \u00e9coute par une strat\u00e9gie am\u00e9ricaine qui vous facture et vous contr\u00f4le. La Suisse elle-m\u00eame \u00e9quip\u00e9e et outill\u00e9e, n\u2019avait pas compris quand en 2006 nous r\u00e9alisions un reportage sur l\u2019\u00e9conomie mondiale en faillite en disant que le secret bancaire suisse \u00e9tait filtr\u00e9 par NY et Washington, mais que l\u2019\u00e9conomie Am\u00e9ricaine allait s\u2019effondrer aussi par la faute du cr\u00e9dit comme notion de faux monnayeur. Qu\u2019en est-il aujourd\u2019hui ? Autre projection. Isra\u00ebl a en effet attaqu\u00e9 la Syrie qui \u00e0 nos jours, n\u2019a pas su r\u00e9pondre malgr\u00e9 la Russie et la position Petrocaribe p\u00e9tion-Villoise, tel que pr\u00e9vu. Nous souffrons depuis, du mal \u00eatre d\u2019un retard annonc\u00e9 qui nous appelle tous au devoir. lovinsky2008@gmail.com<\/span><\/p>\n<hr \/>\n<p style=\"text-align: left;\"><span style=\"color: #000000;\">cet article est publi\u00e9 par l&rsquo;hebdomadaire Ha\u00efti-Observateur, \u00e9dition du 6 nov. 2013 et se trouve en <strong>P.4<\/strong><\/span><\/p>\n","protected":false},"excerpt":{"rendered":"<p>DIPLOMATIE INTERNATIONALE ET SOCI\u00c9T\u00c9 Par Dan Albertini La s\u00e9rie des Grands Proc\u00e8s de l\u2019histoire ou le mal \u00eatre d\u2019un retard annonc\u00e9 Entre (). Les Dominicains d\u2019origine ha\u00eftienne en RD, les nazis ont frapp\u00e9 par la Cour Constitutionnelle. Aucune organisation internationale&#8230; <\/p>\n","protected":false},"author":3,"featured_media":1224,"comment_status":"closed","ping_status":"closed","sticky":false,"template":"","format":"standard","meta":{"footnotes":""},"categories":[16,25,47],"tags":[615,675,914,1088,1327,1487,1516,1544,1857,2088,2090,2127,2280],"class_list":["post-2909","post","type-post","status-publish","format-standard","has-post-thumbnail","hentry","category-diplomatieinternationale","category-haiti","category-societe","tag-dan-albertini","tag-desras","tag-fombrun-geofrion","tag-haiti-observateur","tag-kissinger","tag-manigat","tag-martelly","tag-megalo-missourian","tag-petrocaribe","tag-rony-gilot","tag-roselin-jean","tag-saurel-jacinthe","tag-tolbert-alexis"],"_links":{"self":[{"href":"https:\/\/haiti-observateur.news\/index.php?rest_route=\/wp\/v2\/posts\/2909","targetHints":{"allow":["GET"]}}],"collection":[{"href":"https:\/\/haiti-observateur.news\/index.php?rest_route=\/wp\/v2\/posts"}],"about":[{"href":"https:\/\/haiti-observateur.news\/index.php?rest_route=\/wp\/v2\/types\/post"}],"author":[{"embeddable":true,"href":"https:\/\/haiti-observateur.news\/index.php?rest_route=\/wp\/v2\/users\/3"}],"replies":[{"embeddable":true,"href":"https:\/\/haiti-observateur.news\/index.php?rest_route=%2Fwp%2Fv2%2Fcomments&post=2909"}],"version-history":[{"count":0,"href":"https:\/\/haiti-observateur.news\/index.php?rest_route=\/wp\/v2\/posts\/2909\/revisions"}],"wp:featuredmedia":[{"embeddable":true,"href":"https:\/\/haiti-observateur.news\/index.php?rest_route=\/"}],"wp:attachment":[{"href":"https:\/\/haiti-observateur.news\/index.php?rest_route=%2Fwp%2Fv2%2Fmedia&parent=2909"}],"wp:term":[{"taxonomy":"category","embeddable":true,"href":"https:\/\/haiti-observateur.news\/index.php?rest_route=%2Fwp%2Fv2%2Fcategories&post=2909"},{"taxonomy":"post_tag","embeddable":true,"href":"https:\/\/haiti-observateur.news\/index.php?rest_route=%2Fwp%2Fv2%2Ftags&post=2909"}],"curies":[{"name":"wp","href":"https:\/\/api.w.org\/{rel}","templated":true}]}}