{"id":2895,"date":"2018-12-05T12:16:17","date_gmt":"2018-12-05T17:16:17","guid":{"rendered":"http:\/\/haiti-observateur.ca\/?p=2895"},"modified":"2018-12-05T12:16:17","modified_gmt":"2018-12-05T17:16:17","slug":"breve-visite-de-lambert-a-washington-mission-aupres-de-merten","status":"publish","type":"post","link":"https:\/\/haiti-observateur.news\/?p=2895","title":{"rendered":"Br\u00e8ve Visite de Lambert \u00e0 Washington : Mission Aupr\u00e8s de Merten"},"content":{"rendered":"<p style=\"text-align: left;\"><span style=\"color: #000000;\"><strong>Br\u00e8ve Visite de Lambert \u00e0 Washington : Mission Aupr\u00e8s de Merten<\/strong><\/span><\/p>\n<ul>\n<li style=\"text-align: left;\"><span style=\"color: #000000;\"><strong>BEAUCOUP DE BRUIT POUR RIEN<\/strong><a href=\"lojospo@yahoo.com\"><em> Par L\u00e9o Joseph<\/em><\/a><\/span><\/li>\n<\/ul>\n<p style=\"text-align: left;\"><span style=\"color: #000000;\">Une semaine apr\u00e8s l\u2019intervention de l\u2019ambassadeur Kenneth Merten \u00e0 l\u2019\u00e9mission cr\u00e9ole de la Voix de l\u2019Am\u00e9rique pour d\u00e9clarer que la d\u00e9marche des PetroCaribe Challengers pour obtenir le d\u00e9part de Jovenel Mo\u00efse n\u2019aboutira nulle part, le pr\u00e9sident du S\u00e9nat ha\u00eftien a effectu\u00e9 une visite \u00e0 la capitale am\u00e9ricaine. Puisque, selon le sous-secr\u00e9taire d\u2019\u00c9tat aux Affaires latino-am\u00e9ricaines et de la Cara\u00efbe, tout changement de pr\u00e9sident en Ha\u00efti doit obligatoirement passer par des \u00e9lections. Une d\u00e9claration que l\u2019\u00e9quipe au pouvoir juge douce \u00e0 leurs oreilles. Aussi une d\u00e9l\u00e9gation pr\u00e9sid\u00e9e par le pr\u00e9sident du S\u00e9nat a-t-elle \u00e9t\u00e9 vite constitu\u00e9e pour se rendre \u00e0 Washington, aupr\u00e8s du proconsul Merten, en vue d\u2019obtenir de nouveaux mots d\u2019ordre qui permettront de r\u00e9soudre la crise.<\/span><\/p>\n<p style=\"text-align: left;\"><span style=\"color: #000000;\">Tout cela n\u2019est que simulacre diplomatico-politique destin\u00e9 \u00e0 \u00e9pater certains et \u00e0 bluffer d\u2019autres. Ce voyage s\u2019inscrit de pr\u00e9f\u00e9rence dans la logique de d\u00e9penser les derniers d\u00e9caissements effectu\u00e9s par l\u2019ex\u00e9cutif pour avoir raison de la mobilisation qui charrie les revendications des demandeurs de reddition de compte PetroCaribe. \u00c0 cette fin, le Premier ministre Jean Henry C\u00e9ant avait mis le cap sur New York; et Lambert en direction de la capitale am\u00e9ricaine.<\/span><\/p>\n<p style=\"text-align: left;\"><span style=\"color: #000000;\">Combien de millions de gourdes ont \u00e9t\u00e9 d\u00e9caiss\u00e9s pour mener cette campagne, la \u00e9ni\u00e8me depuis le lancement de PetroCaribe Challenge ? On ne le saura jamais, car toujours, dans la mani\u00e8re de fonctionner des r\u00e9gimes t\u00e8te kale, dans l\u2019opacit\u00e9 totale, de telles occasions constituent des opportunit\u00e9s d\u2019augmenter les comptes en banque \u00e0 l\u2019\u00e9tranger de la famille pr\u00e9sidentielle et de leurs alli\u00e9s.<\/span><\/p>\n<p style=\"text-align: left;\"><span style=\"color: #000000;\">En tout cas, pour d\u00e9montrer que les d\u00e9penses consenties pour financer ces d\u00e9placements valaient la peine, les deux \u00ab \u00e9missaires sp\u00e9ciaux \u00bb ont estim\u00e9 qu\u2019il \u00e9tait de bonne guerre, chacun de son c\u00f4t\u00e9, d\u2019expliquer ce qu\u2019ils ont r\u00e9alis\u00e9.<\/span><\/p>\n<p style=\"text-align: left;\"><span style=\"color: #000000;\">En effet, de retour au pays, Lambert a d\u00e9clar\u00e9 \u00e0 la presse que l\u2019ambassadeur Merten Merten a fait savoir que les autorit\u00e9s am\u00e9ricaines ne pr\u00e9voient aucun changement au niveau de l\u2019ex\u00e9cutif en dehors des \u00ab \u00e9lections \u00bb, exhortant l\u2019opposition \u00e0 respecter les r\u00e8gles du jeu d\u00e9mocratiques. Selon lui, M. Merten incite tout le monde \u00e0 avoir les regards fix\u00e9s sur les \u00e9lections l\u00e9gislatives qui doivent avoir lieu prochainement.<\/span><\/p>\n<p style=\"text-align: left;\"><span style=\"color: #000000;\">Le s\u00e9nateur Lambert a, par ailleurs, indiqu\u00e9 que lui et la d\u00e9l\u00e9gation qu\u2019il dirigeait se sont entretenus avec des autorit\u00e9s am\u00e9ricaines concernant la crise qui s\u00e9vit pr\u00e9sentement au pays.<\/span><\/p>\n<p style=\"text-align: left;\"><span style=\"color: #000000;\">Pour sa part, Jean Henry C\u00e9ant a affirm\u00e9 avoir rencontr\u00e9 des membres de l\u2019opposition \u00e0 New York. Dans la foul\u00e9e de son passage dans cette ville, les m\u00e9dias sociaux ont rapport\u00e9 l\u2019entrevue qu\u2019il a eue avec Edens D\u00e9bas, de l\u2019\u00e9mission en ligne Tout Ha\u00efti dans laquelle il a expos\u00e9 sa mission consistant \u00e0 multiplier les rencontres avec l\u2019opposition, tant \u00e0 l\u2019int\u00e9rieur qu\u2019\u00e0 l\u2019\u00e9tranger, en vue de d\u00e9gager un consensus qui permettra d\u2019en finir avec la crise.<\/span><\/p>\n<p><span style=\"color: #000000;\">C\u00e9ant, qui proclame sa volont\u00e9 de d\u00e9velopper une politique visant \u00e0 faire jouer la justice contre les voleurs du fonds PetroCaribe, pr\u00e9tend prendre incessamment des d\u00e9cisions favorables \u00e0 une telle politique. On se demande si son annonce du limogeage prochain du commissaire du gouvernement de Port-au-Prince, Clam\u00e9 Ocnam Dam\u00e9us, s\u2019inscrit dans la logique de l\u2019action judiciaire contre les ex-premiers ministres, ministres et autres anciens hauts fonctionnaires de l\u2019\u00c9tat index\u00e9s dans le rapport des deux enqu\u00eates men\u00e9es par la `Commission \u00e9thique et anticorruption du S\u00e9nat, enqu\u00eates pilot\u00e9es tour \u00e0 tour par les s\u00e9nateurs Youri Latortue et \u00c9vali\u00e8re Beauplan.<\/span><\/p>\n<p style=\"text-align: left;\"><span style=\"color: #000000;\">Quelles promesses a faites Merten \u00e0 Lambert et son \u00e9quipe ?<\/span><\/p>\n<p style=\"text-align: left;\"><span style=\"color: #000000;\">La rencontre Merten-Lambert et consorts, qui s\u2019est d\u00e9roul\u00e9 \u00e0 la capitale am\u00e9ricaine, est, pour le moins, bizarre. Alors que le pr\u00e9sident du S\u00e9nat pr\u00e9tend avoir rencontr\u00e9 des officiels Am\u00e9ricains, aucune s\u00e9ance de photo n\u2019a \u00e9t\u00e9 offerte. Except\u00e9 celle prise avec le sous-secr\u00e9taire d\u2019\u00c9tat et les visiteurs ha\u00eftiens. Le langage corporel pouvant servir de moyen d\u2019interpr\u00e9ter la nature et la teneur de la r\u00e9union n\u2019autorise gu\u00e8re \u00e0 voir l\u2019harmonie qui devait caract\u00e9riser les discussions. D\u2019ailleurs, Kenneth Merten affichait l\u2019attitude d\u2019un homme g\u00ean\u00e9 de la pr\u00e9sence des \u00e9missaires ha\u00eftiens dont il semblait vouloir se d\u00e9barrasser sans trop tarder.<\/span><\/p>\n<p style=\"text-align: left;\"><span style=\"color: #000000;\">Ce qui est encore plus sur- prenant, \u00e0 propos de cette rencontre : aucune allusion n\u2019a \u00e9t\u00e9 faite de la pr\u00e9sence de la d\u00e9l\u00e9gation ha\u00eftienne au si\u00e8ge du D\u00e9partement d\u2019\u00c9tat. G\u00e9n\u00e9ralement, quand il y a des visiteurs, l\u2019h\u00f4te ne re\u00e7oit jamais ces derniers tout seul. Aussi faut-il conclure que la visite de Lambert et co \u00e9tait-elle une entrevue priv\u00e9e entre l\u2019ancien ambassadeur am\u00e9ricain en Ha\u00efti et des officiels d\u2019Ha\u00efti avec qui il partage de beaux souvenirs.<\/span><\/p>\n<p style=\"text-align: left;\"><span style=\"color: #000000;\">On peut dire que, au moins, une des personnes qui accompagnaient Lambert n\u2019est pas en odeur de saintet\u00e9, aupr\u00e8s du personnel du D\u00e9partement d\u2019Ha\u00efti. Mais il y a un fait certain, Joseph Lambert jouit d\u2019une mauvaise r\u00e9putation, en ces lieux. Il y est tenu \u00e0 distance parce qu\u2019il a la r\u00e9putation de \u00ab trafiquant de drogue \u00bb et de \u00ab criminel \u00bb. Au fait, un diplomate a fait la r\u00e9flexion suivante \u00e0 son sujet : il peut se f\u00e9liciter d\u2019avoir pu retourner \u00e0 son pays sans \u00eatre retenu \u00ab pour affaire le concernant \u00bb.<\/span><\/p>\n<p style=\"text-align: left;\"><span style=\"color: #000000;\">Par ailleurs, on se demande pourquoi aucun communiqu\u00e9 n\u2019a \u00e9t\u00e9 \u00e9mis par le D\u00e9partement d\u2019\u00c9tat concernant cette visite. Ou encore pourquoi le sous-secr\u00e9taire d\u2019\u00c9tat n\u2019avait pas sollicit\u00e9 la couverture de l\u2019\u00e9v\u00e9nement par les organes de presse de la capitale am\u00e9ricaine ?<\/span><\/p>\n<p style=\"text-align: left;\"><span style=\"color: #000000;\">Quelle anguille g\u00eet sous la roche ?<\/span><\/p>\n<p style=\"text-align: left;\"><span style=\"color: #000000;\">\u00c0 la capitale am\u00e9ricaine, la pr\u00e9sence de la d\u00e9l\u00e9gation ha\u00eftienne, dirig\u00e9e par Joseph Lambert, a \u00e9t\u00e9 \u00e0 peine remarqu\u00e9e. Car personne ne pouvait expliquer ce que ces officiels Ha\u00eftiens \u00e9taient venus chercher. C\u2019est pourquoi certains diplomates s\u2019imaginent qu\u2019il y a, comme ils l\u2019ont dit, \u00ab anguille sous roche \u00bb.<\/span><\/p>\n<p style=\"text-align: left;\"><span style=\"color: #000000;\">Parlant d\u2019 \u00ab anguille \u00bb, \u00e0 Washington, d\u2019aucuns disent que, durant son tour de service en Ha\u00efti, l\u2019ambassadeur a eu l\u2019opportunit\u00e9 de c\u00f4toyer, ou m\u00eame de \u00ab traiter \u00bb, avec des membres de la bourgeoisie, profitant de la pr\u00e9sence, dans le monde des affaires, des parents de sa femme, qui est d\u2019origine ha\u00eftienne, auraient cherch\u00e9 \u00e0 instrumentaliser ses interventions.<\/span><\/p>\n<p style=\"text-align: left;\"><span style=\"color: #000000;\">Dans certains milieux proches du D\u00e9partement d\u2019\u00c9tat, on affirme que, ambassadeur des \u00c9tats-Unis en Ha\u00efti, Kenneth Merten a largement contribu\u00e9 \u00e0 l\u2019octroi de pr\u00eats l\u00e9onins \u00e0 des hommes d\u2019affaires et industriels du pays. Selon ces sources encore, certains d\u00e9cideurs am\u00e9ricains veulent savoir s\u2019il a jou\u00e9 un quelconque r\u00f4le aupr\u00e8s des entit\u00e9s ayant b\u00e9n\u00e9fici\u00e9 de ses comp\u00e9tences de diplomate am\u00e9ricaine, apr\u00e8s avoir quitt\u00e9 Ha\u00efti.<\/span><\/p>\n<p style=\"text-align: left;\"><span style=\"color: #000000;\">Par ailleurs, on n\u2019exclut pas les possibilit\u00e9s, dans ces m\u00eames milieux, que les dirigeants ha\u00eftiens partagent certaines \u00ab informations \u00bb avec l\u2019ambassadeur que ce dernier aimerait garder \u00ab enterr\u00e9es \u00bb en permanence. C\u2019est pourquoi, argue-t-on, encore dans ces milieux, M. Merten se montre docile, voire m\u00eame \u00ab accommodant \u00bb par rapport aux requ\u00eates formul\u00e9es par des dirigeants ha\u00eftiens.<\/span><\/p>\n<p style=\"text-align: left;\"><span style=\"color: #000000;\">Tout cela dit, reste \u00e0 savoir quelles promesses Merten a faites \u00e0 Joseph Lambert et consorts. En tout cas, pour plusieurs diplomates am\u00e9ricains, il s\u2019agit de \u00ab beaucoup de bruit pour rien \u00bb.<\/span><\/p>\n<hr \/>\n<p>cet article est publi\u00e9 par l&rsquo;hebdomadaire Ha\u00efti-Observateur, \u00e9dition du 05 d\u00e9cembre 2018 <strong>P.1, 7<\/strong>\u00a0et se trouve \u00e0 : <a href=\"http:\/\/haiti-observateur.ca\/wp-content\/uploads\/2018\/12\/H-O-5-decemb-2018.pdf\">http:\/\/haiti-observateur.ca\/wp-content\/uploads\/2018\/12\/H-O-5-decemb-2018.pdf<\/a><\/p>\n","protected":false},"excerpt":{"rendered":"<p>Br\u00e8ve Visite de Lambert \u00e0 Washington : Mission Aupr\u00e8s de Merten BEAUCOUP DE BRUIT POUR RIEN Par L\u00e9o Joseph Une semaine apr\u00e8s l\u2019intervention de l\u2019ambassadeur Kenneth Merten \u00e0 l\u2019\u00e9mission cr\u00e9ole de la Voix de l\u2019Am\u00e9rique pour d\u00e9clarer que la d\u00e9marche&#8230; <\/p>\n","protected":false},"author":1,"featured_media":2409,"comment_status":"closed","ping_status":"closed","sticky":false,"template":"","format":"standard","meta":{"footnotes":""},"categories":[25,54,30],"tags":[140,263,613,787,1088,1313,1368,1380,1409],"class_list":["post-2895","post","type-post","status-publish","format-standard","has-post-thumbnail","hentry","category-haiti","category-international","category-leo-joseph","tag-americain","tag-beauplan","tag-dameus","tag-edens-debas","tag-haiti-observateur","tag-kenneth-merten","tag-lambert","tag-latortue","tag-leo-joseph"],"_links":{"self":[{"href":"https:\/\/haiti-observateur.news\/index.php?rest_route=\/wp\/v2\/posts\/2895","targetHints":{"allow":["GET"]}}],"collection":[{"href":"https:\/\/haiti-observateur.news\/index.php?rest_route=\/wp\/v2\/posts"}],"about":[{"href":"https:\/\/haiti-observateur.news\/index.php?rest_route=\/wp\/v2\/types\/post"}],"author":[{"embeddable":true,"href":"https:\/\/haiti-observateur.news\/index.php?rest_route=\/wp\/v2\/users\/1"}],"replies":[{"embeddable":true,"href":"https:\/\/haiti-observateur.news\/index.php?rest_route=%2Fwp%2Fv2%2Fcomments&post=2895"}],"version-history":[{"count":0,"href":"https:\/\/haiti-observateur.news\/index.php?rest_route=\/wp\/v2\/posts\/2895\/revisions"}],"wp:featuredmedia":[{"embeddable":true,"href":"https:\/\/haiti-observateur.news\/index.php?rest_route=\/"}],"wp:attachment":[{"href":"https:\/\/haiti-observateur.news\/index.php?rest_route=%2Fwp%2Fv2%2Fmedia&parent=2895"}],"wp:term":[{"taxonomy":"category","embeddable":true,"href":"https:\/\/haiti-observateur.news\/index.php?rest_route=%2Fwp%2Fv2%2Fcategories&post=2895"},{"taxonomy":"post_tag","embeddable":true,"href":"https:\/\/haiti-observateur.news\/index.php?rest_route=%2Fwp%2Fv2%2Ftags&post=2895"}],"curies":[{"name":"wp","href":"https:\/\/api.w.org\/{rel}","templated":true}]}}