{"id":2812,"date":"2018-11-21T13:37:31","date_gmt":"2018-11-21T18:37:31","guid":{"rendered":"http:\/\/haiti-observateur.ca\/?p=2812"},"modified":"2018-11-21T13:37:31","modified_gmt":"2018-11-21T18:37:31","slug":"jamaique-apres-les-iles-fijii-un-second-adventiste-chef-detat","status":"publish","type":"post","link":"https:\/\/haiti-observateur.news\/?p=2812","title":{"rendered":"Jama\u00efque Apr\u00e8s les \u00celes Fijii Un Second Adventiste Chef d\u2019\u00c9tat"},"content":{"rendered":"<p style=\"text-align: left;\"><span style=\"color: #000000;\"><strong>DIPLOMATIE INTERNATIONALE &amp; SOCI\u00c9T\u00c9 <\/strong><em><a style=\"color: #000000;\" href=\"mailto:dan.albertini@reseauhem.ca\">par Dan Albertini<\/a><\/em><\/span><\/p>\n<ul>\n<li style=\"text-align: left;\"><span style=\"color: #000000;\"><strong>Jama\u00efque Apr\u00e8s les \u00celes Fijii Un Second Adventiste Chef d\u2019\u00c9tat<\/strong><\/span><\/li>\n<\/ul>\n<p style=\"text-align: left;\"><span style=\"color: #000000;\"><em>Entre (). Trump d\u00e9fait comme pr\u00e9sident, cela rapportera beaucoup plus en \u00e9conomie aux US, que rapporterait la fin de son mandat-2020. Si l\u2019Am\u00e9rique serait plus grande, ce n\u2019est pas une obligation ni un drame de voir partir le pr\u00e9sident vers ses terres. Fermons-les ().<\/em><\/span><span style=\"color: #000000;\"><em>\u00a0<\/em><\/span><\/p>\n<p style=\"text-align: left;\"><span style=\"color: #000000;\"><strong>Premier Ministre Andrew Holness<\/strong><\/span><\/p>\n<p style=\"text-align: left;\"><span style=\"color: #000000;\">Le temps bouscule d\u00e9sormais l\u2019adventiste qui pr\u00e9tend g\u00e9n\u00e9ralement s\u2019\u00e9loigner de politique du temporel en faveur de l\u2019intemporel, du spirituel \u00e0 proprement parler. Il lui faut d\u00e8s lors des actes au standard de fils de Dieu, mieux que le juif qui d\u2019apr\u00e8s l\u2019histoire, aurait <em>livr\u00e9<\/em> le Christ \u00e0 C\u00e9sar. Comment \u00eatre diff\u00e9rend si J\u00e9sus le dit, <em>un mal \u00e0 ton fr\u00e8re est un mal fait \u00e0 moi<\/em>, vice versa. Bravo, Holness doit composer de fait avec toutes les cultures, <em>m\u00eames pa\u00efennes<\/em> d\u2019apr\u00e8s le langage cl\u00e9rical de Silver Spring MD qui ne refl\u00e8te pas n\u00e9cessairement Berrien Springs MC aux US, ni Collonges S.S France. Holnness confirme-t-il Konrote aux yeux de Carson\u00a0?<\/span><\/p>\n<p style=\"text-align: left;\"><span style=\"color: #000000;\"><strong>(George) Joiji Konousi Konrote Pr\u00e9sident<\/strong><\/span><\/p>\n<p style=\"text-align: left;\"><span style=\"color: #000000;\">G\u00e9n\u00e9ral de division \u00e9lu pr\u00e9sident, il a re\u00e7u Joan Paulsen qui plaide pour la libert\u00e9 religieuse dans un pays multipolaire tel que cit\u00e9 en Holness. Pr\u00e9sident et g\u00e9n\u00e9ral de division, Konrote ne saura nier les intrants du pouvoir exerc\u00e9 dans le temporel avec le fusil \u00e0 l\u2019\u00e9paule comme aux \u00c9tats-Unis o\u00f9 les armes, la NRA, chantent de leur partition, \u00e0 l\u2019oreille du pouvoir, lequel g\u00e8re exclusivement le temporel. Rome aura-t-il \u00e9chou\u00e9 avec tant de scandales p\u00e9dophiles l\u00e0-bas ?<\/span><\/p>\n<p style=\"text-align: left;\"><span style=\"color: #000000;\">Cela fait d\u00e9j\u00e0 plus d\u2019un an, mais nous avons pr\u00e9f\u00e9r\u00e9 attendre le <em>momentum<\/em> afin de sortir l\u2019interrogation sur le profil de gouvernance adventiste de ces deux pays o\u00f9 la foi adventiste r\u00e9clamait le <a style=\"color: #000000;\" href=\"https:\/\/www.adventist.org\/fr\/service\/la-liberte-religieuse\/\">droit \u00e0 la libert\u00e9 religieuse<\/a>, dit-elle depuis 100 ans, par le PARL\/IRLA. Le temps de l\u2019\u00e9preuve est arriv\u00e9 si l\u2019on doit consid\u00e9rer les obligations arrach\u00e9es au Catholicisme de par la transparence que pr\u00f4nent les Nations Unies qui accueillent le PARL en son comit\u00e9 mondial. Le pr\u00e9sident Jimmy Carter aux USA a essuy\u00e9 dans le temps la critique de pasteur paysan, Dr. Ben Carson, adventiste de l\u2019administration Trump, aspirant malheureux s\u2019est fait silencieux.<\/span><\/p>\n<p style=\"text-align: left;\"><span style=\"color: #000000;\"><strong>Ha\u00efti<\/strong><\/span><\/p>\n<p style=\"text-align: left;\"><span style=\"color: #000000;\">Holness pr\u00e9sident rotatif de la CARICOM par la Jama\u00efque est-il per\u00e7u en \u00e9vad\u00e9 de la foi pour l\u2019adventiste ha\u00eftien qui repr\u00e9sente un % du monde adventiste qui ne peut r\u00e9futer la distinction en cr\u00e9ant un minist\u00e8re de la femme\u00a0tout en maugr\u00e9ant, il faudra y \u00e9laborer un jour.<\/span><\/p>\n<p style=\"text-align: left;\"><span style=\"color: #000000;\">Observons les statistiques qui proviennent directement de <a style=\"color: #000000;\" href=\"https:\/\/www.adventist.org\/fr\/informations\/statistiques\/article\/go\/-\/statistiques-de-leglise-adventiste-mondiale-2011\/\">l\u2019organisation mondiale<\/a> au 31 d\u00e9cembre 2011. 72 144 \u00e9glises ; 67 078 groupes\u00a0; 14 479 890 membres\u00a0; 17 530 pasteurs\u00a0; 232 168 employ\u00e9s\u00a0; 208 pays et r\u00e9gions sur 232\u00a0; 13 divisions\u00a0; 7883 \u00e9coles\u00a0; 1 750 651 inscrits\u00a0; 172 h\u00f4pitaux et cliniques\u00a0; 133 maisons de retraite\u00a0; 238 centre de soins et dispensaires, 36 orphelinats\u00a0; 10 centres m\u00e9dicaux par avion\u00a0; 14 m\u00e9dias\u00a0; 62 maisons d\u2019\u00e9dition et branches\u00a0; 2 267 603 977 $ de d\u00eemes\u00a0; 72 662 887 d\u2019offrandes\u00a0; 7 914 514 $ de collectes\u00a0; 120 pays\/r\u00e9gions de pr\u00e9sence ADRA\u00a0; 1 537 projets financ\u00e9s. Plus d\u2019un pays \u00e0 travers le monde n\u2019a pas ce budget de fonctionnement, particuli\u00e8rement Ha\u00efti qui accueille avec sa diaspora, un nombre important d\u2019adventistes \u00e0 travers le monde. <em>Il y a l\u00e0 un portrait.<\/em><\/span><\/p>\n<p style=\"text-align: left;\"><span style=\"color: #000000;\">Holness et Konrote vont-ils alors interdire chez eux ce pros\u00e9lytisme qui dans chaque \u00e9glise, \u00e0 chaque culte et r\u00e9union de pri\u00e8re, fustige le catholique, l\u2019islamiste, le TJ, quand l\u2019organisation dit ceci\u00a0: \u00ab <em><a style=\"color: #000000;\" href=\"https:\/\/www.adventist.org\/fr\/service\/la-liberte-religieuse\/\">L&rsquo;\u00c9glise adventiste croit fermement que la lutte contre l&rsquo;oppression religieuse et la d\u00e9fense des droits des individus \u00e0 adorer selon leur conscience &#8211; ind\u00e9pendamment de l&rsquo;appartenance religieuse personnelle &#8211; est dans le meilleur int\u00e9r\u00eat de tous<\/a><\/em> \u00bb, mais pratique au contraire le culte de l\u2019intol\u00e9rance des autres \u00e0 la place des d\u00e9lices de sa maison\u00a0? <em>Un dossier<\/em>\u2026\u00a0<\/span><\/p>\n<hr \/>\n<p style=\"text-align: left;\"><span style=\"color: #000000;\">cet article est publi\u00e9 par l&rsquo;hebdomadaire Haiti-Observateur \u00e9dition du 21 novembre 2019, <strong>P.14<\/strong> \u00e0 :\u00a0http:\/\/haiti-observateur.ca\/wp-content\/uploads\/2018\/11\/H-O-21-november-2018.pdf<\/span><\/p>\n","protected":false},"excerpt":{"rendered":"<p>DIPLOMATIE INTERNATIONALE &amp; SOCI\u00c9T\u00c9 par Dan Albertini Jama\u00efque Apr\u00e8s les \u00celes Fijii Un Second Adventiste Chef d\u2019\u00c9tat Entre (). Trump d\u00e9fait comme pr\u00e9sident, cela rapportera beaucoup plus en \u00e9conomie aux US, que rapporterait la fin de son mandat-2020. Si l\u2019Am\u00e9rique&#8230; <\/p>\n","protected":false},"author":3,"featured_media":2783,"comment_status":"closed","ping_status":"closed","sticky":false,"template":"","format":"standard","meta":{"footnotes":""},"categories":[16,54,47],"tags":[92,418,711,1031,1131,1336,1720,1794,1820,1982,2281,2318],"class_list":["post-2812","post","type-post","status-publish","format-standard","has-post-thumbnail","hentry","category-diplomatieinternationale","category-international","category-societe","tag-adventiste","tag-caricom","tag-diplomatie","tag-gouvernement","tag-holness","tag-konrote","tag-nra","tag-parl","tag-paulsen-catholique","tag-proselytisme","tag-tolerance-religieuse","tag-trump"],"_links":{"self":[{"href":"https:\/\/haiti-observateur.news\/index.php?rest_route=\/wp\/v2\/posts\/2812","targetHints":{"allow":["GET"]}}],"collection":[{"href":"https:\/\/haiti-observateur.news\/index.php?rest_route=\/wp\/v2\/posts"}],"about":[{"href":"https:\/\/haiti-observateur.news\/index.php?rest_route=\/wp\/v2\/types\/post"}],"author":[{"embeddable":true,"href":"https:\/\/haiti-observateur.news\/index.php?rest_route=\/wp\/v2\/users\/3"}],"replies":[{"embeddable":true,"href":"https:\/\/haiti-observateur.news\/index.php?rest_route=%2Fwp%2Fv2%2Fcomments&post=2812"}],"version-history":[{"count":0,"href":"https:\/\/haiti-observateur.news\/index.php?rest_route=\/wp\/v2\/posts\/2812\/revisions"}],"wp:featuredmedia":[{"embeddable":true,"href":"https:\/\/haiti-observateur.news\/index.php?rest_route=\/"}],"wp:attachment":[{"href":"https:\/\/haiti-observateur.news\/index.php?rest_route=%2Fwp%2Fv2%2Fmedia&parent=2812"}],"wp:term":[{"taxonomy":"category","embeddable":true,"href":"https:\/\/haiti-observateur.news\/index.php?rest_route=%2Fwp%2Fv2%2Fcategories&post=2812"},{"taxonomy":"post_tag","embeddable":true,"href":"https:\/\/haiti-observateur.news\/index.php?rest_route=%2Fwp%2Fv2%2Ftags&post=2812"}],"curies":[{"name":"wp","href":"https:\/\/api.w.org\/{rel}","templated":true}]}}